{"id":137318,"date":"2026-08-26T12:40:00","date_gmt":"2026-08-26T15:40:00","guid":{"rendered":"https:\/\/bluestudio.estadao.com.br\/agencia-de-comunicacao\/knewin-dino\/patrus-transportes-participa-da-logistica-do-futuro-2026\/"},"modified":"2026-08-26T12:40:00","modified_gmt":"2026-08-26T15:40:00","slug":"patrus-transportes-participa-da-logistica-do-futuro-2026","status":"publish","type":"post","link":"https:\/\/bluestudio.estadao.com.br\/agencia-de-comunicacao\/knewin-dino\/patrus-transportes-participa-da-logistica-do-futuro-2026\/","title":{"rendered":"Patrus Transportes participa da Log\u00edstica do Futuro 2026"},"content":{"rendered":"<p>A Patrus Transportes participar\u00e1 da Log\u00edstica do Futuro 2026, evento organizado pela nstech e programado para os dias 9 e 10 de setembro no Transam\u00e9rica Expo Center, em S\u00e3o Paulo. A iniciativa re\u00fane l\u00edderes da cadeia log\u00edstica, fornecedores de tecnologia e representantes de empresas com o objetivo de analisar as principais transforma\u00e7\u00f5es do setor.<\/p>\n<p>A programa\u00e7\u00e3o prev\u00ea a presen\u00e7a de mais de 6 mil profissionais, 150 palestrantes e 120 expositores. Os temas abordados incluem intelig\u00eancia artificial, automa\u00e7\u00e3o, digitaliza\u00e7\u00e3o de processos, uso estrat\u00e9gico de dados, reforma tribut\u00e1ria, ESG e solu\u00e7\u00f5es voltadas \u00e0 efici\u00eancia e competitividade.<\/p>\n<p>Para a Patrus Transportes, a participa\u00e7\u00e3o tem como finalidade fortalecer rela\u00e7\u00f5es estrat\u00e9gicas com fornecedores, parceiros e especialistas, bem como ampliar o acesso a conhecimentos e tecnologias que possam ser incorporados \u00e0s suas opera\u00e7\u00f5es. A empresa tem intensificado investimentos em tecnologia, automa\u00e7\u00e3o e solu\u00e7\u00f5es inteligentes, buscando melhorar a efici\u00eancia e a seguran\u00e7a de seus servi\u00e7os.<\/p>\n<p>Marcelo Patrus, CEO da Patrus Transportes, destacou a import\u00e2ncia de eventos desse tipo para empresas que desejam acompanhar as mudan\u00e7as do mercado. \u201cParticipar de encontros como este permite acompanhar as evolu\u00e7\u00f5es tecnol\u00f3gicas e de processos que impactam a log\u00edstica. Nosso objetivo \u00e9 integrar essas inova\u00e7\u00f5es ao modelo de neg\u00f3cios, visando maior efici\u00eancia e seguran\u00e7a para nossos clientes\u201d, afirmou.<\/p>\n<p>A Log\u00edstica do Futuro oferece, al\u00e9m de plen\u00e1rias, \u00e1reas de neg\u00f3cios, espa\u00e7os de networking, rodadas de relacionamento e salas de mentoria, proporcionando um ambiente de troca de experi\u00eancias e identifica\u00e7\u00e3o de oportunidades de parceria. A presen\u00e7a da Patrus Transportes no evento est\u00e1 alinhada \u00e0 sua estrat\u00e9gia de inova\u00e7\u00e3o e \u00e0 busca por solu\u00e7\u00f5es que contribuam para a competitividade da cadeia log\u00edstica nacional.<\/p>\n<p>Website: <a href=\"https:\/\/www.patrus.com.br\" target=\"_blank\">https:\/\/www.patrus.com.br<\/a><\/p>\n<p>Foto: Divulga\u00e7\u00e3o Patrus Transportes<\/p>\n<p>A <b>OESP<\/b> n\u00e3o \u00e9(s\u00e3o) respons\u00e1vel(is) por erros, incorre\u00e7\u00f5es, atrasos ou quaisquer decis\u00f5es tomadas por seus clientes com base nos Conte\u00fados ora disponibilizados, bem como tais Conte\u00fados n\u00e3o representam a opini\u00e3o da <b>OESP<\/b> e s\u00e3o de inteira responsabilidade da <b>Knewin Dino<\/b><\/p>\n","protected":false},"excerpt":{"rendered":"A Patrus Transportes participar\u00e1 da Log\u00edstica do Futuro 2026, evento organizado pela nstech e programado para os dias 9 e 10 de setembro no Transam\u00e9rica Expo Center, em S\u00e3o Paulo. A iniciativa","protected":false},"author":1,"featured_media":137319,"comment_status":"open","ping_status":"closed","sticky":false,"template":"","format":"standard","meta":{"_acf_changed":false,"inline_featured_image":false,"_monsterinsights_skip_tracking":false,"_monsterinsights_sitenote_active":false,"_monsterinsights_sitenote_note":"","_monsterinsights_sitenote_category":0,"footnotes":""},"categories":[11470],"tags":[101,12391,12407,300,47],"class_list":["post-137318","post","type-post","status-publish","format-standard","has-post-thumbnail","hentry","category-knewin-dino","tag-economia","tag-empreendedorismo","tag-industrias","tag-negocios","tag-tecnologia"],"acf":[],"_links":{"self":[{"href":"https:\/\/bluestudio.estadao.com.br\/agencia-de-comunicacao\/wp-json\/wp\/v2\/posts\/137318","targetHints":{"allow":["GET"]}}],"collection":[{"href":"https:\/\/bluestudio.estadao.com.br\/agencia-de-comunicacao\/wp-json\/wp\/v2\/posts"}],"about":[{"href":"https:\/\/bluestudio.estadao.com.br\/agencia-de-comunicacao\/wp-json\/wp\/v2\/types\/post"}],"author":[{"embeddable":true,"href":"https:\/\/bluestudio.estadao.com.br\/agencia-de-comunicacao\/wp-json\/wp\/v2\/users\/1"}],"replies":[{"embeddable":true,"href":"https:\/\/bluestudio.estadao.com.br\/agencia-de-comunicacao\/wp-json\/wp\/v2\/comments?post=137318"}],"version-history":[{"count":0,"href":"https:\/\/bluestudio.estadao.com.br\/agencia-de-comunicacao\/wp-json\/wp\/v2\/posts\/137318\/revisions"}],"wp:featuredmedia":[{"embeddable":true,"href":"https:\/\/bluestudio.estadao.com.br\/agencia-de-comunicacao\/wp-json\/wp\/v2\/media\/137319"}],"wp:attachment":[{"href":"https:\/\/bluestudio.estadao.com.br\/agencia-de-comunicacao\/wp-json\/wp\/v2\/media?parent=137318"}],"wp:term":[{"taxonomy":"category","embeddable":true,"href":"https:\/\/bluestudio.estadao.com.br\/agencia-de-comunicacao\/wp-json\/wp\/v2\/categories?post=137318"},{"taxonomy":"post_tag","embeddable":true,"href":"https:\/\/bluestudio.estadao.com.br\/agencia-de-comunicacao\/wp-json\/wp\/v2\/tags?post=137318"}],"curies":[{"name":"wp","href":"https:\/\/api.w.org\/{rel}","templated":true}]}}