{"id":137314,"date":"2026-08-26T14:17:00","date_gmt":"2026-08-26T17:17:00","guid":{"rendered":"https:\/\/bluestudio.estadao.com.br\/agencia-de-comunicacao\/knewin-dino\/planejamento-reduz-custos-em-viagens-corporativas\/"},"modified":"2026-08-26T14:17:00","modified_gmt":"2026-08-26T17:17:00","slug":"planejamento-reduz-custos-em-viagens-corporativas","status":"publish","type":"post","link":"https:\/\/bluestudio.estadao.com.br\/agencia-de-comunicacao\/knewin-dino\/planejamento-reduz-custos-em-viagens-corporativas\/","title":{"rendered":"Planejamento reduz custos em viagens corporativas"},"content":{"rendered":"<p>As compras de passagens a\u00e9reas realizadas de \u00faltima hora continuam entre os principais fatores de press\u00e3o sobre o or\u00e7amento das empresas que investem em viagens corporativas. A alta das tarifas refor\u00e7a a import\u00e2ncia do planejamento para reduzir custos. Dados da <a href=\"https:\/\/www.gov.br\/anac\/pt-br\/noticias\/2026\/anac-publica-dados-tarifarios-do-mes-de-junho\" target=\"_blank\">Ag\u00eancia Nacional de Avia\u00e7\u00e3o Civil (ANAC)<\/a> mostram que a tarifa a\u00e9rea real m\u00e9dia registrou aumento de 0,3% em junho de 2026, na compara\u00e7\u00e3o com maio, e de 3,1% em rela\u00e7\u00e3o ao mesmo per\u00edodo de 2025, considerando valores corrigidos pelo IPCA. Embora os pre\u00e7os variem de acordo com fatores como anteced\u00eancia da compra, demanda e disponibilidade de assentos, a aquisi\u00e7\u00e3o antecipada segue entre as principais estrat\u00e9gias para minimizar o impacto das oscila\u00e7\u00f5es tarif\u00e1rias.\u00a0<\/p>\n<p>O cen\u00e1rio ocorre em um momento de expans\u00e3o do turismo corporativo brasileiro. De acordo com o <a href=\"https:\/\/alagev.org\/wp-content\/uploads\/2026\/07\/LVC-ABRIL-2026.pdf\" target=\"_blank\">Levantamento de Viagens Corporativas (LVC)<\/a>, realizado pela FecomercioSP em parceria com a Associa\u00e7\u00e3o Latino-Americana de Gest\u00e3o de Eventos e Viagens Corporativas (ALAGEV), os gastos das empresas com servi\u00e7os de turismo corporativo bateram o recorde no m\u00eas de abril. O estudo mostra que os n\u00fameros atingiram R$ 18 bilh\u00f5es, um crescimento de 4,6% em rela\u00e7\u00e3o ao mesmo per\u00edodo do ano anterior.\u00a0<\/p>\n<p>O resultado reflete a intensifica\u00e7\u00e3o dos investimentos em viagens corporativas. Elas funcionam como uma estrat\u00e9gia para ampliar oportunidades de neg\u00f3cios, fortalecer o relacionamento com clientes e parceiros, expandir mercados e contribuir para o desempenho financeiro das organiza\u00e7\u00f5es.\u00a0<\/p>\n<p>O planejamento antecipado, aliado a pol\u00edticas de viagens bem definidas, permite reduzir o impacto das oscila\u00e7\u00f5es tarif\u00e1rias e aumentar a efici\u00eancia da gest\u00e3o. \u201cMais do que buscar uma economia pontual, as empresas t\u00eam obtido melhores resultados quando estruturam uma pol\u00edtica de viagens alinhada aos seus objetivos de neg\u00f3cio\u201d, afirma Carlos Eduardo Pereira, diretor executivo da Bancorbr\u00e1s Corporativo. \u201cUma consultoria especializada permite identificar oportunidades de otimiza\u00e7\u00e3o de custos, planejar deslocamentos com maior anteced\u00eancia e oferecer aos colaboradores op\u00e7\u00f5es de hospedagem e transporte que conciliem efici\u00eancia operacional, conforto e bem-estar\u201d.<\/p>\n<p>\u00c0 medida que o turismo corporativo mant\u00e9m sua trajet\u00f3ria de crescimento, o planejamento tende a assumir papel cada vez mais estrat\u00e9gico na administra\u00e7\u00e3o das viagens empresariais. Nesse contexto, a Bancorbr\u00e1s Corporativo \u00e9 uma refer\u00eancia em gest\u00e3o e planejamento de viagens e economia. A empresa possui parcerias com companhias a\u00e9reas, hot\u00e9is, locadoras de ve\u00edculos e empresas de receptivo, ampliando as op\u00e7\u00f5es dispon\u00edveis para atender \u00e0s necessidades de cada cliente.\u00a0<\/p>\n<p>Al\u00e9m da gest\u00e3o de viagens corporativas, a empresa tamb\u00e9m atende \u00e0s diferentes demandas de eventos e encontros empresariais. Entre as solu\u00e7\u00f5es oferecidas est\u00e3o a loca\u00e7\u00e3o de salas e espa\u00e7os, o coffee break personalizado, o transfer executivo, a hospedagem para convidados e o suporte completo de uma equipe especializada, que acompanha todas as etapas do processo, do planejamento \u00e0 execu\u00e7\u00e3o. \u201cNosso compromisso \u00e9 oferecer uma consultoria diferenciada, alinhada \u00e0s necessidades de cada cliente. Buscamos proporcionar conforto, praticidade e bem-estar aos colaboradores, por meio de um atendimento cont\u00ednuo, garantindo uma experi\u00eancia segura e eficiente em todas as etapas da viagem\u201d, finaliza.<\/p>\n<p>Foto: John McArthur<\/p>\n<p>A <b>OESP<\/b> n\u00e3o \u00e9(s\u00e3o) respons\u00e1vel(is) por erros, incorre\u00e7\u00f5es, atrasos ou quaisquer decis\u00f5es tomadas por seus clientes com base nos Conte\u00fados ora disponibilizados, bem como tais Conte\u00fados n\u00e3o representam a opini\u00e3o da <b>OESP<\/b> e s\u00e3o de inteira responsabilidade da <b>Knewin Dino<\/b><\/p>\n","protected":false},"excerpt":{"rendered":"As compras de passagens a\u00e9reas realizadas de \u00faltima hora continuam entre os principais fatores de press\u00e3o sobre o or\u00e7amento das empresas que investem em viagens corporativas. A alta das tarifas","protected":false},"author":1,"featured_media":137315,"comment_status":"open","ping_status":"closed","sticky":false,"template":"","format":"standard","meta":{"_acf_changed":false,"inline_featured_image":false,"_monsterinsights_skip_tracking":false,"_monsterinsights_sitenote_active":false,"_monsterinsights_sitenote_note":"","_monsterinsights_sitenote_category":0,"footnotes":""},"categories":[11470],"tags":[101,54,300,12395,12393],"class_list":["post-137314","post","type-post","status-publish","format-standard","has-post-thumbnail","hentry","category-knewin-dino","tag-economia","tag-mobilidade","tag-negocios","tag-sociedade","tag-turismo-e-viagem"],"acf":[],"_links":{"self":[{"href":"https:\/\/bluestudio.estadao.com.br\/agencia-de-comunicacao\/wp-json\/wp\/v2\/posts\/137314","targetHints":{"allow":["GET"]}}],"collection":[{"href":"https:\/\/bluestudio.estadao.com.br\/agencia-de-comunicacao\/wp-json\/wp\/v2\/posts"}],"about":[{"href":"https:\/\/bluestudio.estadao.com.br\/agencia-de-comunicacao\/wp-json\/wp\/v2\/types\/post"}],"author":[{"embeddable":true,"href":"https:\/\/bluestudio.estadao.com.br\/agencia-de-comunicacao\/wp-json\/wp\/v2\/users\/1"}],"replies":[{"embeddable":true,"href":"https:\/\/bluestudio.estadao.com.br\/agencia-de-comunicacao\/wp-json\/wp\/v2\/comments?post=137314"}],"version-history":[{"count":0,"href":"https:\/\/bluestudio.estadao.com.br\/agencia-de-comunicacao\/wp-json\/wp\/v2\/posts\/137314\/revisions"}],"wp:featuredmedia":[{"embeddable":true,"href":"https:\/\/bluestudio.estadao.com.br\/agencia-de-comunicacao\/wp-json\/wp\/v2\/media\/137315"}],"wp:attachment":[{"href":"https:\/\/bluestudio.estadao.com.br\/agencia-de-comunicacao\/wp-json\/wp\/v2\/media?parent=137314"}],"wp:term":[{"taxonomy":"category","embeddable":true,"href":"https:\/\/bluestudio.estadao.com.br\/agencia-de-comunicacao\/wp-json\/wp\/v2\/categories?post=137314"},{"taxonomy":"post_tag","embeddable":true,"href":"https:\/\/bluestudio.estadao.com.br\/agencia-de-comunicacao\/wp-json\/wp\/v2\/tags?post=137314"}],"curies":[{"name":"wp","href":"https:\/\/api.w.org\/{rel}","templated":true}]}}