{"id":137312,"date":"2026-08-26T14:18:00","date_gmt":"2026-08-26T17:18:00","guid":{"rendered":"https:\/\/bluestudio.estadao.com.br\/agencia-de-comunicacao\/knewin-dino\/feminizacao-facial-oferece-resultados-personalizados\/"},"modified":"2026-08-26T14:18:00","modified_gmt":"2026-08-26T17:18:00","slug":"feminizacao-facial-oferece-resultados-personalizados","status":"publish","type":"post","link":"https:\/\/bluestudio.estadao.com.br\/agencia-de-comunicacao\/knewin-dino\/feminizacao-facial-oferece-resultados-personalizados\/","title":{"rendered":"Feminiza\u00e7\u00e3o facial oferece resultados personalizados"},"content":{"rendered":"<p>A cirurgia de feminiza\u00e7\u00e3o facial, conhecida pela sigla FFS (do ingl\u00eas facial feminization surgery), re\u00fane procedimentos que harmonizam os tra\u00e7os do rosto com caracter\u00edsticas femininas. Nos \u00faltimos anos, a busca por essas interven\u00e7\u00f5es tem crescido de forma significativa no Brasil, acompanhando uma maior visibilidade das pautas relacionadas \u00e0 identidade de g\u00eanero e ao bem-estar psicol\u00f3gico. Especialistas destacam que, mais do que uma quest\u00e3o est\u00e9tica, a feminiza\u00e7\u00e3o facial est\u00e1 diretamente ligada \u00e0 qualidade de vida, autoestima e reconhecimento social das pacientes.<\/p>\n<p>Esse movimento tamb\u00e9m reflete avan\u00e7os na abordagem m\u00e9dica, que hoje prioriza protocolos individualizados e uma vis\u00e3o multidisciplinar do cuidado. De acordo com o otorrinolaringologista e cirurgi\u00e3o pl\u00e1stico facial Marco Aur\u00e9lio Linhares, o planejamento cir\u00fargico considera n\u00e3o apenas aspectos anat\u00f4micos, mas tamb\u00e9m as expectativas e viv\u00eancias de cada paciente, promovendo resultados mais naturais e alinhados \u00e0 identidade de g\u00eanero.<\/p>\n<p>Nesse contexto, o m\u00e9dico refor\u00e7a que a atua\u00e7\u00e3o de profissionais experientes e o uso de t\u00e9cnicas modernas t\u00eam contribu\u00eddo para tornar o procedimento cada vez mais seguro e preciso.<\/p>\n<p><b>Procedimentos que comp\u00f5em o tratamento<\/b><\/p>\n<p>Cada rosto apresenta propor\u00e7\u00f5es pr\u00f3prias, e n\u00e3o existe um protocolo \u00fanico aplicado a todas as pacientes. O planejamento parte de uma an\u00e1lise da estrutura \u00f3ssea, dos tecidos moles e das propor\u00e7\u00f5es faciais, e pode combinar diferentes t\u00e9cnicas em um \u00fanico tempo cir\u00fargico ou em etapas sequenciais.<\/p>\n<p>Entre as abordagens mais comuns est\u00e3o a frontoplastia \u00f3ssea, que corrige as entradas capilares, remodela a testa, o rebordo supraorbital, o reposicionamento das sobrancelhas, a rinoplastia de feminiza\u00e7\u00e3o, a mentoplastia (ou pr\u00f3tese de mento), a redu\u00e7\u00e3o do pomo de Ad\u00e3o (condrolaringoplastia) e a glotoplastia de Wendler, voltada \u00e0 feminiza\u00e7\u00e3o da voz.<\/p>\n<p>Segundo Marco Aur\u00e9lio Linhares, o objetivo do tratamento vai al\u00e9m da apar\u00eancia. \u201cA feminiza\u00e7\u00e3o facial n\u00e3o \u00e9 sobre seguir um padr\u00e3o de beleza. \u00c9 sobre remover uma barreira entre a identidade da pessoa e a forma como ela se apresenta ao mundo\u201d, afirma o cirurgi\u00e3o. Ele acrescenta que cada atendimento come\u00e7a antes do planejamento cir\u00fargico, com escuta e respeito \u00e0 hist\u00f3ria de cada paciente.<\/p>\n<p><b>Impacto na qualidade de vida<\/b><\/p>\n<p>Al\u00e9m da dimens\u00e3o est\u00e9tica, a literatura m\u00e9dica associa a feminiza\u00e7\u00e3o facial a ganhos psicossociais. Estudos reunidos pela <a href=\"https:\/\/pmc.ncbi.nlm.nih.gov\/articles\/PMC10624460\/\" target=\"_blank\">Biblioteca Nacional de Medicina dos Estados Unidos<\/a> indicam que pacientes submetidas ao procedimento relatam maior percep\u00e7\u00e3o de feminilidade e queda nos \u00edndices de ansiedade, depress\u00e3o e isolamento social.<\/p>\n<p>Os mesmos levantamentos apontam menos limita\u00e7\u00f5es em atividades sociais e profissionais depois da cirurgia. Ainda assim, os autores observam que faltam instrumentos padronizados para medir esses desfechos de forma consistente entre diferentes servi\u00e7os.<\/p>\n<p>A naturalidade do resultado costuma ser a principal preocupa\u00e7\u00e3o de quem procura a interven\u00e7\u00e3o. \u201cA abordagem prioriza resultados efetivos, duradouros e que se integram \u00e0 identidade da paciente, n\u00e3o tra\u00e7os que denunciam uma cirurgia\u201d, explica Marco Aur\u00e9lio Linhares. Para o especialista, o planejamento tridimensional e a experi\u00eancia em cirurgia estrutural s\u00e3o o que separam um efeito natural de um artificial.<\/p>\n<p><b>Recupera\u00e7\u00e3o e acompanhamento<\/b><\/p>\n<p>O tempo de recupera\u00e7\u00e3o varia conforme os procedimentos realizados. De modo geral, o retorno \u00e0s atividades sociais ocorre entre dez e 21 dias, enquanto o resultado final, com a resolu\u00e7\u00e3o completa do edema, costuma ser avaliado entre seis e 12 meses ap\u00f3s a cirurgia.<\/p>\n<p>As interven\u00e7\u00f5es podem ser feitas sob anestesia local com seda\u00e7\u00e3o ou anestesia geral, conforme o protocolo de cada caso, e a combina\u00e7\u00e3o de t\u00e9cnicas em uma s\u00f3 cirurgia permite trabalhar a harmonia do conjunto facial com um \u00fanico per\u00edodo de recupera\u00e7\u00e3o. Pacientes de outras cidades recebem orienta\u00e7\u00e3o sobre o tempo m\u00ednimo de perman\u00eancia no local.<\/p>\n<p>A feminiza\u00e7\u00e3o facial exige dom\u00ednio simult\u00e2neo da estrutura \u00f3ssea, dos tecidos moles e da harmonia est\u00e9tica, compet\u00eancias constru\u00eddas ao longo de d\u00e9cadas de pr\u00e1tica cl\u00ednica e cir\u00fargica.<\/p>\n<p><b>Sobre o Dr. Marco Aur\u00e9lio Linhares<\/b><\/p>\n<p>Com atua\u00e7\u00e3o h\u00e1 mais de 25 anos em Governador Valadares (MG) e habilita\u00e7\u00e3o tamb\u00e9m no Esp\u00edrito Santo, Marco Aur\u00e9lio Linhares \u00e9 membro internacional da American Academy of Facial Plastic and Reconstructive Surgery (AAFPRS) e integra associa\u00e7\u00f5es brasileiras de cirurgia pl\u00e1stica facial, rinologia e otorrinolaringologia. O atendimento inicial pode ocorrer de forma presencial ou por teleconsulta, com envio pr\u00e9vio de imagens para o planejamento.<\/p>\n<p>Para mais informa\u00e7\u00f5es, basta acessar o Instagram @cirurgiadefeminiza\u00e7\u00e3ofacial, @drmarcoaureliolinhares ou pelo site <a href=\"https:\/\/www.drmarcoaureliolinhares.com.br\/\" target=\"_blank\">https:\/\/www.drmarcoaureliolinhares.com.br\/<\/a><\/p>\n<p>Website: <a href=\"https:\/\/www.drmarcoaureliolinhares.com.br\/\" target=\"_blank\">https:\/\/www.drmarcoaureliolinhares.com.br\/<\/a><\/p>\n<p>Foto: Divulga\u00e7\u00e3o Dr. Marco Aur\u00e9lio Linhares<\/p>\n<p>A <b>OESP<\/b> n\u00e3o \u00e9(s\u00e3o) respons\u00e1vel(is) por erros, incorre\u00e7\u00f5es, atrasos ou quaisquer decis\u00f5es tomadas por seus clientes com base nos Conte\u00fados ora disponibilizados, bem como tais Conte\u00fados n\u00e3o representam a opini\u00e3o da <b>OESP<\/b> e s\u00e3o de inteira responsabilidade da <b>Knewin Dino<\/b><\/p>\n","protected":false},"excerpt":{"rendered":"A cirurgia de feminiza\u00e7\u00e3o facial, conhecida pela sigla FFS (do ingl\u00eas facial feminization surgery), re\u00fane procedimentos que harmonizam os tra\u00e7os do rosto com caracter\u00edsticas femininas. Nos","protected":false},"author":1,"featured_media":137313,"comment_status":"open","ping_status":"closed","sticky":false,"template":"","format":"standard","meta":{"_acf_changed":false,"inline_featured_image":false,"_monsterinsights_skip_tracking":false,"_monsterinsights_sitenote_active":false,"_monsterinsights_sitenote_note":"","_monsterinsights_sitenote_category":0,"footnotes":""},"categories":[11470],"tags":[12397,300,12398,12395],"class_list":["post-137312","post","type-post","status-publish","format-standard","has-post-thumbnail","hentry","category-knewin-dino","tag-ciencia","tag-negocios","tag-saude-e-bem-estar","tag-sociedade"],"acf":[],"_links":{"self":[{"href":"https:\/\/bluestudio.estadao.com.br\/agencia-de-comunicacao\/wp-json\/wp\/v2\/posts\/137312","targetHints":{"allow":["GET"]}}],"collection":[{"href":"https:\/\/bluestudio.estadao.com.br\/agencia-de-comunicacao\/wp-json\/wp\/v2\/posts"}],"about":[{"href":"https:\/\/bluestudio.estadao.com.br\/agencia-de-comunicacao\/wp-json\/wp\/v2\/types\/post"}],"author":[{"embeddable":true,"href":"https:\/\/bluestudio.estadao.com.br\/agencia-de-comunicacao\/wp-json\/wp\/v2\/users\/1"}],"replies":[{"embeddable":true,"href":"https:\/\/bluestudio.estadao.com.br\/agencia-de-comunicacao\/wp-json\/wp\/v2\/comments?post=137312"}],"version-history":[{"count":0,"href":"https:\/\/bluestudio.estadao.com.br\/agencia-de-comunicacao\/wp-json\/wp\/v2\/posts\/137312\/revisions"}],"wp:featuredmedia":[{"embeddable":true,"href":"https:\/\/bluestudio.estadao.com.br\/agencia-de-comunicacao\/wp-json\/wp\/v2\/media\/137313"}],"wp:attachment":[{"href":"https:\/\/bluestudio.estadao.com.br\/agencia-de-comunicacao\/wp-json\/wp\/v2\/media?parent=137312"}],"wp:term":[{"taxonomy":"category","embeddable":true,"href":"https:\/\/bluestudio.estadao.com.br\/agencia-de-comunicacao\/wp-json\/wp\/v2\/categories?post=137312"},{"taxonomy":"post_tag","embeddable":true,"href":"https:\/\/bluestudio.estadao.com.br\/agencia-de-comunicacao\/wp-json\/wp\/v2\/tags?post=137312"}],"curies":[{"name":"wp","href":"https:\/\/api.w.org\/{rel}","templated":true}]}}