{"id":137310,"date":"2026-08-26T14:25:00","date_gmt":"2026-08-26T17:25:00","guid":{"rendered":"https:\/\/bluestudio.estadao.com.br\/agencia-de-comunicacao\/knewin-dino\/tiktok-investe-r-200-bi-no-ceara-e-aquece-imoveis\/"},"modified":"2026-08-26T14:25:00","modified_gmt":"2026-08-26T17:25:00","slug":"tiktok-investe-r-200-bi-no-ceara-e-aquece-imoveis","status":"publish","type":"post","link":"https:\/\/bluestudio.estadao.com.br\/agencia-de-comunicacao\/knewin-dino\/tiktok-investe-r-200-bi-no-ceara-e-aquece-imoveis\/","title":{"rendered":"TikTok investe R$ 200 bi no Cear\u00e1 e aquece im\u00f3veis"},"content":{"rendered":"<p>O Cear\u00e1 receber\u00e1 o maior investimento em infraestrutura tecnol\u00f3gica da ByteDance fora da China. O primeiro data center do TikTok na Am\u00e9rica Latina ser\u00e1 instalado no Complexo Industrial e Portu\u00e1rio do Pec\u00e9m e ter\u00e1 aporte total estimado em mais de R$ 200 bilh\u00f5es. Com investimento inicial de R$ 50 bilh\u00f5es, as obras come\u00e7aram em janeiro de 2026 e o in\u00edcio da opera\u00e7\u00e3o est\u00e1 previsto para o terceiro trimestre de 2027. Com mais de 4 mil postos de trabalho previstos na primeira fase, o projeto deve movimentar a economia regional, atrair profissionais de diferentes \u00e1reas, al\u00e9m de aquecer o mercado de loca\u00e7\u00e3o na Regi\u00e3o Metropolitana de Fortaleza e atrair investidores na aquisi\u00e7\u00e3o de \u00e1reas apropriadas para data centers.<\/p>\n<p>O projeto ser\u00e1 implantado pela ByteDance em parceria com a Omnia, plataforma de data centers do P\u00e1tria Investimentos, e com a Casa dos Ventos. O Cear\u00e1 foi escolhido pela estrutura do Complexo do Pec\u00e9m, pela disponibilidade de energia renov\u00e1vel e pela conex\u00e3o estrat\u00e9gica com cabos submarinos internacionais. Na primeira etapa, o data center ter\u00e1 capacidade el\u00e9trica de 300 megawatts.<\/p>\n<p>Para Renato Monteiro, CEO da <a href=\"https:\/\/sortinvestimentos.com.br\/\" target=\"_blank\">Sort Investimentos<\/a>, empresa especializada em gest\u00e3o de investimentos imobili\u00e1rios no Brasil, o impacto sobre a loca\u00e7\u00e3o deve come\u00e7ar ainda durante as obras. \u201cUm projeto desse porte atrai engenheiros, t\u00e9cnicos, fornecedores, executivos e trabalhadores de diferentes regi\u00f5es. Parte desse p\u00fablico permanecer\u00e1 no Cear\u00e1 por meses ou anos, o que deve aumentar a procura por apartamentos compactos, im\u00f3veis mobiliados e unidades pr\u00f3ximas aos principais acessos ao Pec\u00e9m\u201d, afirma.<\/p>\n<p>Caucaia e S\u00e3o Gon\u00e7alo do Amarante devem concentrar a demanda em raz\u00e3o da proximidade com o empreendimento, enquanto Fortaleza tende a atrair profissionais que buscam maior oferta de servi\u00e7os, escolas, hospitais e lazer.<\/p>\n<p>\u201cFortaleza j\u00e1 faz parte de uma base aquecida. O \u00faltimo \u00cdndice de Demanda Imobili\u00e1ria do Brasil (IDI) colocou a capital na lideran\u00e7a nacional da procura por im\u00f3veis do padr\u00e3o econ\u00f4mico. Al\u00e9m disso, a for\u00e7a do turismo j\u00e1 mant\u00e9m uma demanda relevante ao longo do ano. O data center acrescenta um novo vetor a esse mercado, com uma procura de perfil corporativo e menos sujeita \u00e0 sazonalidade. A tend\u00eancia \u00e9 de maior ocupa\u00e7\u00e3o dos im\u00f3veis para loca\u00e7\u00e3o e de novas oportunidades para investidores tanto na capital quanto nos munic\u00edpios pr\u00f3ximos ao Pec\u00e9m\u201d, afirma Monteiro.<\/p>\n<p>Website: <a href=\"https:\/\/sortinvestimentos.com.br\/\" target=\"_blank\">https:\/\/sortinvestimentos.com.br\/<\/a><\/p>\n<p>Foto: Governo do Estado do Cear\u00e1<\/p>\n<p>A <b>OESP<\/b> n\u00e3o \u00e9(s\u00e3o) respons\u00e1vel(is) por erros, incorre\u00e7\u00f5es, atrasos ou quaisquer decis\u00f5es tomadas por seus clientes com base nos Conte\u00fados ora disponibilizados, bem como tais Conte\u00fados n\u00e3o representam a opini\u00e3o da <b>OESP<\/b> e s\u00e3o de inteira responsabilidade da <b>Knewin Dino<\/b><\/p>\n","protected":false},"excerpt":{"rendered":"O Cear\u00e1 receber\u00e1 o maior investimento em infraestrutura tecnol\u00f3gica da ByteDance fora da China. O primeiro data center do TikTok na Am\u00e9rica Latina ser\u00e1 instalado no Complexo Industrial e","protected":false},"author":1,"featured_media":137311,"comment_status":"open","ping_status":"closed","sticky":false,"template":"","format":"standard","meta":{"_acf_changed":false,"inline_featured_image":false,"_monsterinsights_skip_tracking":false,"_monsterinsights_sitenote_active":false,"_monsterinsights_sitenote_note":"","_monsterinsights_sitenote_category":0,"footnotes":""},"categories":[11470],"tags":[101,12391,300,47,12416],"class_list":["post-137310","post","type-post","status-publish","format-standard","has-post-thumbnail","hentry","category-knewin-dino","tag-economia","tag-empreendedorismo","tag-negocios","tag-tecnologia","tag-urbanismo"],"acf":[],"_links":{"self":[{"href":"https:\/\/bluestudio.estadao.com.br\/agencia-de-comunicacao\/wp-json\/wp\/v2\/posts\/137310","targetHints":{"allow":["GET"]}}],"collection":[{"href":"https:\/\/bluestudio.estadao.com.br\/agencia-de-comunicacao\/wp-json\/wp\/v2\/posts"}],"about":[{"href":"https:\/\/bluestudio.estadao.com.br\/agencia-de-comunicacao\/wp-json\/wp\/v2\/types\/post"}],"author":[{"embeddable":true,"href":"https:\/\/bluestudio.estadao.com.br\/agencia-de-comunicacao\/wp-json\/wp\/v2\/users\/1"}],"replies":[{"embeddable":true,"href":"https:\/\/bluestudio.estadao.com.br\/agencia-de-comunicacao\/wp-json\/wp\/v2\/comments?post=137310"}],"version-history":[{"count":0,"href":"https:\/\/bluestudio.estadao.com.br\/agencia-de-comunicacao\/wp-json\/wp\/v2\/posts\/137310\/revisions"}],"wp:featuredmedia":[{"embeddable":true,"href":"https:\/\/bluestudio.estadao.com.br\/agencia-de-comunicacao\/wp-json\/wp\/v2\/media\/137311"}],"wp:attachment":[{"href":"https:\/\/bluestudio.estadao.com.br\/agencia-de-comunicacao\/wp-json\/wp\/v2\/media?parent=137310"}],"wp:term":[{"taxonomy":"category","embeddable":true,"href":"https:\/\/bluestudio.estadao.com.br\/agencia-de-comunicacao\/wp-json\/wp\/v2\/categories?post=137310"},{"taxonomy":"post_tag","embeddable":true,"href":"https:\/\/bluestudio.estadao.com.br\/agencia-de-comunicacao\/wp-json\/wp\/v2\/tags?post=137310"}],"curies":[{"name":"wp","href":"https:\/\/api.w.org\/{rel}","templated":true}]}}