{"id":137272,"date":"2026-08-26T09:48:00","date_gmt":"2026-08-26T12:48:00","guid":{"rendered":"https:\/\/bluestudio.estadao.com.br\/agencia-de-comunicacao\/knewin-dino\/cartao-de-todos-lanca-plataforma-de-conteudo-sobre-saude\/"},"modified":"2026-08-26T09:48:00","modified_gmt":"2026-08-26T12:48:00","slug":"cartao-de-todos-lanca-plataforma-de-conteudo-sobre-saude","status":"publish","type":"post","link":"https:\/\/bluestudio.estadao.com.br\/agencia-de-comunicacao\/knewin-dino\/cartao-de-todos-lanca-plataforma-de-conteudo-sobre-saude\/","title":{"rendered":"Cart\u00e3o de TODOS lan\u00e7a plataforma de conte\u00fado sobre sa\u00fade"},"content":{"rendered":"<p>A sa\u00fade nunca esteve t\u00e3o presente no dia a dia dos brasileiros. Temas como alimenta\u00e7\u00e3o, suplementa\u00e7\u00e3o, longevidade, sa\u00fade mental e preven\u00e7\u00e3o ganharam espa\u00e7o nas redes sociais e nas conversas cotidianas. Ao mesmo tempo, o excesso de informa\u00e7\u00f5es tornou mais dif\u00edcil distinguir conte\u00fados confi\u00e1veis de recomenda\u00e7\u00f5es sem respaldo cient\u00edfico. Uma <a href=\"https:\/\/www.edelman.com\/sites\/g\/files\/aatuss191\/files\/2026-04\/2026%20Edelman%20Trust%20Barometer%20Special%20Report%20Trust%20and%20Health_Final.pdf\" target=\"_blank\">pesquisa global<\/a> publicada na revista Nature mostrou que 70% das pessoas, entre elas brasileiros, acreditam em pelo menos uma afirma\u00e7\u00e3o falsa ou n\u00e3o comprovada sobre sa\u00fade.<\/p>\n<p>O estudo ainda indicou que, no Brasil, apenas metade (52%) da popula\u00e7\u00e3o diz ter confian\u00e7a na pr\u00f3pria capacidade de encontrar respostas para quest\u00f5es de sa\u00fade e tomar decis\u00f5es informadas. Diante deste contexto, o Cart\u00e3o de TODOS lan\u00e7a o \u201cMais Sa\u00fade Para Todos\u201d, uma plataforma de conte\u00fado em sa\u00fade desenvolvida para democratizar o acesso a informa\u00e7\u00f5es qualificadas, em linguagem acess\u00edvel.<\/p>\n<p>Dispon\u00edvel gratuitamente para clientes e n\u00e3o clientes dentro do aplicativo do Cart\u00e3o de TODOS, o \u201cMais Sa\u00fade Para Todos\u201d re\u00fane conte\u00fados educativos com a proposta de transformar temas complexos em informa\u00e7\u00f5es acess\u00edveis. O objetivo da iniciativa \u00e9 ajudar o p\u00fablico a compreender melhor quest\u00f5es relacionadas \u00e0 preven\u00e7\u00e3o, qualidade de vida e bem-estar, e tornar o aprendizado mais pr\u00e1tico e adaptado \u00e0 rotina das pessoas.<\/p>\n<p><b>Textos, \u00e1udios e v\u00eddeos sobre sa\u00fade<\/b><\/p>\n<p>A plataforma disponibilizar\u00e1 uma biblioteca permanente de conte\u00fados em tr\u00eas formatos: textos, \u00e1udios \u2014 que permitem o consumo das informa\u00e7\u00f5es durante outras atividades do dia a dia \u2014 e v\u00eddeos curtos apresentados por m\u00e9dicos. Os temas est\u00e3o organizados em editorias que dialogam com os principais interesses e desafios da popula\u00e7\u00e3o brasileira, abordando pautas como alimenta\u00e7\u00e3o saud\u00e1vel, atividade f\u00edsica acess\u00edvel, preven\u00e7\u00e3o, qualidade do sono, sa\u00fade mental, suplementa\u00e7\u00e3o, longevidade e esclarecimento sobre assuntos que frequentemente geram d\u00favidas.<\/p>\n<p>Para Tales Vilar, vice-presidente do Cart\u00e3o de TODOS, ampliar o acesso \u00e0 informa\u00e7\u00e3o em sa\u00fade tamb\u00e9m faz parte do compromisso da empresa com o cuidado das pessoas. \u201cH\u00e1 25 anos, ampliamos o acesso \u00e0 sa\u00fade, levando consultas, exames e outros servi\u00e7os com valor acess\u00edvel para a popula\u00e7\u00e3o. Hoje, entendemos que o acesso \u00e0 informa\u00e7\u00e3o de qualidade tamb\u00e9m precisa fazer parte desse cuidado. O \u2018Mais Sa\u00fade Para Todos\u2019 nasce para traduzir conhecimento em uma linguagem acess\u00edvel, ajudando as pessoas a compreenderem melhor sua sa\u00fade e a tomarem decis\u00f5es mais conscientes no dia a dia\u201d.<\/p>\n<p>Segundo o executivo, o lan\u00e7amento responde a uma transforma\u00e7\u00e3o no comportamento dos consumidores, que passaram a buscar cada vez mais informa\u00e7\u00f5es sobre sa\u00fade, mas nem sempre encontram conte\u00fados acess\u00edveis ou baseados em evid\u00eancias. \u201cVivemos um momento em que nunca se falou tanto sobre sa\u00fade, mas em que tamb\u00e9m nunca foi t\u00e3o importante saber em quem confiar. Nosso objetivo \u00e9 oferecer conte\u00fados que fa\u00e7am sentido para a realidade das pessoas, aproximando o conhecimento cient\u00edfico da vida cotidiana, sem excessos, modismos ou barreiras de linguagem\u201d, afirma.<\/p>\n<p>Al\u00e9m de fortalecer a proposta do aplicativo como um ambiente de benef\u00edcios e servi\u00e7os, o lan\u00e7amento amplia a atua\u00e7\u00e3o do Cart\u00e3o de TODOS no ecossistema da sa\u00fade por meio da educa\u00e7\u00e3o e de informa\u00e7\u00f5es qualificadas.<\/p>\n<p><b>Como baixar o aplicativo do Cart\u00e3o de TODOS e acessar o \u201cMais Sa\u00fade Para Todos\u201d<\/b><\/p>\n<p>Para celulares Android, pelo Google Play Store:<\/p>\n<p><a href=\"https:\/\/play.google.com\/store\/apps\/details?id=com.cartaodetodoswalletapp&amp;hl=pt_BR\" target=\"_blank\">Cart\u00e3o de Todos \u2013 Apps no Google Play\ufeff<\/a><\/p>\n<p>Para smartphones iOS, pela App Store:<\/p>\n<p><a href=\"https:\/\/apps.apple.com\/br\/app\/cart%C3%A3o-de-todos\/id1536693230\" target=\"_blank\">\u200eApp\u00a0Cart\u00e3o de Todos \u2013 App\u00a0Store<\/a><\/p>\n<p>Website: <a href=\"https:\/\/www.cartaodetodos.com.br\/\" target=\"_blank\">https:\/\/www.cartaodetodos.com.br\/<\/a><\/p>\n<p>Foto: Banco de Imagens Envato<\/p>\n<p>A <b>OESP<\/b> n\u00e3o \u00e9(s\u00e3o) respons\u00e1vel(is) por erros, incorre\u00e7\u00f5es, atrasos ou quaisquer decis\u00f5es tomadas por seus clientes com base nos Conte\u00fados ora disponibilizados, bem como tais Conte\u00fados n\u00e3o representam a opini\u00e3o da <b>OESP<\/b> e s\u00e3o de inteira responsabilidade da <b>Knewin Dino<\/b><\/p>\n","protected":false},"excerpt":{"rendered":"A sa\u00fade nunca esteve t\u00e3o presente no dia a dia dos brasileiros. Temas como alimenta\u00e7\u00e3o, suplementa\u00e7\u00e3o, longevidade, sa\u00fade mental e preven\u00e7\u00e3o ganharam espa\u00e7o nas redes sociais e nas conversas","protected":false},"author":1,"featured_media":137273,"comment_status":"open","ping_status":"closed","sticky":false,"template":"","format":"standard","meta":{"_acf_changed":false,"inline_featured_image":false,"_monsterinsights_skip_tracking":false,"_monsterinsights_sitenote_active":false,"_monsterinsights_sitenote_note":"","_monsterinsights_sitenote_category":0,"footnotes":""},"categories":[11470],"tags":[12397,112,300,12398,47],"class_list":["post-137272","post","type-post","status-publish","format-standard","has-post-thumbnail","hentry","category-knewin-dino","tag-ciencia","tag-marketing","tag-negocios","tag-saude-e-bem-estar","tag-tecnologia"],"acf":[],"_links":{"self":[{"href":"https:\/\/bluestudio.estadao.com.br\/agencia-de-comunicacao\/wp-json\/wp\/v2\/posts\/137272","targetHints":{"allow":["GET"]}}],"collection":[{"href":"https:\/\/bluestudio.estadao.com.br\/agencia-de-comunicacao\/wp-json\/wp\/v2\/posts"}],"about":[{"href":"https:\/\/bluestudio.estadao.com.br\/agencia-de-comunicacao\/wp-json\/wp\/v2\/types\/post"}],"author":[{"embeddable":true,"href":"https:\/\/bluestudio.estadao.com.br\/agencia-de-comunicacao\/wp-json\/wp\/v2\/users\/1"}],"replies":[{"embeddable":true,"href":"https:\/\/bluestudio.estadao.com.br\/agencia-de-comunicacao\/wp-json\/wp\/v2\/comments?post=137272"}],"version-history":[{"count":0,"href":"https:\/\/bluestudio.estadao.com.br\/agencia-de-comunicacao\/wp-json\/wp\/v2\/posts\/137272\/revisions"}],"wp:featuredmedia":[{"embeddable":true,"href":"https:\/\/bluestudio.estadao.com.br\/agencia-de-comunicacao\/wp-json\/wp\/v2\/media\/137273"}],"wp:attachment":[{"href":"https:\/\/bluestudio.estadao.com.br\/agencia-de-comunicacao\/wp-json\/wp\/v2\/media?parent=137272"}],"wp:term":[{"taxonomy":"category","embeddable":true,"href":"https:\/\/bluestudio.estadao.com.br\/agencia-de-comunicacao\/wp-json\/wp\/v2\/categories?post=137272"},{"taxonomy":"post_tag","embeddable":true,"href":"https:\/\/bluestudio.estadao.com.br\/agencia-de-comunicacao\/wp-json\/wp\/v2\/tags?post=137272"}],"curies":[{"name":"wp","href":"https:\/\/api.w.org\/{rel}","templated":true}]}}