{"id":137268,"date":"2026-08-26T10:06:00","date_gmt":"2026-08-26T13:06:00","guid":{"rendered":"https:\/\/bluestudio.estadao.com.br\/agencia-de-comunicacao\/knewin-dino\/goodstorage-inaugura-primeira-unidade-no-itaim-bibi\/"},"modified":"2026-08-26T10:06:00","modified_gmt":"2026-08-26T13:06:00","slug":"goodstorage-inaugura-primeira-unidade-no-itaim-bibi","status":"publish","type":"post","link":"https:\/\/bluestudio.estadao.com.br\/agencia-de-comunicacao\/knewin-dino\/goodstorage-inaugura-primeira-unidade-no-itaim-bibi\/","title":{"rendered":"GoodStorage inaugura primeira unidade no Itaim Bibi"},"content":{"rendered":"<p>Refor\u00e7ando seu plano de expans\u00e3o na capital paulista, a GoodStorage, especialista no setor de espa\u00e7os para armazenagem urbana, amplia seu portf\u00f3lio de unidades de self storage e inaugura neste m\u00eas de agosto seu novo empreendimento no bairro Itaim Bibi, um dos principais centros financeiros e comerciais de S\u00e3o Paulo.<\/p>\n<p>Com uma \u00e1rea total edificada de\u00a04.952,05\u00a0metros quadrados, a unidade foi concebida para atender \u00e0s necessidades de armazenagem de empresas e moradores de uma das regi\u00f5es mais din\u00e2micas de S\u00e3o Paulo, oferecendo praticidade, seguran\u00e7a e flexibilidade. Localizado na Rua Tabapu\u00e3, 540 (com um segundo acesso, apenas de pedestres e ve\u00edculos, na R. Jesu\u00edno Arruda, 573 &#8211; Itaim Bibi) o projeto conta com subsolo, t\u00e9rreo, doze pavimentos e cobertura t\u00e9cnica, em um terreno\u00a0de 967,06 m\u00b2. A estrutura foi planejada para oferecer efici\u00eancia operacional e facilidade de acesso, com tr\u00eas elevadores de alta capacidade para movimenta\u00e7\u00e3o de cargas e clientes.<\/p>\n<p>Para Thiago Cordeiro, fundador e CEO da GoodStorage, o lan\u00e7amento refor\u00e7a a estrat\u00e9gia da companhia de ocupar regi\u00f5es centrais com solu\u00e7\u00f5es alinhadas \u00e0s novas din\u00e2micas urbanas. \u201cO Itaim Bibi \u00e9 um dos bairros mais relevantes de S\u00e3o Paulo em termos de atividade econ\u00f4mica e densidade empresarial, o que torna a demanda por espa\u00e7o uma quest\u00e3o cr\u00edtica para empresas e pessoas. Essa unidade traduz bem o nosso modelo, ao combinar localiza\u00e7\u00e3o estrat\u00e9gica, flexibilidade de uso e infraestrutura preparada para uma opera\u00e7\u00e3o log\u00edstica eficiente dentro da cidade\u201d, afirma o executivo.<\/p>\n<p>A unidade oferece um portf\u00f3lio amplo de boxes, com op\u00e7\u00f5es que variam de aproximadamente 1 metro quadrado at\u00e9 60 metros quadrados, atendendo desde necessidades individuais at\u00e9 demandas empresariais.<\/p>\n<p>No t\u00e9rreo, o empreendimento disp\u00f5e de doca para carga e descarga com 16m\u00b2 e acesso projetado para caminh\u00f5es, al\u00e9m de recep\u00e7\u00e3o moderna, \u00e1reas de apoio para colaboradores e infraestrutura completa de seguran\u00e7a e manuten\u00e7\u00e3o, incluindo reservat\u00f3rios de inc\u00eandio e sistemas t\u00e9cnicos distribu\u00eddos em todos os andares.<\/p>\n<p>O projeto tamb\u00e9m incorpora pr\u00e1ticas sustent\u00e1veis, j\u00e1 que a GoodStorage \u00e9 membro do Green Building\u00a0Council\u00a0Brasil, refor\u00e7ando seu compromisso com padr\u00f5es construtivos mais eficientes. A est\u00e9tica segue a identidade da marca, com acabamentos modernos, divis\u00f3rias em telha trapezoidal, pisos de alta resist\u00eancia e cobertura met\u00e1lica na cor caracter\u00edstica da\u00a0GoodStorage.<\/p>\n<p>Com a nova unidade no Itaim Bibi, a\u00a0GoodStorage\u00a0amplia sua presen\u00e7a em regi\u00f5es estrat\u00e9gicas da capital paulista e fortalece sua atua\u00e7\u00e3o no segmento de armazenagem urbana, oferecendo solu\u00e7\u00f5es flex\u00edveis e infraestrutura adaptada \u00e0s din\u00e2micas log\u00edsticas das grandes cidades.<\/p>\n<p>Website: <a href=\"https:\/\/www.goodstorage.com.br\" target=\"_blank\">https:\/\/www.goodstorage.com.br<\/a><\/p>\n<p>Foto: GoodStorage<\/p>\n<p>A <b>OESP<\/b> n\u00e3o \u00e9(s\u00e3o) respons\u00e1vel(is) por erros, incorre\u00e7\u00f5es, atrasos ou quaisquer decis\u00f5es tomadas por seus clientes com base nos Conte\u00fados ora disponibilizados, bem como tais Conte\u00fados n\u00e3o representam a opini\u00e3o da <b>OESP<\/b> e s\u00e3o de inteira responsabilidade da <b>Knewin Dino<\/b><\/p>\n","protected":false},"excerpt":{"rendered":"Refor\u00e7ando seu plano de expans\u00e3o na capital paulista, a GoodStorage, especialista no setor de espa\u00e7os para armazenagem urbana, amplia seu portf\u00f3lio de unidades de self storage e inaugura neste","protected":false},"author":1,"featured_media":137269,"comment_status":"open","ping_status":"closed","sticky":false,"template":"","format":"standard","meta":{"_acf_changed":false,"inline_featured_image":false,"_monsterinsights_skip_tracking":false,"_monsterinsights_sitenote_active":false,"_monsterinsights_sitenote_note":"","_monsterinsights_sitenote_category":0,"footnotes":""},"categories":[11470],"tags":[12418,101,112,300,12170],"class_list":["post-137268","post","type-post","status-publish","format-standard","has-post-thumbnail","hentry","category-knewin-dino","tag-construcao-civil","tag-economia","tag-marketing","tag-negocios","tag-sustentabilidade"],"acf":[],"_links":{"self":[{"href":"https:\/\/bluestudio.estadao.com.br\/agencia-de-comunicacao\/wp-json\/wp\/v2\/posts\/137268","targetHints":{"allow":["GET"]}}],"collection":[{"href":"https:\/\/bluestudio.estadao.com.br\/agencia-de-comunicacao\/wp-json\/wp\/v2\/posts"}],"about":[{"href":"https:\/\/bluestudio.estadao.com.br\/agencia-de-comunicacao\/wp-json\/wp\/v2\/types\/post"}],"author":[{"embeddable":true,"href":"https:\/\/bluestudio.estadao.com.br\/agencia-de-comunicacao\/wp-json\/wp\/v2\/users\/1"}],"replies":[{"embeddable":true,"href":"https:\/\/bluestudio.estadao.com.br\/agencia-de-comunicacao\/wp-json\/wp\/v2\/comments?post=137268"}],"version-history":[{"count":0,"href":"https:\/\/bluestudio.estadao.com.br\/agencia-de-comunicacao\/wp-json\/wp\/v2\/posts\/137268\/revisions"}],"wp:featuredmedia":[{"embeddable":true,"href":"https:\/\/bluestudio.estadao.com.br\/agencia-de-comunicacao\/wp-json\/wp\/v2\/media\/137269"}],"wp:attachment":[{"href":"https:\/\/bluestudio.estadao.com.br\/agencia-de-comunicacao\/wp-json\/wp\/v2\/media?parent=137268"}],"wp:term":[{"taxonomy":"category","embeddable":true,"href":"https:\/\/bluestudio.estadao.com.br\/agencia-de-comunicacao\/wp-json\/wp\/v2\/categories?post=137268"},{"taxonomy":"post_tag","embeddable":true,"href":"https:\/\/bluestudio.estadao.com.br\/agencia-de-comunicacao\/wp-json\/wp\/v2\/tags?post=137268"}],"curies":[{"name":"wp","href":"https:\/\/api.w.org\/{rel}","templated":true}]}}