{"id":137255,"date":"2026-08-26T10:12:00","date_gmt":"2026-08-26T13:12:00","guid":{"rendered":"https:\/\/bluestudio.estadao.com.br\/agencia-de-comunicacao\/releases\/releases-geral\/mavenir-inclui-sanas-real-time-speech-ai-no-seu-portfolio-mavcore-voice-ai-de-operadoras-de-telecomunicacoes\/"},"modified":"2026-08-26T10:12:00","modified_gmt":"2026-08-26T13:12:00","slug":"mavenir-inclui-sanas-real-time-speech-ai-no-seu-portfolio-mavcore-voice-ai-de-operadoras-de-telecomunicacoes","status":"publish","type":"post","link":"https:\/\/bluestudio.estadao.com.br\/agencia-de-comunicacao\/releases\/releases-geral\/mavenir-inclui-sanas-real-time-speech-ai-no-seu-portfolio-mavcore-voice-ai-de-operadoras-de-telecomunicacoes\/","title":{"rendered":"Mavenir Inclui Sanas Real-Time Speech AI no seu Portf\u00f3lio MAVcore Voice AI de Operadoras de Telecomunica\u00e7\u00f5es"},"content":{"rendered":"<p>RICHARDSON, Texas, e PALO ALTO, Calif\u00f3rnia, Aug.  26, 2026  (GLOBE NEWSWIRE) &#8212; A Mavenir, empresa de software que cria redes m\u00f3veis Cloud-Native, IA por design, e a Sanas, uma plataforma de IA de fala em tempo real para comunica\u00e7\u00f5es empresariais e globais, anunciaram hoje a cria\u00e7\u00e3o de uma parceria estrat\u00e9gica para a inclus\u00e3o de IA de fala em tempo real da Sanas no portf\u00f3lio MAVcore Voice AI da Mavenir. A integra\u00e7\u00e3o possibilita que os provedores de servi\u00e7os de comunica\u00e7\u00e3o forne\u00e7am aprimoramentos de IA de voz nativamente da rede central m\u00f3vel da operadora diretamente aos usu\u00e1rios finais.<\/p>\n<p>A redes de telecomunica\u00e7\u00f5es foram desenvolvidas para conectar chamadas. A Mavenir e a Sanas est\u00e3o transformando essa conex\u00e3o em comunica\u00e7\u00e3o segura de humano para humano, realizada no idioma preferido de quem chama, entregue com a clareza do HD, Voice, implantada como IA soberana dentro da pr\u00f3pria rede da operadora, e criada para atender aos requisitos regulat\u00f3rios e de resid\u00eancia dos dados. Isso transforma a voz de um recurso que as operadoras de servi\u00e7os p\u00fablicos somente oferecem em um servi\u00e7o que elas podem diferenciar, gerir e monetizar.<\/p>\n<p>No centro da parceria est\u00e1 a plataforma Speech AI da Sanas, que remove as barreiras de comunica\u00e7\u00e3o em tempo real, viabilizando que as pessoas entendam e sejam entendidas em todos os idiomas, sotaques e ambientes. Sua tecnologia potencializa as comunica\u00e7\u00f5es de miss\u00e3o cr\u00edtica onde a clareza, a velocidade e a precis\u00e3o s\u00e3o mais importantes. Com a sua parceria Language Assist com a MicroAutomation, a Sanas viabiliza que os despachantes do 911 ou\u00e7am as chamadas em ingl\u00eas, sem int\u00e9rprete e sem demora. Ao levar esses recursos diretamente para as redes de operadoras, a Mavenir e a Sanas disponibilizam a tradu\u00e7\u00e3o em tempo real, aprimoramento da fala e comunica\u00e7\u00e3o baseada em IA em escala para as telecomunica\u00e7\u00f5es.<\/p>\n<p>As comunica\u00e7\u00f5es seguras s\u00e3o outra \u00e1rea de foco para essa parceria. A tecnologia de clonagem de voz avan\u00e7ou rapidamente e j\u00e1 est\u00e1 sendo explorada pelos mal-intencionados para cometer fraudes. A integra\u00e7\u00e3o da Sanas Speech AI ao portf\u00f3lio de solu\u00e7\u00f5es MAVcore da Mavenir aprimora a plataforma de voz para incluir recursos de detec\u00e7\u00e3o de deepfake e sinal de fraude, oferecendo \u00e0s operadoras um caminho para a detec\u00e7\u00e3o e defesa contra ataques de voz sint\u00e9tica diante do crescimento dessa amea\u00e7a.<\/p>\n<p>A solu\u00e7\u00e3o conjunta \u00e9 orquestrada e personalizada com o AI Agent Studio da Mavenir que viabiliza que as operadoras controlem o servi\u00e7o, tenham desempenho em tempo real, otimizem os custos operacionais, e criem e monetizem rapidamente novas experi\u00eancias de IA de conversa\u00e7\u00e3o.<\/p>\n<p>A voz continua sendo o servi\u00e7o mais confi\u00e1vel e universal que as operadoras oferecem, e a pr\u00f3xima era \u00e9 torn\u00e1-la inteligente, disse Pardeep Kohli, Presidente e CEO da Mavenir. Juntamente com a Sanas, a Mavenir est\u00e1 viabilizando que as operadoras transformem a voz de um servi\u00e7o de conectividade em uma experi\u00eancia monetiz\u00e1vel e baseada em IA. Ao incorporar IA de voz avan\u00e7ada diretamente na rede de telecomunica\u00e7\u00f5es, as operadoras podem oferecer tradu\u00e7\u00e3o em tempo real, qualidade de voz aprimorada por IA e seguran\u00e7a de \u00faltima gera\u00e7\u00e3o, mantendo o desempenho, a privacidade e a soberania que as comunica\u00e7\u00f5es modernas exigem.<\/p>\n<p>As operadoras de telecomunica\u00e7\u00f5es est\u00e3o no centro de algumas das conversas mais importantes do mundo, disse Sharath Keshava Narayana, Cofundador e CEO da Sanas. Juntamente com a Mavenir, passamos a oferecer uma nova camada de intelig\u00eancia diretamente para as redes das operadoras, criando novas oportunidades para aprimorar a qualidade da comunica\u00e7\u00e3o, fortalecer a seguran\u00e7a e agregar mais valor a cada conversa. As redes de comunica\u00e7\u00e3o conectam pessoas h\u00e1 d\u00e9cadas. Acreditamos que o pr\u00f3ximo passo \u00e9 ajudar as pessoas a entenderem umas \u00e0s outras com mais clareza.<\/p>\n<p>A Mavenir e a Sanas disponibilizar\u00e3o comercialmente o servi\u00e7o para as operadoras ap\u00f3s a valida\u00e7\u00e3o t\u00e9cnica conjunta.<\/p>\n<p><strong>Conhe\u00e7a a Mavenir e a Sanas:<\/strong><\/p>\n<p>Veja como essa parceria estrat\u00e9gica acelera o mercado de Voice AI. Junte-se \u00e0 Mavenir e \u00e0 Sanas nestes pr\u00f3ximos eventos.<\/p>\n<ul type=\"disc\">\n<li style=\"margin-bottom:8pt\"><strong>The AI-Native Telco Forum<\/strong>, 8 a 9 de setembro, D\u00fcsseldorf. Marque uma reuni\u00e3o <a href=\"https:\/\/share-na2.hsforms.com\/167GpFMAaRrSnbNecZ2XMEg20mxx\" rel=\"nofollow\" target=\"_blank\">aqui<\/a>.<\/li>\n<li style=\"margin-bottom:8pt\"><strong>FutureNet Asia<\/strong>, 22 a 23 de setembro, Cingapura. Marque uma reuni\u00e3o <a href=\"https:\/\/share-na2.hsforms.com\/1MgldoqEiRrS-8rHasAi7tg20mxx\" rel=\"nofollow\" target=\"_blank\">aqui<\/a>.<\/li>\n<\/ul>\n<p><strong>Sobre a Mavenir<\/strong><br \/>A Mavenir habilita redes inteligentes, automatizadas e program\u00e1veis por meio do desenvolvimento de solu\u00e7\u00f5es de software de IA por design, nativas da nuvem, para operadoras de telefonia m\u00f3vel. A profunda experi\u00eancia com dom\u00ednio de telecomunica\u00e7\u00f5es da empresa foi comprovada por meio de implanta\u00e7\u00f5es com mais de 300 operadoras em todo o mundo em mais de 120 pa\u00edses, que juntas atendem mais de 50% dos assinantes de todo o mundo. A Mavenir combina sua profunda experi\u00eancia em telecomunica\u00e7\u00f5es com a experi\u00eancia em nuvem e TI, e conjuntos de habilidades em ci\u00eancia de dados essenciais para resolver desafios reais dos clientes. Suas solu\u00e7\u00f5es de software comprovadas s\u00e3o IA por design, oferecendo o futuro nativo da IA e a evolu\u00e7\u00e3o das operadoras para TechCos. Para mais informa\u00e7\u00f5es, visite mavenir.com<\/p>\n<p><strong>Sobre a Sanas<\/strong><br \/>A Sanas \u00e9 uma plataforma de IA de fala em tempo real criada para impulsionar plataformas empresariais e de comunica\u00e7\u00e3o globais. Fundada em 2021 em Palo Alto, Calif\u00f3rnia, a Sanas possibilita que a fala seja entendida de forma clara e natural em todos os idiomas, sotaques e ambientes. A plataforma oferece aprimoramento da fala em tempo real, transforma\u00e7\u00e3o de sotaque e compreens\u00e3o da linguagem que podem ser incorporados diretamente em aplicativos, plataformas e redes de operadoras. Em 2026, a Sanas foi nomeada a empresa n\u00famero 1 de IA e Dados na Am\u00e9rica na lista Inc. 5000 de Empresas Privadas de Crescimento Mais R\u00e1pido e tamb\u00e9m como n\u00famero 1 na Calif\u00f3rnia e n\u00famero 8 no geral. Saiba mais em Sanas.ai.<\/p>\n<p><strong>Contatos com a M\u00eddia<\/strong><br \/>Mavenir Emmanuela Spiteri<br \/><a href=\"https:\/\/www.globenewswire.com\/Tracker?data=hKaFYk6jqxyDfZ7d4N14HrmPLHF7W6MD084xieZMkUcxJe80iegRtaQXl87w2pbkMB-ZubrZavkMeZbQUPVg3g==\" rel=\"nofollow\" target=\"_blank\">PR@mavenir.com<\/a><\/p>\n<p> <img decoding=\"async\" alt=\"\" class=\"__GNW8366DE3E__IMG\" src=\"https:\/\/www.globenewswire.com\/newsroom\/ti?nf=OTgxNjM5MyM3ODAxNzEzIzIwMTEwODk=\" \/> <br \/><img decoding=\"async\" alt=\"\" src=\"https:\/\/ml.globenewswire.com\/media\/ZjExZWM3NDctZGQzNC00YTY4LWIzNzQtYWU2YzIwZmZkNmZiLTEwMjI2NjItMjAyNi0wOC0yNi1wdA==\/tiny\/Mavenir-Systems-Inc-.png\" \/><br \/>\n<a href=\"https:\/\/www.globenewswire.com\/NewsRoom\/AttachmentNg\/851c963d-50a8-4f15-9da7-ea94599dc824\"><img loading=\"lazy\" decoding=\"async\" src=\"https:\/\/ml.globenewswire.com\/media\/851c963d-50a8-4f15-9da7-ea94599dc824\/small\/mavenir-logo-primary-lrg-jpg.jpg\" border=\"0\" width=\"150\" height=\"52\" alt=\"Primary Logo\" \/><\/a><\/p>\n<p>A <b>OESP<\/b> nao e(sao) responsavel(is) por erros, incorrecoes, atrasos ou quaisquer decisoes tomadas por seus clientes com base nos Conteudos ora disponibilizados, bem como tais Conteudos nao representam a opiniao da <b>OESP<\/b> e sao de inteira responsabilidade da <b>GlobeNewswire<\/b><\/p>\n","protected":false},"excerpt":{"rendered":"RICHARDSON, Texas, e PALO ALTO, Calif\u00f3rnia, Aug.  26, 2026  (GLOBE NEWSWIRE) &#8212; A Mavenir, empresa de software que cria redes m\u00f3veis Cloud-Native, IA por design, e a Sanas,","protected":false},"author":1,"featured_media":0,"comment_status":"open","ping_status":"closed","sticky":false,"template":"","format":"standard","meta":{"_acf_changed":false,"inline_featured_image":false,"_monsterinsights_skip_tracking":false,"_monsterinsights_sitenote_active":false,"_monsterinsights_sitenote_note":"","_monsterinsights_sitenote_category":0,"footnotes":""},"categories":[34],"tags":[],"class_list":["post-137255","post","type-post","status-publish","format-standard","hentry","category-releases-geral"],"acf":[],"_links":{"self":[{"href":"https:\/\/bluestudio.estadao.com.br\/agencia-de-comunicacao\/wp-json\/wp\/v2\/posts\/137255","targetHints":{"allow":["GET"]}}],"collection":[{"href":"https:\/\/bluestudio.estadao.com.br\/agencia-de-comunicacao\/wp-json\/wp\/v2\/posts"}],"about":[{"href":"https:\/\/bluestudio.estadao.com.br\/agencia-de-comunicacao\/wp-json\/wp\/v2\/types\/post"}],"author":[{"embeddable":true,"href":"https:\/\/bluestudio.estadao.com.br\/agencia-de-comunicacao\/wp-json\/wp\/v2\/users\/1"}],"replies":[{"embeddable":true,"href":"https:\/\/bluestudio.estadao.com.br\/agencia-de-comunicacao\/wp-json\/wp\/v2\/comments?post=137255"}],"version-history":[{"count":0,"href":"https:\/\/bluestudio.estadao.com.br\/agencia-de-comunicacao\/wp-json\/wp\/v2\/posts\/137255\/revisions"}],"wp:attachment":[{"href":"https:\/\/bluestudio.estadao.com.br\/agencia-de-comunicacao\/wp-json\/wp\/v2\/media?parent=137255"}],"wp:term":[{"taxonomy":"category","embeddable":true,"href":"https:\/\/bluestudio.estadao.com.br\/agencia-de-comunicacao\/wp-json\/wp\/v2\/categories?post=137255"},{"taxonomy":"post_tag","embeddable":true,"href":"https:\/\/bluestudio.estadao.com.br\/agencia-de-comunicacao\/wp-json\/wp\/v2\/tags?post=137255"}],"curies":[{"name":"wp","href":"https:\/\/api.w.org\/{rel}","templated":true}]}}