{"id":137248,"date":"2026-08-26T09:17:00","date_gmt":"2026-08-26T12:17:00","guid":{"rendered":"https:\/\/bluestudio.estadao.com.br\/agencia-de-comunicacao\/knewin-dino\/afya-summit-2026-debate-tecnologia-e-humanizacao-na-medicina\/"},"modified":"2026-08-26T09:17:00","modified_gmt":"2026-08-26T12:17:00","slug":"afya-summit-2026-debate-tecnologia-e-humanizacao-na-medicina","status":"publish","type":"post","link":"https:\/\/bluestudio.estadao.com.br\/agencia-de-comunicacao\/knewin-dino\/afya-summit-2026-debate-tecnologia-e-humanizacao-na-medicina\/","title":{"rendered":"Afya Summit 2026 debate tecnologia e humaniza\u00e7\u00e3o na medicina"},"content":{"rendered":"<p>A intelig\u00eancia artificial, a an\u00e1lise de dados e outras tecnologias emergentes est\u00e3o transformando a\u00a0sa\u00fade\u00a0em ritmo acelerado. Ao mesmo tempo em que essas ferramentas ampliam as possibilidades de diagn\u00f3stico, tratamento, educa\u00e7\u00e3o e gest\u00e3o, colocam novos desafios para os profissionais\u00a0do setor\u00a0e refor\u00e7am a necessidade de preservar aquilo que est\u00e1 no centro da pr\u00e1tica m\u00e9dica: a rela\u00e7\u00e3o humana. \u00c9 a partir desse\u00a0contexto\u00a0que a\u00a0Afya\u00a0realiza, no dia 29 de agosto, no Audit\u00f3rio Ibirapuera, em S\u00e3o Paulo, a terceira edi\u00e7\u00e3o do\u00a0Afya\u00a0Summit, um dos principais encontros\u00a0do pa\u00eds\u00a0sobre sa\u00fade,\u00a0medicina\u00a0e inova\u00e7\u00e3o.<br \/>\u00a0<br \/>Com o tema\u00a0\u201cDa revolu\u00e7\u00e3o tecnol\u00f3gica \u00e0 revolu\u00e7\u00e3o humana\u201d, o evento reunir\u00e1, ao longo\u00a0do dia, m\u00e9dicos, pesquisadores, lideran\u00e7as do setor e especialistas nacionais e internacionais em uma programa\u00e7\u00e3o com mais de dez\u00a0horas de\u00a0palestras e debates, al\u00e9m de espa\u00e7os de imers\u00e3o, intera\u00e7\u00e3o e networking.<br \/>\u00a0<br \/>A programa\u00e7\u00e3o foi estruturada como uma jornada. Os primeiros blocos partem das transforma\u00e7\u00f5es tecnol\u00f3gicas que j\u00e1 est\u00e3o redefinindo a pr\u00e1tica m\u00e9dica, passando por intelig\u00eancia artificial aplicada \u00e0 sa\u00fade, interoperabilidade, an\u00e1lise de dados e novas compet\u00eancias de lideran\u00e7a. Ao longo do dia, o debate avan\u00e7a para temas como comunica\u00e7\u00e3o, \u00e9tica, presen\u00e7a digital e, finalmente, humaniza\u00e7\u00e3o, em uma reflex\u00e3o sobre como incorporar a inova\u00e7\u00e3o sem perder de vista a dimens\u00e3o humana do cuidado.<br \/>\u00a0<br \/>\u201cA tecnologia est\u00e1 revolucionando a forma como os m\u00e9dicos aprendem, tomam decis\u00f5es e cuidam das pessoas. Mas nenhuma inova\u00e7\u00e3o faz sentido se n\u00e3o contribuir para tornar o atendimento mais humano, mais seguro e mais eficiente. O\u00a0Afya\u00a0Summit nasce justamente para promover esse di\u00e1logo e ajudar os profissionais a\u00a0compreender\u00a0como utilizar essas ferramentas de forma \u00e9tica, respons\u00e1vel e centrada no paciente\u201d, destaca Gustavo Meirelles, vice-presidente m\u00e9dico e\u00a0de rela\u00e7\u00f5es institucionais\u00a0da Afya.<br \/>\u00a0<br \/><b>Um dia de debates sobre os novos caminhos da medicina<\/p>\n<p><\/b>A manh\u00e3 come\u00e7a com uma provoca\u00e7\u00e3o sobre o futuro da medicina. O m\u00e9dico e cientista Daniel Kraft, da Universidade de Stanford e fundador da\u00a0NextMed\u00a0Health, refer\u00eancia internacional em inova\u00e7\u00e3o e tecnologias exponenciais aplicadas \u00e0 sa\u00fade, abre o evento discutindo se a medicina est\u00e1 preparada para as transforma\u00e7\u00f5es que j\u00e1 est\u00e3o redefinindo o setor.<br \/>\u00a0<br \/>Na sequ\u00eancia, o cardiologista e diretor m\u00e9dico da\u00a0Afya,\u00a0Eduardo Lapa, participa\u00a0de um painel dedicado \u00e0s aplica\u00e7\u00f5es reais da intelig\u00eancia artificial na sa\u00fade, ao lado do oftalmologista e professor da\u00a0Afya\u00a0Educa\u00e7\u00e3o M\u00e9dica, Guilherme Rodrigues, e da gerente m\u00e9dica da\u00a0Afya,\u00a0Dayanna\u00a0Quintanilha. A conversa aborda as possibilidades de uso da tecnologia na pr\u00e1tica m\u00e9dica, mas tamb\u00e9m seus riscos, limites e os desafios relacionados ao uso respons\u00e1vel dessas ferramentas.<\/p>\n<p>\u00c0s\u00a011h, Jacson Barros, l\u00edder de Sa\u00fade da\u00a0Amazon\u00a0Web Services (AWS), amplia a discuss\u00e3o para a transforma\u00e7\u00e3o dos sistemas de sa\u00fade. O executivo falar\u00e1 sobre como interoperabilidade, intelig\u00eancia anal\u00edtica e sa\u00fade digital podem transformar o acesso a informa\u00e7\u00f5es e a tomada de decis\u00f5es cl\u00ednicas, em um cen\u00e1rio no qual dados passam a ocupar papel cada vez mais estrat\u00e9gico na assist\u00eancia.<br \/>\u00a0<br \/>A manh\u00e3 segue com uma discuss\u00e3o sobre as compet\u00eancias necess\u00e1rias para liderar a medicina do futuro. O painel re\u00fane Gustavo Meirelles; Sergio Ricardo Santos,\u00a0CEO e fundador da Valor e Sa\u00fade e\u00a0vice-presidente\u00a0da\u00a0Healthtech\u00a0Galileu; Giovanni Guido Cerri, presidente do Conselho do\u00a0InRad\/InovaHC; e\u00a0Linamara\u00a0Battistella, professora da Faculdade de Medicina da Universidade de S\u00e3o Paulo. Entre os temas est\u00e3o as novas responsabilidades das lideran\u00e7as m\u00e9dicas, a mudan\u00e7a de mentalidade exigida pela transforma\u00e7\u00e3o tecnol\u00f3gica e as compet\u00eancias necess\u00e1rias para conduzir organiza\u00e7\u00f5es e profissionais em um ambiente de mudan\u00e7as constantes.<br \/>\u00a0<br \/>A primeira parte do evento se encerra com Brian Solis, futurista e pesquisador da\u00a0ServiceNow, que discutir\u00e1 o que passa a ser essencial para a medicina em um cen\u00e1rio cada vez mais tecnol\u00f3gico. A reflex\u00e3o prepara o terreno para a segunda metade do encontro, que desloca o foco das ferramentas e transforma\u00e7\u00f5es tecnol\u00f3gicas para as pessoas, as rela\u00e7\u00f5es e os valores que devem orientar seu uso.<br \/>\u00a0<br \/>Ap\u00f3s o almo\u00e7o, que tamb\u00e9m ser\u00e1 um momento de networking entre os participantes, a programa\u00e7\u00e3o da tarde retoma a discuss\u00e3o sobre os impactos da acelera\u00e7\u00e3o tecnol\u00f3gica na medicina com Drauzio Varella, m\u00e9dico oncologista e um dos principais divulgadores cient\u00edficos do pa\u00eds. A palestra, seguida por um debate entre Drauzio e Gustavo Meirelles,\u00a0prop\u00f5e uma reflex\u00e3o sobre as transforma\u00e7\u00f5es provocadas pela tecnologia e sobre os dilemas \u00e9ticos que acompanham uma medicina cada vez mais apoiada por novas ferramentas.<br \/>\u00a0<br \/>A rela\u00e7\u00e3o entre medicina e ambiente digital tamb\u00e9m estar\u00e1 em pauta. O especialista em marketing digital e fundador da\u00a0mLabs, Rafael\u00a0Kiso, e a m\u00e9dica dermatologista e professora da Afya Educa\u00e7\u00e3o M\u00e9dica, Isabela Dupin, discutem como os m\u00e9dicos podem construir presen\u00e7a, autoridade e reputa\u00e7\u00e3o no ambiente digital, em um cen\u00e1rio no qual a comunica\u00e7\u00e3o tamb\u00e9m passa a fazer parte da pr\u00e1tica profissional.<br \/>\u00a0<br \/>O encerramento do palco principal\u00a0aponta para a\u00a0humaniza\u00e7\u00e3o. Ana Cl\u00e1udia\u00a0Quintana\u00a0Arantes, m\u00e9dica especialista em Cuidados Paliativos e uma das principais refer\u00eancias brasileiras\u00a0no assunto, apresenta uma reflex\u00e3o sobre a humaniza\u00e7\u00e3o como a mais antiga e, ao mesmo tempo, uma das mais negligenciadas\u00a0das tecnologias cl\u00ednicas. Ao final da programa\u00e7\u00e3o, os participantes\u00a0estar\u00e3o convidados para\u00a0um\u00a0happy\u00a0hour de confraterniza\u00e7\u00e3o.<br \/>\u00a0<br \/><b>Al\u00e9m do palco: uma experi\u00eancia completa<\/p>\n<p><\/b>A experi\u00eancia do Afya Summit 2026 vai al\u00e9m do palco principal, com espa\u00e7os de conte\u00fado, intera\u00e7\u00e3o e networking voltados \u00e0 sa\u00fade e \u00e0 inova\u00e7\u00e3o. O Startup Village ser\u00e1 dedicado ao empreendedorismo em sa\u00fade e \u00e0 apresenta\u00e7\u00e3o de solu\u00e7\u00f5es para a pr\u00e1tica m\u00e9dica. O evento tamb\u00e9m contar\u00e1 com um videocast ao vivo, com entrevistas entre m\u00e9dicos para aprofundar temas discutidos no palco. J\u00e1 a \u00c1rea de Neg\u00f3cios aproximar\u00e1 participantes de empresas e parceiros, enquanto o Espa\u00e7o Wellness ser\u00e1 dedicado ao cuidado e ao equil\u00edbrio.<\/p>\n<p><b>Servi\u00e7o:<\/p>\n<p>Evento: <\/b>Afya Summit 2026<\/p>\n<p><b>Data:<\/b>\u00a029 de agosto de 2026 (s\u00e1bado)<\/p>\n<p><b>Hor\u00e1rio:<\/b>\u00a08h \u00e0s 18h<\/p>\n<p><b>Local:<\/b>\u00a0Audit\u00f3rio Ibirapuera \u2013 S\u00e3o Paulo (SP)<\/p>\n<p><b>Inscri\u00e7\u00f5es e programa\u00e7\u00e3o:<\/b>\u00a0<a href=\"https:\/\/portal.afya.com.br\/summit\" target=\"_blank\">afyasummit.com.br<\/a><\/p>\n<p>Website: <a href=\"https:\/\/afyasummit.com.br\" target=\"_blank\">https:\/\/afyasummit.com.br<\/a><\/p>\n<p>Foto: Divulga\u00e7\u00e3o\/Afya<\/p>\n<p>A <b>OESP<\/b> n\u00e3o \u00e9(s\u00e3o) respons\u00e1vel(is) por erros, incorre\u00e7\u00f5es, atrasos ou quaisquer decis\u00f5es tomadas por seus clientes com base nos Conte\u00fados ora disponibilizados, bem como tais Conte\u00fados n\u00e3o representam a opini\u00e3o da <b>OESP<\/b> e s\u00e3o de inteira responsabilidade da <b>Knewin Dino<\/b><\/p>\n","protected":false},"excerpt":{"rendered":"A intelig\u00eancia artificial, a an\u00e1lise de dados e outras tecnologias emergentes est\u00e3o transformando a\u00a0sa\u00fade\u00a0em ritmo acelerado. Ao mesmo tempo em que essas ferramentas ampliam as possibilidades de","protected":false},"author":1,"featured_media":137249,"comment_status":"open","ping_status":"closed","sticky":false,"template":"","format":"standard","meta":{"_acf_changed":false,"inline_featured_image":false,"_monsterinsights_skip_tracking":false,"_monsterinsights_sitenote_active":false,"_monsterinsights_sitenote_note":"","_monsterinsights_sitenote_category":0,"footnotes":""},"categories":[11470],"tags":[12397,12405,300,12398,12404,47],"class_list":["post-137248","post","type-post","status-publish","format-standard","has-post-thumbnail","hentry","category-knewin-dino","tag-ciencia","tag-eventos","tag-negocios","tag-saude-e-bem-estar","tag-startups","tag-tecnologia"],"acf":[],"_links":{"self":[{"href":"https:\/\/bluestudio.estadao.com.br\/agencia-de-comunicacao\/wp-json\/wp\/v2\/posts\/137248","targetHints":{"allow":["GET"]}}],"collection":[{"href":"https:\/\/bluestudio.estadao.com.br\/agencia-de-comunicacao\/wp-json\/wp\/v2\/posts"}],"about":[{"href":"https:\/\/bluestudio.estadao.com.br\/agencia-de-comunicacao\/wp-json\/wp\/v2\/types\/post"}],"author":[{"embeddable":true,"href":"https:\/\/bluestudio.estadao.com.br\/agencia-de-comunicacao\/wp-json\/wp\/v2\/users\/1"}],"replies":[{"embeddable":true,"href":"https:\/\/bluestudio.estadao.com.br\/agencia-de-comunicacao\/wp-json\/wp\/v2\/comments?post=137248"}],"version-history":[{"count":0,"href":"https:\/\/bluestudio.estadao.com.br\/agencia-de-comunicacao\/wp-json\/wp\/v2\/posts\/137248\/revisions"}],"wp:featuredmedia":[{"embeddable":true,"href":"https:\/\/bluestudio.estadao.com.br\/agencia-de-comunicacao\/wp-json\/wp\/v2\/media\/137249"}],"wp:attachment":[{"href":"https:\/\/bluestudio.estadao.com.br\/agencia-de-comunicacao\/wp-json\/wp\/v2\/media?parent=137248"}],"wp:term":[{"taxonomy":"category","embeddable":true,"href":"https:\/\/bluestudio.estadao.com.br\/agencia-de-comunicacao\/wp-json\/wp\/v2\/categories?post=137248"},{"taxonomy":"post_tag","embeddable":true,"href":"https:\/\/bluestudio.estadao.com.br\/agencia-de-comunicacao\/wp-json\/wp\/v2\/tags?post=137248"}],"curies":[{"name":"wp","href":"https:\/\/api.w.org\/{rel}","templated":true}]}}