{"id":137246,"date":"2026-08-26T08:55:00","date_gmt":"2026-08-26T11:55:00","guid":{"rendered":"https:\/\/bluestudio.estadao.com.br\/agencia-de-comunicacao\/saftec-digital\/empresa-especializada-em-solucoes-educacionais-a-sigma-educacao-analisa-como-a-formacao-de-pessoas-influencia-a-competitividade-das-organizacoes\/"},"modified":"2026-08-26T08:55:00","modified_gmt":"2026-08-26T11:55:00","slug":"empresa-especializada-em-solucoes-educacionais-a-sigma-educacao-analisa-como-a-formacao-de-pessoas-influencia-a-competitividade-das-organizacoes","status":"publish","type":"post","link":"https:\/\/bluestudio.estadao.com.br\/agencia-de-comunicacao\/saftec-digital\/empresa-especializada-em-solucoes-educacionais-a-sigma-educacao-analisa-como-a-formacao-de-pessoas-influencia-a-competitividade-das-organizacoes\/","title":{"rendered":"Empresa especializada em solu\u00e7\u00f5es educacionais, a Sigma Educa\u00e7\u00e3o analisa como a forma\u00e7\u00e3o de pessoas influencia a competitividade das organiza\u00e7\u00f5es"},"content":{"rendered":"<p><b>A transforma\u00e7\u00e3o digital e as mudan\u00e7as no mercado de trabalho ampliam o papel da educa\u00e7\u00e3o como fator estrat\u00e9gico para produtividade, inova\u00e7\u00e3o e crescimento econ\u00f4mico.<\/b><\/p>\n<p>Durante muitos anos, a educa\u00e7\u00e3o foi tratada principalmente como uma pol\u00edtica p\u00fablica voltada \u00e0 inclus\u00e3o social e \u00e0 forma\u00e7\u00e3o cidad\u00e3. Embora essa dimens\u00e3o permane\u00e7a essencial, o avan\u00e7o da transforma\u00e7\u00e3o digital, da intelig\u00eancia artificial e das novas formas de organiza\u00e7\u00e3o do trabalho ampliou seu papel no desenvolvimento econ\u00f4mico. Hoje, empresas, governos e institui\u00e7\u00f5es enxergam a qualifica\u00e7\u00e3o das pessoas como um fator estrat\u00e9gico para aumentar a produtividade, fortalecer a capacidade de inova\u00e7\u00e3o e preparar profissionais para um mercado em constante mudan\u00e7a. <\/p>\n<p>Nesse contexto, a Sigma Educa\u00e7\u00e3o, empresa especializada em aprendizagem , tecnologia e desenvolvimento socioemocional, observa que investir na aprendizagem deixou de ser apenas uma a\u00e7\u00e3o voltada ao ambiente escolar. A forma\u00e7\u00e3o de compet\u00eancias passou a integrar uma agenda mais ampla, relacionada \u00e0 competitividade das organiza\u00e7\u00f5es e \u00e0 constru\u00e7\u00e3o de uma economia mais preparada para responder aos desafios do presente e do futuro.<\/p>\n<p><b>Capital humano ganha espa\u00e7o na estrat\u00e9gia de crescimento<\/b><\/p>\n<p>A economia global passa por uma transforma\u00e7\u00e3o acelerada, impulsionada pela digitaliza\u00e7\u00e3o, pela automa\u00e7\u00e3o e pela incorpora\u00e7\u00e3o de novas tecnologias aos processos produtivos. Nesse cen\u00e1rio, equipamentos e sistemas modernos, por si s\u00f3, n\u00e3o garantem melhores resultados. O diferencial est\u00e1 na capacidade das pessoas de interpretar informa\u00e7\u00f5es, resolver problemas, adaptar-se a mudan\u00e7as e utilizar o conhecimento para gerar inova\u00e7\u00e3o.<\/p>\n<p>Estudos do Instituto Brasileiro de Economia da Funda\u00e7\u00e3o Getulio Vargas (FGV IBRE) mostram que a melhoria da educa\u00e7\u00e3o contribui para o fortalecimento do capital humano, favorecendo a absor\u00e7\u00e3o de novas tecnologias e o crescimento da produtividade. Ao mesmo tempo, os pesquisadores destacam que esse avan\u00e7o precisa ser acompanhado por um ambiente econ\u00f4mico eficiente para produzir resultados duradouros.<\/p>\n<p>Consoante a Sigma Educa\u00e7\u00e3o, esse movimento evidencia que a aprendizagem deixou de produzir impactos restritos ao ambiente escolar. O desenvolvimento de habilidades cognitivas, socioemocionais e da capacidade de aprender continuamente tornou-se um ativo relevante para diferentes setores da economia.<\/p>\n<p><b>Educa\u00e7\u00e3o fortalece inova\u00e7\u00e3o e competitividade<\/b><\/p>\n<p>O debate sobre competitividade costuma concentrar-se em fatores como infraestrutura, ambiente regulat\u00f3rio, acesso ao cr\u00e9dito e inova\u00e7\u00e3o tecnol\u00f3gica. No entanto, especialistas apontam que esses elementos dependem, em grande medida, da qualidade da forma\u00e7\u00e3o das pessoas respons\u00e1veis por transform\u00e1-los em resultados.<\/p>\n<p>Organiza\u00e7\u00f5es que estimulam o aprendizado cont\u00ednuo tendem a adaptar-se com maior rapidez \u00e0s mudan\u00e7as do mercado, incorporar novas tecnologias com mais efici\u00eancia e desenvolver solu\u00e7\u00f5es alinhadas \u00e0s necessidades de clientes e parceiros. Da mesma forma, profissionais preparados para atuar em ambientes complexos ampliam a capacidade das empresas de inovar e responder a cen\u00e1rios econ\u00f4micos cada vez mais din\u00e2micos.<\/p>\n<p>Na avalia\u00e7\u00e3o da Sigma Educa\u00e7\u00e3o, essa realidade refor\u00e7a a necessidade de compreender a educa\u00e7\u00e3o como parte da estrat\u00e9gia de desenvolvimento. Formar pessoas capazes de analisar informa\u00e7\u00f5es, trabalhar de forma colaborativa e lidar com desafios in\u00e9ditos tornou-se um diferencial competitivo para organiza\u00e7\u00f5es de diferentes segmentos.<\/p>\n<p><b>Aprendizagem cont\u00ednua exige integra\u00e7\u00e3o entre diferentes setores<\/b><\/p>\n<p>As mudan\u00e7as no mercado de trabalho tamb\u00e9m ampliaram a responsabilidade compartilhada pela forma\u00e7\u00e3o das pessoas. Se antes a aprendizagem era associada principalmente ao per\u00edodo escolar, hoje ela acompanha toda a trajet\u00f3ria profissional.<\/p>\n<p>Esse processo envolve escolas, institui\u00e7\u00f5es de ensino, empresas e o poder p\u00fablico, que desempenham pap\u00e9is complementares na constru\u00e7\u00e3o de um ambiente favor\u00e1vel ao desenvolvimento de compet\u00eancias. A atualiza\u00e7\u00e3o constante deixou de ser uma necessidade restrita a determinadas profiss\u00f5es e passou a integrar a rotina de trabalhadores em praticamente todos os setores da economia.<\/p>\n<p>Iniciativas voltadas ao fortalecimento da aprendizagem e ao desenvolvimento humano contribuem para preparar indiv\u00edduos capazes de acompanhar as transforma\u00e7\u00f5es tecnol\u00f3gicas sem perder de vista compet\u00eancias como pensamento cr\u00edtico, colabora\u00e7\u00e3o, criatividade e autonomia. Essas habilidades tendem a ganhar ainda mais import\u00e2ncia \u00e0 medida que novas tecnologias passam a integrar o cotidiano das organiza\u00e7\u00f5es.<\/p>\n<p><b>Educa\u00e7\u00e3o como investimento de longo prazo<\/b><\/p>\n<p>O debate sobre produtividade e crescimento econ\u00f4mico continuar\u00e1 presente nos pr\u00f3ximos anos, especialmente em um contexto marcado pela r\u00e1pida evolu\u00e7\u00e3o tecnol\u00f3gica e pela necessidade de ampliar a competitividade brasileira. Nesse cen\u00e1rio, investir em educa\u00e7\u00e3o representa mais do que formar profissionais qualificados para atender \u00e0s demandas imediatas do mercado. Trata-se de fortalecer o capital humano que sustenta a inova\u00e7\u00e3o, a adapta\u00e7\u00e3o \u00e0s mudan\u00e7as e a capacidade de gerar valor ao longo do tempo.<\/p>\n<p>Dentre a analogia praticada pela Sigma Educa\u00e7\u00e3o, compreender a aprendizagem como um investimento estrat\u00e9gico significa reconhecer que o desenvolvimento econ\u00f4mico depende, cada vez mais, da forma\u00e7\u00e3o de pessoas preparadas para enfrentar desafios complexos e construir solu\u00e7\u00f5es sustent\u00e1veis. Em uma economia baseada no conhecimento, a competitividade das organiza\u00e7\u00f5es est\u00e1 diretamente relacionada \u00e0 capacidade de transformar educa\u00e7\u00e3o em desenvolvimento, inova\u00e7\u00e3o e crescimento.<\/p>\n<p>A <b>OESP<\/b> n\u00e3o \u00e9(s\u00e3o) respons\u00e1vel(is) por erros, incorre\u00e7\u00f5es, atrasos ou quaisquer decis\u00f5es tomadas por seus clientes com base nos Conte\u00fados ora disponibilizados, bem como tais Conte\u00fados n\u00e3o representam a opini\u00e3o da <b>OESP<\/b> e s\u00e3o de inteira responsabilidade da <b>Ag\u00eancia Saftec<\/b><\/p>\n","protected":false},"excerpt":{"rendered":"A transforma\u00e7\u00e3o digital e as mudan\u00e7as no mercado de trabalho ampliam o papel da educa\u00e7\u00e3o como fator estrat\u00e9gico para produtividade, inova\u00e7\u00e3o e crescimento econ\u00f4mico. Durante muitos anos, a","protected":false},"author":1,"featured_media":137247,"comment_status":"open","ping_status":"closed","sticky":false,"template":"","format":"standard","meta":{"_acf_changed":false,"inline_featured_image":false,"_monsterinsights_skip_tracking":false,"_monsterinsights_sitenote_active":false,"_monsterinsights_sitenote_note":"","_monsterinsights_sitenote_category":0,"footnotes":""},"categories":[525],"tags":[],"class_list":["post-137246","post","type-post","status-publish","format-standard","has-post-thumbnail","hentry","category-saftec-digital"],"acf":[],"_links":{"self":[{"href":"https:\/\/bluestudio.estadao.com.br\/agencia-de-comunicacao\/wp-json\/wp\/v2\/posts\/137246","targetHints":{"allow":["GET"]}}],"collection":[{"href":"https:\/\/bluestudio.estadao.com.br\/agencia-de-comunicacao\/wp-json\/wp\/v2\/posts"}],"about":[{"href":"https:\/\/bluestudio.estadao.com.br\/agencia-de-comunicacao\/wp-json\/wp\/v2\/types\/post"}],"author":[{"embeddable":true,"href":"https:\/\/bluestudio.estadao.com.br\/agencia-de-comunicacao\/wp-json\/wp\/v2\/users\/1"}],"replies":[{"embeddable":true,"href":"https:\/\/bluestudio.estadao.com.br\/agencia-de-comunicacao\/wp-json\/wp\/v2\/comments?post=137246"}],"version-history":[{"count":0,"href":"https:\/\/bluestudio.estadao.com.br\/agencia-de-comunicacao\/wp-json\/wp\/v2\/posts\/137246\/revisions"}],"wp:featuredmedia":[{"embeddable":true,"href":"https:\/\/bluestudio.estadao.com.br\/agencia-de-comunicacao\/wp-json\/wp\/v2\/media\/137247"}],"wp:attachment":[{"href":"https:\/\/bluestudio.estadao.com.br\/agencia-de-comunicacao\/wp-json\/wp\/v2\/media?parent=137246"}],"wp:term":[{"taxonomy":"category","embeddable":true,"href":"https:\/\/bluestudio.estadao.com.br\/agencia-de-comunicacao\/wp-json\/wp\/v2\/categories?post=137246"},{"taxonomy":"post_tag","embeddable":true,"href":"https:\/\/bluestudio.estadao.com.br\/agencia-de-comunicacao\/wp-json\/wp\/v2\/tags?post=137246"}],"curies":[{"name":"wp","href":"https:\/\/api.w.org\/{rel}","templated":true}]}}