{"id":137238,"date":"2026-08-26T08:20:00","date_gmt":"2026-08-26T11:20:00","guid":{"rendered":"https:\/\/bluestudio.estadao.com.br\/agencia-de-comunicacao\/saftec-digital\/o-cto-jean-pierre-lessa-e-santos-ferreira-examina-o-que-investidores-devem-avaliar-em-empresas-com-datacenters-proprios\/"},"modified":"2026-08-26T08:20:00","modified_gmt":"2026-08-26T11:20:00","slug":"o-cto-jean-pierre-lessa-e-santos-ferreira-examina-o-que-investidores-devem-avaliar-em-empresas-com-datacenters-proprios","status":"publish","type":"post","link":"https:\/\/bluestudio.estadao.com.br\/agencia-de-comunicacao\/saftec-digital\/o-cto-jean-pierre-lessa-e-santos-ferreira-examina-o-que-investidores-devem-avaliar-em-empresas-com-datacenters-proprios\/","title":{"rendered":"O CTO Jean Pierre Lessa e Santos Ferreira examina o que investidores devem avaliar em empresas com datacenters pr\u00f3prios"},"content":{"rendered":"<p><b>Capacidade instalada, redund\u00e2ncia e planos de expans\u00e3o influenciam diretamente a avalia\u00e7\u00e3o de risco em neg\u00f3cios de base tecnol\u00f3gica.<\/b><\/p>\n<p>Empresas que operam datacenters pr\u00f3prios carregam um tipo de ativo que raramente aparece de forma clara em balan\u00e7os tradicionais, mas que pesa diretamente na capacidade de crescer sem interrup\u00e7\u00f5es. Investidores acostumados a avaliar neg\u00f3cios de base tecnol\u00f3gica j\u00e1 incluem esse tipo de estrutura na an\u00e1lise de risco, ao lado de m\u00e9tricas financeiras mais convencionais. Rodadas de investimento em empresas com forte depend\u00eancia de infraestrutura pr\u00f3pria costumam incluir uma etapa t\u00e9cnica dedicada exclusivamente a essa avalia\u00e7\u00e3o, conduzida em paralelo \u00e0 an\u00e1lise financeira tradicional.<\/p>\n<p>Jean Pierre Lessa e Santos Ferreira, diretor de tecnologia, detalha alguns pontos que costumam diferenciar opera\u00e7\u00f5es de datacenter maduras daquelas ainda expostas a riscos operacionais relevantes. Capacidade instalada, redund\u00e2ncia de sistemas cr\u00edticos e planejamento de expans\u00e3o formam o n\u00facleo dessa avalia\u00e7\u00e3o, independentemente do setor em que a empresa atua.<\/p>\n<p><b>Capacidade instalada revela maturidade operacional<\/b><\/p>\n<p>O volume de processamento e armazenamento dispon\u00edvel em rela\u00e7\u00e3o \u00e0 demanda atual da empresa funciona como um primeiro indicador de maturidade. Estruturas operando muito pr\u00f3ximas do limite de capacidade tendem a apresentar mais instabilidade em picos de uso, o que se traduz em risco direto para opera\u00e7\u00f5es que dependem de disponibilidade constante.<\/p>\n<p>Empresas que mant\u00eam margem de capacidade acima da demanda projetada para os pr\u00f3ximos meses costumam absorver picos sazonais sem degrada\u00e7\u00e3o percept\u00edvel de servi\u00e7o. A folga operacional, embora represente custo adicional no curto prazo, reduz a exposi\u00e7\u00e3o a incidentes que poderiam comprometer contratos e receita recorrente. Empresas que monitoram essa margem de forma cont\u00ednua, ajustando capacidade conforme o crescimento da base de clientes, tendem a evitar tanto o desperd\u00edcio de recursos ociosos quanto o risco de operar pr\u00f3ximo do limite t\u00e9cnico da estrutura.<\/p>\n<p><b>Redund\u00e2ncia determina resili\u00eancia diante de falhas<\/b><\/p>\n<p>Sistemas cr\u00edticos sem redund\u00e2ncia adequada concentram risco em pontos \u00fanicos de falha, cen\u00e1rio que investidores tendem a considerar sens\u00edvel em qualquer an\u00e1lise de continuidade de neg\u00f3cio. Jean Pierre Lessa e Santos Ferreira esclarece que a redund\u00e2ncia n\u00e3o se limita a equipamentos duplicados, envolvendo tamb\u00e9m fontes de energia alternativas, conectividade redundante e planos de recupera\u00e7\u00e3o testados com regularidade. Empresas que negligenciam algum desses pilares tendem a apresentar vulnerabilidades que s\u00f3 se tornam evidentes no momento em que uma falha real ocorre.<\/p>\n<p>Empresas que documentam e testam periodicamente seus planos de conting\u00eancia costumam apresentar tempos de recupera\u00e7\u00e3o significativamente menores em caso de falha, em compara\u00e7\u00e3o com neg\u00f3cios que tratam esse planejamento como formalidade. O hist\u00f3rico de testes realizados com regularidade tende a compor parte relevante da due diligence t\u00e9cnica em opera\u00e7\u00f5es de investimento ou aquisi\u00e7\u00e3o, funcionando como registro concreto da maturidade da estrutura.<\/p>\n<p><b>Planos de expans\u00e3o sinalizam preparo para crescer<\/b><\/p>\n<p>A forma como uma empresa planeja ampliar sua infraestrutura, seja com expans\u00e3o f\u00edsica, contratos de capacidade adicional ou modelos h\u00edbridos combinando estrutura pr\u00f3pria e servi\u00e7os de nuvem, funciona como indicador de preparo para sustentar crescimento acelerado sem comprometer a opera\u00e7\u00e3o existente.<\/p>\n<p>Jean Pierre Lessa e Santos Ferreira avalia que neg\u00f3cios capazes de apresentar um roteiro claro de expans\u00e3o de infraestrutura, alinhado a proje\u00e7\u00f5es de crescimento do pr\u00f3prio neg\u00f3cio, tendem a reduzir a percep\u00e7\u00e3o de risco em rodadas de investimento. Um planejamento desse tipo evidencia maturidade de gest\u00e3o que vai al\u00e9m da tecnologia isolada, refletindo diretamente na governan\u00e7a geral da empresa avaliada. Fundos e investidores institucionais que acompanham neg\u00f3cios de base tecnol\u00f3gica tendem a incorporar esse crit\u00e9rio de forma cada vez mais estruturada, comparando o n\u00edvel de detalhamento do planejamento de infraestrutura entre diferentes oportunidades analisadas em um mesmo ciclo de investimento.<\/p>\n<p>A <b>OESP<\/b> n\u00e3o \u00e9(s\u00e3o) respons\u00e1vel(is) por erros, incorre\u00e7\u00f5es, atrasos ou quaisquer decis\u00f5es tomadas por seus clientes com base nos Conte\u00fados ora disponibilizados, bem como tais Conte\u00fados n\u00e3o representam a opini\u00e3o da <b>OESP<\/b> e s\u00e3o de inteira responsabilidade da <b>Ag\u00eancia Saftec<\/b><\/p>\n","protected":false},"excerpt":{"rendered":"Capacidade instalada, redund\u00e2ncia e planos de expans\u00e3o influenciam diretamente a avalia\u00e7\u00e3o de risco em neg\u00f3cios de base tecnol\u00f3gica. Empresas que operam datacenters pr\u00f3prios carregam um tipo de","protected":false},"author":1,"featured_media":137239,"comment_status":"open","ping_status":"closed","sticky":false,"template":"","format":"standard","meta":{"_acf_changed":false,"inline_featured_image":false,"_monsterinsights_skip_tracking":false,"_monsterinsights_sitenote_active":false,"_monsterinsights_sitenote_note":"","_monsterinsights_sitenote_category":0,"footnotes":""},"categories":[525],"tags":[],"class_list":["post-137238","post","type-post","status-publish","format-standard","has-post-thumbnail","hentry","category-saftec-digital"],"acf":[],"_links":{"self":[{"href":"https:\/\/bluestudio.estadao.com.br\/agencia-de-comunicacao\/wp-json\/wp\/v2\/posts\/137238","targetHints":{"allow":["GET"]}}],"collection":[{"href":"https:\/\/bluestudio.estadao.com.br\/agencia-de-comunicacao\/wp-json\/wp\/v2\/posts"}],"about":[{"href":"https:\/\/bluestudio.estadao.com.br\/agencia-de-comunicacao\/wp-json\/wp\/v2\/types\/post"}],"author":[{"embeddable":true,"href":"https:\/\/bluestudio.estadao.com.br\/agencia-de-comunicacao\/wp-json\/wp\/v2\/users\/1"}],"replies":[{"embeddable":true,"href":"https:\/\/bluestudio.estadao.com.br\/agencia-de-comunicacao\/wp-json\/wp\/v2\/comments?post=137238"}],"version-history":[{"count":0,"href":"https:\/\/bluestudio.estadao.com.br\/agencia-de-comunicacao\/wp-json\/wp\/v2\/posts\/137238\/revisions"}],"wp:featuredmedia":[{"embeddable":true,"href":"https:\/\/bluestudio.estadao.com.br\/agencia-de-comunicacao\/wp-json\/wp\/v2\/media\/137239"}],"wp:attachment":[{"href":"https:\/\/bluestudio.estadao.com.br\/agencia-de-comunicacao\/wp-json\/wp\/v2\/media?parent=137238"}],"wp:term":[{"taxonomy":"category","embeddable":true,"href":"https:\/\/bluestudio.estadao.com.br\/agencia-de-comunicacao\/wp-json\/wp\/v2\/categories?post=137238"},{"taxonomy":"post_tag","embeddable":true,"href":"https:\/\/bluestudio.estadao.com.br\/agencia-de-comunicacao\/wp-json\/wp\/v2\/tags?post=137238"}],"curies":[{"name":"wp","href":"https:\/\/api.w.org\/{rel}","templated":true}]}}