{"id":137176,"date":"2026-08-25T14:58:00","date_gmt":"2026-08-25T17:58:00","guid":{"rendered":"https:\/\/bluestudio.estadao.com.br\/agencia-de-comunicacao\/knewin-dino\/varejo-digital-brasileiro-amplia-pagamentos-e-logistica\/"},"modified":"2026-08-25T14:58:00","modified_gmt":"2026-08-25T17:58:00","slug":"varejo-digital-brasileiro-amplia-pagamentos-e-logistica","status":"publish","type":"post","link":"https:\/\/bluestudio.estadao.com.br\/agencia-de-comunicacao\/knewin-dino\/varejo-digital-brasileiro-amplia-pagamentos-e-logistica\/","title":{"rendered":"Varejo digital brasileiro amplia pagamentos e log\u00edstica"},"content":{"rendered":"<p>A Associa\u00e7\u00e3o Brasileira de Intelig\u00eancia Artificial e E-commerce (Abiacom) divulgou que o com\u00e9rcio eletr\u00f4nico no Brasil faturou R$ 235,5 bilh\u00f5es em 2025, representando alta de 15,3% em rela\u00e7\u00e3o a 2024. O setor registrou 438,9 milh\u00f5es de pedidos, ticket m\u00e9dio de R$ 536,6 e 94,2 milh\u00f5es de consumidores ativos; a proje\u00e7\u00e3o da entidade para 2026 \u00e9 de R$ 259,8 bilh\u00f5es.<\/p>\n<p>O crescimento impulsionou a revis\u00e3o dos meios de pagamento e da estrutura log\u00edstica pelos varejistas. Dispositivos m\u00f3veis foram respons\u00e1veis por 79% das transa\u00e7\u00f5es online, refor\u00e7ando a necessidade de processos de pagamento \u00e1geis. Dados da Abiacom apontam que o Pix respondeu por 42% dos pagamentos digitais, enquanto a participa\u00e7\u00e3o dos cart\u00f5es de cr\u00e9dito recuou de 40% para 34% no mesmo per\u00edodo. Nas lojas f\u00edsicas, os cart\u00f5es continuam predominantes, o que tem levado comerciantes a avaliar diferentes modelos de <a href=\"https:\/\/maquininhashop.com\/\" target=\"_blank\">m\u00e1quinas de cart\u00e3o<\/a>, entre op\u00e7\u00f5es como <a href=\"https:\/\/maquininhashop.com\/categoria-produto\/marcas\/pagbank\/\" target=\"_blank\">PagBank<\/a>\u00a0e\u00a0<a href=\"https:\/\/maquininhashop.com\/produto\/maquininha-smart-infinitepay\/\" target=\"_blank\">InfinitePay<\/a>.<\/p>\n<p>O crescimento do com\u00e9rcio eletr\u00f4nico tamb\u00e9m tem reflexo fora do ambiente digital. Levantamento da FipeZap mostra que o aluguel comercial acumulou alta de 7,83% em 12 meses, avan\u00e7o associado \u00e0 retomada de atividades presenciais e \u00e0 expans\u00e3o do varejo. Isso inclui vendedores on-line que, ao ampliar o volume de pedidos, deixam de operar apenas a partir de casa e passam a buscar um ponto comercial para centralizar estoque e despacho \u2014 movimento que impulsiona a procura por im\u00f3veis comerciais para loca\u00e7\u00e3o em portais como o <a href=\"https:\/\/anunciarimoveis.com\/\" target=\"_blank\">AnunciarImoveis.com<\/a>.<\/p>\n<p>A expans\u00e3o das vendas digitais tamb\u00e9m pressionou a cadeia log\u00edstica. Pesquisa da Loggi indicou que pequenas e m\u00e9dias empresas aumentaram suas vendas no e-commerce em 77% em 2025, demandando solu\u00e7\u00f5es de embalagem que reduzam avarias e otimizem o espa\u00e7o de estoque. Empresas especializadas, como a <a href=\"https:\/\/solarembalagens.com.br\/\" target=\"_blank\">Solar Embalagens<\/a>, t\u00eam atendido a essa demanda crescente.<\/p>\n<p>Em termos de categorias, o segmento de beleza e cosm\u00e9ticos registrou crescimento de 22% nas vendas digitais, impulsionado por produtos de skincare, maquiagem e cuidados capilares. Lojas de nicho, como a <a href=\"https:\/\/johmega.com.br\/\" target=\"_blank\">Joh Mega<\/a>, que atua no segmento de mega hair, exemplificam a diversifica\u00e7\u00e3o do com\u00e9rcio eletr\u00f4nico para \u00e1reas antes concentradas no varejo tradicional.<\/p>\n<p>Rodrigo Mendes de Oliveira, especialista em e-commerce e varejo digital, destacou que o sucesso das empresas est\u00e1 ligado \u00e0 integra\u00e7\u00e3o entre os processos de pagamento, o espa\u00e7o f\u00edsico e a log\u00edstica como componentes da experi\u00eancia de compra, e n\u00e3o como etapas burocr\u00e1ticas isoladas. Essa vis\u00e3o orienta estrat\u00e9gias de investimento em tecnologia de pagamento, em ocupa\u00e7\u00e3o de espa\u00e7o comercial, em otimiza\u00e7\u00e3o de processos log\u00edsticos e em adequa\u00e7\u00e3o de embalagens para atender \u00e0s exig\u00eancias dos consumidores digitais.<\/p>\n<p>Website: <a href=\"https:\/\/maquininhashop.com\/\" target=\"_blank\">https:\/\/maquininhashop.com\/<\/a><\/p>\n<p>Foto: Imagem gerada por Intelig\u00eancia Artificial (Gemini \/ Imagen 3)<\/p>\n<p>A <b>OESP<\/b> n\u00e3o \u00e9(s\u00e3o) respons\u00e1vel(is) por erros, incorre\u00e7\u00f5es, atrasos ou quaisquer decis\u00f5es tomadas por seus clientes com base nos Conte\u00fados ora disponibilizados, bem como tais Conte\u00fados n\u00e3o representam a opini\u00e3o da <b>OESP<\/b> e s\u00e3o de inteira responsabilidade da <b>Knewin Dino<\/b><\/p>\n","protected":false},"excerpt":{"rendered":"A Associa\u00e7\u00e3o Brasileira de Intelig\u00eancia Artificial e E-commerce (Abiacom) divulgou que o com\u00e9rcio eletr\u00f4nico no Brasil faturou R$ 235,5 bilh\u00f5es em 2025, representando alta de 15,3% em rela\u00e7\u00e3o","protected":false},"author":1,"featured_media":137177,"comment_status":"open","ping_status":"closed","sticky":false,"template":"","format":"standard","meta":{"_acf_changed":false,"inline_featured_image":false,"_monsterinsights_skip_tracking":false,"_monsterinsights_sitenote_active":false,"_monsterinsights_sitenote_note":"","_monsterinsights_sitenote_category":0,"footnotes":""},"categories":[11470],"tags":[12400,12399,101,300,47],"class_list":["post-137176","post","type-post","status-publish","format-standard","has-post-thumbnail","hentry","category-knewin-dino","tag-atacado-e-varejo","tag-e-commerce","tag-economia","tag-negocios","tag-tecnologia"],"acf":[],"_links":{"self":[{"href":"https:\/\/bluestudio.estadao.com.br\/agencia-de-comunicacao\/wp-json\/wp\/v2\/posts\/137176","targetHints":{"allow":["GET"]}}],"collection":[{"href":"https:\/\/bluestudio.estadao.com.br\/agencia-de-comunicacao\/wp-json\/wp\/v2\/posts"}],"about":[{"href":"https:\/\/bluestudio.estadao.com.br\/agencia-de-comunicacao\/wp-json\/wp\/v2\/types\/post"}],"author":[{"embeddable":true,"href":"https:\/\/bluestudio.estadao.com.br\/agencia-de-comunicacao\/wp-json\/wp\/v2\/users\/1"}],"replies":[{"embeddable":true,"href":"https:\/\/bluestudio.estadao.com.br\/agencia-de-comunicacao\/wp-json\/wp\/v2\/comments?post=137176"}],"version-history":[{"count":0,"href":"https:\/\/bluestudio.estadao.com.br\/agencia-de-comunicacao\/wp-json\/wp\/v2\/posts\/137176\/revisions"}],"wp:featuredmedia":[{"embeddable":true,"href":"https:\/\/bluestudio.estadao.com.br\/agencia-de-comunicacao\/wp-json\/wp\/v2\/media\/137177"}],"wp:attachment":[{"href":"https:\/\/bluestudio.estadao.com.br\/agencia-de-comunicacao\/wp-json\/wp\/v2\/media?parent=137176"}],"wp:term":[{"taxonomy":"category","embeddable":true,"href":"https:\/\/bluestudio.estadao.com.br\/agencia-de-comunicacao\/wp-json\/wp\/v2\/categories?post=137176"},{"taxonomy":"post_tag","embeddable":true,"href":"https:\/\/bluestudio.estadao.com.br\/agencia-de-comunicacao\/wp-json\/wp\/v2\/tags?post=137176"}],"curies":[{"name":"wp","href":"https:\/\/api.w.org\/{rel}","templated":true}]}}