{"id":137164,"date":"2026-08-25T14:49:09","date_gmt":"2026-08-25T17:49:09","guid":{"rendered":"https:\/\/bluestudio.estadao.com.br\/agencia-de-comunicacao\/?p=137164"},"modified":"2026-08-25T16:06:00","modified_gmt":"2026-08-25T19:06:00","slug":"lideranca-feminina-hack-town","status":"publish","type":"post","link":"https:\/\/bluestudio.estadao.com.br\/agencia-de-comunicacao\/releases\/releases-geral\/lideranca-feminina-hack-town\/","title":{"rendered":"Conex\u00e3o Protagonistas leva debate sobre lideran\u00e7a feminina ao Hack Town\u00a0"},"content":{"rendered":"\n<p class=\"wp-block-paragraph\"><em>Christiane Pelajo, Carolina Dostal, Fernanda Amorim e Patrizia Parenti<\/em> debatem o futuro do trabalho e o protagonismo feminino no festival de inova\u00e7\u00e3o em Minas Gerais.<\/p>\n\n\n\n<figure class=\"wp-block-image size-full\"><img loading=\"lazy\" decoding=\"async\" width=\"1000\" height=\"667\" src=\"https:\/\/bluestudio.estadao.com.br\/agencia-de-comunicacao\/wp-content\/uploads\/2026\/08\/WhatsApp-Image-2026-08-25-at-15.48.52.jpeg\" alt=\"\" class=\"wp-image-137186\" srcset=\"https:\/\/bluestudio.estadao.com.br\/agencia-de-comunicacao\/wp-content\/uploads\/2026\/08\/WhatsApp-Image-2026-08-25-at-15.48.52.jpeg 1000w, https:\/\/bluestudio.estadao.com.br\/agencia-de-comunicacao\/wp-content\/uploads\/2026\/08\/WhatsApp-Image-2026-08-25-at-15.48.52-300x200.jpeg 300w, https:\/\/bluestudio.estadao.com.br\/agencia-de-comunicacao\/wp-content\/uploads\/2026\/08\/WhatsApp-Image-2026-08-25-at-15.48.52-768x512.jpeg 768w\" sizes=\"auto, (max-width: 1000px) 100vw, 1000px\" \/><figcaption class=\"wp-element-caption\">Lideran\u00e7as femininas do Conex\u00e3o Protagonistas debatem futuro do trabalho e intelig\u00eancia artificial no Hack Town. Imagem \/ Divulga\u00e7\u00e3o: Carolina Dostal<\/figcaption><\/figure>\n\n\n\n<p class=\"wp-block-paragraph\">O <a href=\"https:\/\/hacktown.com.br\/\" target=\"_blank\" rel=\"noopener\">Hack Town<\/a>, um dos maiores festivais de inova\u00e7\u00e3o, tecnologia e neg\u00f3cios, realizado em Santa Rita do Sapuca\u00ed (MG), recebe no dia 5 de setembro o painel <em>\u201cO Futuro do Trabalho J\u00e1 Come\u00e7ou. A Sua Lideran\u00e7a Est\u00e1 Pronta?\u201d<\/em>. A apresenta\u00e7\u00e3o, agendada para as 13h, re\u00fane <a href=\"https:\/\/www.linkedin.com\/in\/chrispelajo\/\" target=\"_blank\" rel=\"noopener\">Christiane Pelajo<\/a>, jornalista e \u00e2ncora da CNBC; <a href=\"https:\/\/www.linkedin.com\/in\/caroldostal\/\" target=\"_blank\" rel=\"noopener\">Carolina Dostal<\/a>, LinkedIn Top Voice e mentora de executivos; <a href=\"https:\/\/www.linkedin.com\/in\/fernanda-amorim-06s73\/\" target=\"_blank\" rel=\"noopener\">Fernanda Amorim<\/a>, especialista em treinamento de executivos e s\u00f3cia-diretora da RPMA Comunica\u00e7\u00e3o; e <a href=\"https:\/\/www.instagram.com\/pazy10\/\" target=\"_blank\" rel=\"noopener\">Patrizia Parenti<\/a>, CEO da Bluecore.<\/p>\n\n\n\n<p class=\"wp-block-paragraph\">Durante o painel, as quatro profissionais \u2014 que constru\u00edram carreiras de sucesso em \u00e1reas distintas e integram o <a href=\"https:\/\/www.instagram.com\/conexaoprotagonistas\/\" target=\"_blank\" rel=\"noopener\">Conex\u00e3o Protagonistas<\/a> (ecossistema que promove o protagonismo feminino) \u2014 discutir\u00e3o o avan\u00e7o acelerado da intelig\u00eancia artificial (IA) no ambiente corporativo e as exig\u00eancias de adapta\u00e7\u00e3o estrat\u00e9gica para a lideran\u00e7a, em especial a feminina.<\/p>\n\n\n\n<h2 class=\"wp-block-heading\"><strong>O que \u00e9 o Conex\u00e3o Protagonistas?<\/strong><\/h2>\n\n\n\n<p class=\"wp-block-paragraph\">Apresentado com linguagem acess\u00edvel por quatro grandes lideran\u00e7as femininas, o tema traz ao palco do Hack Town o mesmo esp\u00edrito que move o ecossistema <a href=\"https:\/\/www.instagram.com\/conexaoprotagonistas\/\" target=\"_blank\" rel=\"noopener\">Conex\u00e3o Protagonistas<\/a> desde a sua origem: conectar hist\u00f3rias, neg\u00f3cios e protagonismo para causar um impacto positivo e real na sociedade.<\/p>\n\n\n\n<p class=\"wp-block-paragraph\">O projeto nasceu como uma obra colaborativa, com o objetivo de inspirar a transforma\u00e7\u00e3o social ao contar a trajet\u00f3ria de 65 mulheres de forma corajosa, transparente e humana. O livro Protagonistas, por\u00e9m, demonstrou que o valor da informa\u00e7\u00e3o n\u00e3o estava apenas no formato, mas na gera\u00e7\u00e3o de movimento. Ap\u00f3s o lan\u00e7amento, a rede formada em torno do projeto manteve contato e passou a trocar indica\u00e7\u00f5es, parcerias, convites e apoio m\u00fatuo.<\/p>\n\n\n\n<p class=\"wp-block-paragraph\">Com isso, Christiane Pelajo, Carol Dostal, Fernanda Amorim e Ma\u00edra Donnici transformaram essa conex\u00e3o em um ecossistema completo: o <a href=\"https:\/\/www.instagram.com\/conexaoprotagonistas\/\" target=\"_blank\" rel=\"noopener\">Conex\u00e3o Protagonistas<\/a>. Ele utiliza todo o potencial da comunica\u00e7\u00e3o para transformar hist\u00f3rias encorajadoras de lideran\u00e7as femininas em conversas permanentes por meio de podcasts, talks, pain\u00e9is e palestras para empresas.<\/p>\n\n\n\n<p class=\"wp-block-paragraph\">De forma leg\u00edtima e aut\u00eantica, a iniciativa tamb\u00e9m defende a presen\u00e7a de homens no debate. Afinal, como define a mensagem inaugural no perfil do projeto: \u201cAs mesas que decidem promo\u00e7\u00e3o, or\u00e7amento e patroc\u00ednio seguem majoritariamente masculinas. Conversar apenas entre quem j\u00e1 concorda n\u00e3o muda o organograma de ningu\u00e9m\u201d.<\/p>\n\n\n\n<h2 class=\"wp-block-heading\"><strong>Debate produtivo e com resultados reais<\/strong><\/h2>\n\n\n\n<p class=\"wp-block-paragraph\">Alguns n\u00fameros ajudam a dimensionar a necessidade e a relev\u00e2ncia de promover esse di\u00e1logo maduro, leve, amplo e produtivo em busca de mudan\u00e7as reais no mercado de trabalho. Divulgado recentemente, um <a href=\"https:\/\/abstartups.com.br\/wp-content\/uploads\/Mapeamento-do-Ecossistema-de-Startups-2025.pdf\" target=\"_blank\" rel=\"noopener\">mapeamento da ABStartups<\/a> constatou que apenas 19,9% das pessoas fundadoras de startups no pa\u00eds s\u00e3o mulheres. Por sua vez, uma pesquisa da FGV EAESP identificou que cerca de 12% dos cargos avaliados possuem lideran\u00e7as femininas.<\/p>\n\n\n\n<p class=\"wp-block-paragraph\">Nesse cen\u00e1rio, as lideran\u00e7as do <a href=\"https:\/\/www.instagram.com\/conexaoprotagonistas\/\" target=\"_blank\" rel=\"noopener\">Conex\u00e3o Protagonistas<\/a> que participar\u00e3o do Hack Town ilustram caminhos poss\u00edveis. Com uma trajet\u00f3ria de sucesso de tr\u00eas d\u00e9cadas no jornalismo, Christiane Pelajo integrou a equipe que colocou a GloboNews no ar, apresentou o Jornal da Globo por 11 anos e, em 2024, tornou-se a primeira \u00e2ncora contratada pela CNBC Brasil.<\/p>\n\n\n\n<p class=\"wp-block-paragraph\">Carolina Dostal constr\u00f3i reputa\u00e7\u00e3o e influ\u00eancia executiva com C-levels, conselheiros e fundadores, posicionando-se como especialista em LinkedIn e marca pessoal, al\u00e9m de refer\u00eancia em futuro do trabalho, IA e reputa\u00e7\u00e3o digital.<\/p>\n\n\n\n<p class=\"wp-block-paragraph\">P\u00f3s-graduada em Lideran\u00e7a e Transforma\u00e7\u00e3o Digital, Fernanda Amorim \u00e9 s\u00f3cia-diretora e head de treinamentos executivos da RPMA Comunica\u00e7\u00e3o. J\u00e1 Patrizia Parenti est\u00e1 \u00e0 frente da Bluecore, empresa de servi\u00e7os de tecnologia.<\/p>\n\n\n\n<p class=\"wp-block-paragraph\">Para o Conex\u00e3o Protagonistas, a presen\u00e7a no festival abre portas para um p\u00fablico formado por startups, grandes corpora\u00e7\u00f5es e investidores. A aposta do ecossistema \u00e9 servir de ponte entre marcas e pautas como lideran\u00e7a, diversidade e futuro do trabalho.<\/p>\n\n\n\n<h3 class=\"wp-block-heading\"><strong>Servi\u00e7o<\/strong><\/h3>\n\n\n\n<p class=\"wp-block-paragraph\"><strong>Evento:<\/strong> Hack Town<\/p>\n\n\n\n<p class=\"wp-block-paragraph\"><strong>Painel:<\/strong> O Futuro do Trabalho J\u00e1 Come\u00e7ou. A Sua Lideran\u00e7a Est\u00e1 Pronta?<\/p>\n\n\n\n<p class=\"wp-block-paragraph\"><strong>Data:<\/strong> 5 de setembro<\/p>\n\n\n\n<p class=\"wp-block-paragraph\"><strong>Hor\u00e1rio<\/strong>: 13h<\/p>\n\n\n\n<p class=\"wp-block-paragraph\"><strong>Participantes:<\/strong> Christiane Pelajo, Carolina Dostal, Fernanda Amorim e Patrizia Parenti<\/p>\n\n\n\n<p class=\"wp-block-paragraph\"><strong>Realiza\u00e7\u00e3o:<\/strong> Conex\u00e3o Protagonistas<\/p>\n\n\n\n<p class=\"wp-block-paragraph\"><strong>Contato:<\/strong> <a href=\"mailto:conexaoprotagonistas@gmail.com\">conexaoprotagonistas@gmail.com<\/a> | <a href=\"https:\/\/www.instagram.com\/conexaoprotagonistas\/\">@conexaoprotagonistas<\/a><\/p>\n\n\n\n<p class=\"wp-block-paragraph\"><\/p>\n","protected":false},"excerpt":{"rendered":"Conex\u00e3o Protagonistas leva ao Hack Town debate sobre lideran\u00e7a feminina, intelig\u00eancia artificial e futuro do trabalho.","protected":false},"author":17,"featured_media":0,"comment_status":"open","ping_status":"closed","sticky":false,"template":"","format":"standard","meta":{"_acf_changed":false,"inline_featured_image":false,"_monsterinsights_skip_tracking":false,"_monsterinsights_sitenote_active":false,"_monsterinsights_sitenote_note":"","_monsterinsights_sitenote_category":0,"footnotes":""},"categories":[132,34],"tags":[],"class_list":["post-137164","post","type-post","status-publish","format-standard","hentry","category-releases","category-releases-geral"],"acf":[],"_links":{"self":[{"href":"https:\/\/bluestudio.estadao.com.br\/agencia-de-comunicacao\/wp-json\/wp\/v2\/posts\/137164","targetHints":{"allow":["GET"]}}],"collection":[{"href":"https:\/\/bluestudio.estadao.com.br\/agencia-de-comunicacao\/wp-json\/wp\/v2\/posts"}],"about":[{"href":"https:\/\/bluestudio.estadao.com.br\/agencia-de-comunicacao\/wp-json\/wp\/v2\/types\/post"}],"author":[{"embeddable":true,"href":"https:\/\/bluestudio.estadao.com.br\/agencia-de-comunicacao\/wp-json\/wp\/v2\/users\/17"}],"replies":[{"embeddable":true,"href":"https:\/\/bluestudio.estadao.com.br\/agencia-de-comunicacao\/wp-json\/wp\/v2\/comments?post=137164"}],"version-history":[{"count":2,"href":"https:\/\/bluestudio.estadao.com.br\/agencia-de-comunicacao\/wp-json\/wp\/v2\/posts\/137164\/revisions"}],"predecessor-version":[{"id":137187,"href":"https:\/\/bluestudio.estadao.com.br\/agencia-de-comunicacao\/wp-json\/wp\/v2\/posts\/137164\/revisions\/137187"}],"wp:attachment":[{"href":"https:\/\/bluestudio.estadao.com.br\/agencia-de-comunicacao\/wp-json\/wp\/v2\/media?parent=137164"}],"wp:term":[{"taxonomy":"category","embeddable":true,"href":"https:\/\/bluestudio.estadao.com.br\/agencia-de-comunicacao\/wp-json\/wp\/v2\/categories?post=137164"},{"taxonomy":"post_tag","embeddable":true,"href":"https:\/\/bluestudio.estadao.com.br\/agencia-de-comunicacao\/wp-json\/wp\/v2\/tags?post=137164"}],"curies":[{"name":"wp","href":"https:\/\/api.w.org\/{rel}","templated":true}]}}