{"id":137152,"date":"2026-08-25T14:15:00","date_gmt":"2026-08-25T17:15:00","guid":{"rendered":"https:\/\/bluestudio.estadao.com.br\/agencia-de-comunicacao\/knewin-dino\/moura-amplia-linha-bess-para-casas-condominios-e-empresas\/"},"modified":"2026-08-25T14:15:00","modified_gmt":"2026-08-25T17:15:00","slug":"moura-amplia-linha-bess-para-casas-condominios-e-empresas","status":"publish","type":"post","link":"https:\/\/bluestudio.estadao.com.br\/agencia-de-comunicacao\/knewin-dino\/moura-amplia-linha-bess-para-casas-condominios-e-empresas\/","title":{"rendered":"Moura amplia linha BESS para casas, condom\u00ednios e empresas"},"content":{"rendered":"<p>A Baterias Moura apresentar\u00e1 na Intersolar South America 2026 a amplia\u00e7\u00e3o da linha Moura BESS, com sistemas de armazenamento de energia (BESS) de pequeno porte para resid\u00eancias, condom\u00ednios, neg\u00f3cios e empresas de menor escala. As solu\u00e7\u00f5es permitem integrar autogera\u00e7\u00e3o e consumo inteligente, fazendo com que a energia produzida ao longo do dia seja administrada conforme as prioridades de cada im\u00f3vel ou opera\u00e7\u00e3o.<\/p>\n<p>Quando instaladas em resid\u00eancias ou neg\u00f3cios que j\u00e1 possuem sistemas fotovoltaicos, as solu\u00e7\u00f5es da linha Moura BESS n\u00e3o funcionam apenas como backup para o momento de interrup\u00e7\u00f5es. Ao armazenar a energia autogerada, ela permite decidir quais cargas devem ser priorizadas e em que momento utiliz\u00e1-las. Ampliam o autoconsumo, sustentam equipamentos cr\u00edticos, reduzem picos de demanda e deslocam o uso da energia para hor\u00e1rios adequados.<\/p>\n<p>\u201cA pluralidade de aplica\u00e7\u00f5es exige mais do que ampliar a oferta de equipamentos. Resid\u00eancias, condom\u00ednios, com\u00e9rcios e opera\u00e7\u00f5es industriais possuem perfis distintos de consumo, infraestrutura el\u00e9trica, espa\u00e7o dispon\u00edvel, criticidade de cargas e objetivos financeiros. Por isso, a linha Moura BESS foi estruturada para que a configura\u00e7\u00e3o tecnol\u00f3gica seja definida a partir da necessidade de cada cliente, combinando pot\u00eancia, capacidade de armazenamento, autonomia e possibilidade de expans\u00e3o\u201d, afirma Felipe Godoy, diretor de Neg\u00f3cios Corporativos e Novos Mercados da Rede Moura.<\/p>\n<p>Essa abordagem, refor\u00e7a o executivo, \u00e9 sustentada pela engenharia nacional da Moura, respons\u00e1vel pelo desenvolvimento e homologa\u00e7\u00f5es das tecnologias, dimensionamento dos projetos e pelos processos de qualidade aplicados \u00e0 sele\u00e7\u00e3o e \u00e0 integra\u00e7\u00e3o dos componentes.<\/p>\n<p>\u201cContamos com uma estrutura inteiramente brasileira de capacita\u00e7\u00e3o de integradores, assist\u00eancia t\u00e9cnica e p\u00f3s-venda. Ao manter suporte ao longo da vida operacional do sistema, a empresa reduz riscos de implanta\u00e7\u00e3o e evita que o cliente fique dependente apenas do fornecedor original dos equipamentos. A proposta, portanto, n\u00e3o se encerra na instala\u00e7\u00e3o. Acompanha a energia antes, durante e depois de seu uso\u201d, destaca Godoy.<\/p>\n<p><b>Fam\u00edlia BESS<\/b><\/p>\n<p>A linha residencial, j\u00e1 apresentada na edi\u00e7\u00e3o passada da Intersolar, \u00e9 a Powerbox, que recebeu novo design e chega com inversores de 5 kW e 10 kW, e capacidade de armazenamento de 4,5 kWh a 116 kWh. Em falhas da rede, a sua fun\u00e7\u00e3o UPS transfere o fornecimento para as baterias em menos de 10 milissegundos.<\/p>\n<p>O BESS para condom\u00ednios, que chega como pr\u00e9-lan\u00e7amento na Intersolar 2026, amplia a aplica\u00e7\u00e3o para condom\u00ednios, edif\u00edcios comerciais e pequenos empreendimentos. Uma tecnologia 100% produzida no Brasil, com inversores de 5 kW a 20 kW e baterias de 9,6 kWh a 48 kWh, projetada para instala\u00e7\u00f5es com maior demanda. Outro destaque \u00e9 sua capacidade de armazenar a energia cin\u00e9tica produzida por elevadores, o que refor\u00e7a sua ado\u00e7\u00e3o por empreendimentos condominiais.<\/p>\n<p>Para opera\u00e7\u00f5es comerciais e industriais, o BESS C&amp;I re\u00fane baterias, convers\u00e3o de pot\u00eancia, gerenciamento e prote\u00e7\u00f5es em um \u00fanico gabinete externo. As configura\u00e7\u00f5es previstas s\u00e3o de 50 kW\/120 kWh e 125 kW\/250 kWh. A refrigera\u00e7\u00e3o l\u00edquida contribui para o controle t\u00e9rmico em aplica\u00e7\u00f5es intensivas.<\/p>\n<p>Website: <a href=\"https:\/\/www.moura.com.br\/produtos\/bess\" target=\"_blank\">https:\/\/www.moura.com.br\/produtos\/bess<\/a><\/p>\n<p>Foto: Envato<\/p>\n<p>A <b>OESP<\/b> n\u00e3o \u00e9(s\u00e3o) respons\u00e1vel(is) por erros, incorre\u00e7\u00f5es, atrasos ou quaisquer decis\u00f5es tomadas por seus clientes com base nos Conte\u00fados ora disponibilizados, bem como tais Conte\u00fados n\u00e3o representam a opini\u00e3o da <b>OESP<\/b> e s\u00e3o de inteira responsabilidade da <b>Knewin Dino<\/b><\/p>\n","protected":false},"excerpt":{"rendered":"A Baterias Moura apresentar\u00e1 na Intersolar South America 2026 a amplia\u00e7\u00e3o da linha Moura BESS, com sistemas de armazenamento de energia (BESS) de pequeno porte para resid\u00eancias, condom\u00ednios,","protected":false},"author":1,"featured_media":137153,"comment_status":"open","ping_status":"closed","sticky":false,"template":"","format":"standard","meta":{"_acf_changed":false,"inline_featured_image":false,"_monsterinsights_skip_tracking":false,"_monsterinsights_sitenote_active":false,"_monsterinsights_sitenote_note":"","_monsterinsights_sitenote_category":0,"footnotes":""},"categories":[11470],"tags":[12410,101,12407,300,47],"class_list":["post-137152","post","type-post","status-publish","format-standard","has-post-thumbnail","hentry","category-knewin-dino","tag-arquitetura","tag-economia","tag-industrias","tag-negocios","tag-tecnologia"],"acf":[],"_links":{"self":[{"href":"https:\/\/bluestudio.estadao.com.br\/agencia-de-comunicacao\/wp-json\/wp\/v2\/posts\/137152","targetHints":{"allow":["GET"]}}],"collection":[{"href":"https:\/\/bluestudio.estadao.com.br\/agencia-de-comunicacao\/wp-json\/wp\/v2\/posts"}],"about":[{"href":"https:\/\/bluestudio.estadao.com.br\/agencia-de-comunicacao\/wp-json\/wp\/v2\/types\/post"}],"author":[{"embeddable":true,"href":"https:\/\/bluestudio.estadao.com.br\/agencia-de-comunicacao\/wp-json\/wp\/v2\/users\/1"}],"replies":[{"embeddable":true,"href":"https:\/\/bluestudio.estadao.com.br\/agencia-de-comunicacao\/wp-json\/wp\/v2\/comments?post=137152"}],"version-history":[{"count":0,"href":"https:\/\/bluestudio.estadao.com.br\/agencia-de-comunicacao\/wp-json\/wp\/v2\/posts\/137152\/revisions"}],"wp:featuredmedia":[{"embeddable":true,"href":"https:\/\/bluestudio.estadao.com.br\/agencia-de-comunicacao\/wp-json\/wp\/v2\/media\/137153"}],"wp:attachment":[{"href":"https:\/\/bluestudio.estadao.com.br\/agencia-de-comunicacao\/wp-json\/wp\/v2\/media?parent=137152"}],"wp:term":[{"taxonomy":"category","embeddable":true,"href":"https:\/\/bluestudio.estadao.com.br\/agencia-de-comunicacao\/wp-json\/wp\/v2\/categories?post=137152"},{"taxonomy":"post_tag","embeddable":true,"href":"https:\/\/bluestudio.estadao.com.br\/agencia-de-comunicacao\/wp-json\/wp\/v2\/tags?post=137152"}],"curies":[{"name":"wp","href":"https:\/\/api.w.org\/{rel}","templated":true}]}}