{"id":137141,"date":"2026-08-25T12:22:00","date_gmt":"2026-08-25T15:22:00","guid":{"rendered":"https:\/\/bluestudio.estadao.com.br\/agencia-de-comunicacao\/knewin-dino\/comercio-reforca-uso-de-balancas-certificadas-pelo-inmetro\/"},"modified":"2026-08-25T12:22:00","modified_gmt":"2026-08-25T15:22:00","slug":"comercio-reforca-uso-de-balancas-certificadas-pelo-inmetro","status":"publish","type":"post","link":"https:\/\/bluestudio.estadao.com.br\/agencia-de-comunicacao\/knewin-dino\/comercio-reforca-uso-de-balancas-certificadas-pelo-inmetro\/","title":{"rendered":"Com\u00e9rcio refor\u00e7a uso de balan\u00e7as certificadas pelo Inmetro"},"content":{"rendered":"<p>A pesagem correta de produtos \u00e9 um dos pontos de aten\u00e7\u00e3o do com\u00e9rcio brasileiro. Levantamento do Inmetro na primeira etapa do Plano Nacional de Vigil\u00e2ncia de Mercado analisou 6.703 <a href=\"https:\/\/balancadepesagem.com\" target=\"_blank\">balan\u00e7as de pesagem<\/a>\u00a0em 2.411 estabelecimentos de 78 munic\u00edpios e identificou irregularidades em 544 delas, o equivalente a 8% do total, entre erros de pesagem acima do permitido, falta de inscri\u00e7\u00f5es obrigat\u00f3rias e viola\u00e7\u00e3o de lacres.<\/p>\n<p>O tema voltou a aparecer em 2026: a Opera\u00e7\u00e3o Festas Juninas do Inmetro fiscalizou 74.714 produtos pr\u00e9-medidos em 737 estabelecimentos de 200 munic\u00edpios brasileiros e encontrou 2.290 itens com irregularidades, resultando na notifica\u00e7\u00e3o de 112 estabelecimentos. Segundo o \u00f3rg\u00e3o, penalidades relacionadas a equipamentos fora da conformidade podem chegar a R$ 1,5 milh\u00e3o, al\u00e9m de interdi\u00e7\u00e3o do equipamento e da apreens\u00e3o de produtos.<\/p>\n<p>No varejo, supermercados, a\u00e7ougues e padarias precisam operar com <a href=\"https:\/\/balancadepesagem.com\/categoria-produto\/balancas-comerciais\/\" target=\"_blank\">balan\u00e7as comerciais<\/a>\u00a0na classe de precis\u00e3o exigida pela regulamenta\u00e7\u00e3o metrol\u00f3gica, com selo do Inmetro dentro do prazo de verifica\u00e7\u00e3o anual. J\u00e1 na produ\u00e7\u00e3o, expedi\u00e7\u00e3o e controle de estoque, o uso de <a href=\"https:\/\/balancadepesagem.com\/categoria-produto\/balancas-industriais\" target=\"_blank\">balan\u00e7as industriais<\/a>\u00a0\u00e9 o que garante a exatid\u00e3o no peso de mat\u00e9rias-primas e cargas ao longo da cadeia log\u00edstica.<\/p>\n<p>O mesmo cuidado com a pesagem se estende a outros setores da economia. O mercado pet brasileiro faturou R$ 77,96 bilh\u00f5es em 2025, segundo a Abinpet, com as cl\u00ednicas e hospitais veterin\u00e1rios respondendo por cerca de 18% desse faturamento. O crescimento do atendimento veterin\u00e1rio tem elevado a demanda por <a href=\"https:\/\/balancadepesagem.com\/categoria-produto\/balancas-pet\/\" target=\"_blank\">balan\u00e7as pet<\/a>, usadas no acompanhamento de peso de c\u00e3es e gatos durante consultas e procedimentos.<\/p>\n<p>Cl\u00ednicas, escolas e academias tamb\u00e9m dependem de instrumentos de pesagem para acompanhar indicadores de sa\u00fade e desempenho f\u00edsico. Nesses ambientes, entram em uso as <a href=\"https:\/\/balancadepesagem.com\/categoria-produto\/balancas-saude-educacao-fitness\/\" target=\"_blank\">balan\u00e7as de sa\u00fade, educa\u00e7\u00e3o e fitness<\/a>, como as antropom\u00e9tricas usadas em avalia\u00e7\u00f5es f\u00edsicas e consultas nutricionais.<\/p>\n<p>Para Andr\u00e9ia Mazario Raful, especialista em equipamentos de pesagem da MazaMendes, a certifica\u00e7\u00e3o do equipamento deixou de ser burocracia e passou a ser parte da opera\u00e7\u00e3o, do com\u00e9rcio \u00e0 ind\u00fastria \u2014 uma vez que erros de pesagem n\u00e3o identificados a tempo podem gerar preju\u00edzo tanto para o consumidor quanto para o pr\u00f3prio estabelecimento.<\/p>\n<p>Website: <a href=\"https:\/\/balancadepesagem.com\/\" target=\"_blank\">https:\/\/balancadepesagem.com\/<\/a><\/p>\n<p>Foto: Cr\u00e9ditos \/ Fonte: Imagem gerada por Intelig\u00eancia Artificial (Google Gemini \/ Imagen).<\/p>\n<p>A <b>OESP<\/b> n\u00e3o \u00e9(s\u00e3o) respons\u00e1vel(is) por erros, incorre\u00e7\u00f5es, atrasos ou quaisquer decis\u00f5es tomadas por seus clientes com base nos Conte\u00fados ora disponibilizados, bem como tais Conte\u00fados n\u00e3o representam a opini\u00e3o da <b>OESP<\/b> e s\u00e3o de inteira responsabilidade da <b>Knewin Dino<\/b><\/p>\n","protected":false},"excerpt":{"rendered":"A pesagem correta de produtos \u00e9 um dos pontos de aten\u00e7\u00e3o do com\u00e9rcio brasileiro. Levantamento do Inmetro na primeira etapa do Plano Nacional de Vigil\u00e2ncia de Mercado analisou 6.703 balan\u00e7as de","protected":false},"author":1,"featured_media":137142,"comment_status":"open","ping_status":"closed","sticky":false,"template":"","format":"standard","meta":{"_acf_changed":false,"inline_featured_image":false,"_monsterinsights_skip_tracking":false,"_monsterinsights_sitenote_active":false,"_monsterinsights_sitenote_note":"","_monsterinsights_sitenote_category":0,"footnotes":""},"categories":[11470],"tags":[12400,12407,12625,300,12398],"class_list":["post-137141","post","type-post","status-publish","format-standard","has-post-thumbnail","hentry","category-knewin-dino","tag-atacado-e-varejo","tag-industrias","tag-medicina-veterinaria","tag-negocios","tag-saude-e-bem-estar"],"acf":[],"_links":{"self":[{"href":"https:\/\/bluestudio.estadao.com.br\/agencia-de-comunicacao\/wp-json\/wp\/v2\/posts\/137141","targetHints":{"allow":["GET"]}}],"collection":[{"href":"https:\/\/bluestudio.estadao.com.br\/agencia-de-comunicacao\/wp-json\/wp\/v2\/posts"}],"about":[{"href":"https:\/\/bluestudio.estadao.com.br\/agencia-de-comunicacao\/wp-json\/wp\/v2\/types\/post"}],"author":[{"embeddable":true,"href":"https:\/\/bluestudio.estadao.com.br\/agencia-de-comunicacao\/wp-json\/wp\/v2\/users\/1"}],"replies":[{"embeddable":true,"href":"https:\/\/bluestudio.estadao.com.br\/agencia-de-comunicacao\/wp-json\/wp\/v2\/comments?post=137141"}],"version-history":[{"count":0,"href":"https:\/\/bluestudio.estadao.com.br\/agencia-de-comunicacao\/wp-json\/wp\/v2\/posts\/137141\/revisions"}],"wp:featuredmedia":[{"embeddable":true,"href":"https:\/\/bluestudio.estadao.com.br\/agencia-de-comunicacao\/wp-json\/wp\/v2\/media\/137142"}],"wp:attachment":[{"href":"https:\/\/bluestudio.estadao.com.br\/agencia-de-comunicacao\/wp-json\/wp\/v2\/media?parent=137141"}],"wp:term":[{"taxonomy":"category","embeddable":true,"href":"https:\/\/bluestudio.estadao.com.br\/agencia-de-comunicacao\/wp-json\/wp\/v2\/categories?post=137141"},{"taxonomy":"post_tag","embeddable":true,"href":"https:\/\/bluestudio.estadao.com.br\/agencia-de-comunicacao\/wp-json\/wp\/v2\/tags?post=137141"}],"curies":[{"name":"wp","href":"https:\/\/api.w.org\/{rel}","templated":true}]}}