{"id":137132,"date":"2026-08-25T11:45:00","date_gmt":"2026-08-25T14:45:00","guid":{"rendered":"https:\/\/bluestudio.estadao.com.br\/agencia-de-comunicacao\/grupo-goold\/lancamento-da-everk-comprova-o-poder-das-plataformas-digitais\/"},"modified":"2026-08-25T12:07:10","modified_gmt":"2026-08-25T15:07:10","slug":"progressiva-everk-20-mil-unidades","status":"publish","type":"post","link":"https:\/\/bluestudio.estadao.com.br\/agencia-de-comunicacao\/grupo-goold\/progressiva-everk-20-mil-unidades\/","title":{"rendered":"Lan\u00e7amento da  Everk  comprova o poder das plataformas digitais"},"content":{"rendered":"\n<p class=\"wp-block-paragraph\"><i>Com estrat\u00e9gia inovadora e produto de qualidade, nova progressiva do Grupo <\/i> <i>Goold<\/i> <i> vende mais de 20 mil unidades em apenas cinco <\/i> <i>minutos<\/i><\/p>\n\n\n\n<p class=\"wp-block-paragraph\">Ap\u00f3s participarem em S\u00e3o Paulo de um ciclo de palestras pela manh\u00e3 em um evento agrad\u00e1vel e repleto de espa\u00e7os \u201c instagram\u00e1veis \u201d, cerca de 200 influenciadoras retornam do almo\u00e7o para o momento mais aguardado do dia. Exatamente \u00e0s 14 horas, \u201cfoi dada a largada\u201d. Em cinco minutos, mais de 20 mil unidades do lan\u00e7amento do <a href=\"https:\/\/www.instagram.com\/grupo.goold\/\" target=\"_blank\"><\/a> <a href=\"https:\/\/www.instagram.com\/grupo.goold\/\" target=\"_blank\"><u>Grupo <\/u> <u>Goold<\/u><\/a> foram comercializadas. Oito minutos ap\u00f3s, o site saiu do ar por causa da expressiva quantidade de acessos simult\u00e2neos, retornando em seguida.<\/p>\n\n\n\n<p class=\"wp-block-paragraph\">O sucesso de vendas da novidade \u00e9 resultado da combina\u00e7\u00e3o de dois \u201cingredientes\u201d importantes: a estrat\u00e9gia digital inovadora desenvolvida pela empresa em combina\u00e7\u00e3o com os diferenciais da <a href=\"https:\/\/goold.club\/progressiva-everk-conheca-a-tecnologia-yejin-fusion\" target=\"_blank\"><\/a> <a href=\"https:\/\/goold.club\/progressiva-everk-conheca-a-tecnologia-yejin-fusion\" target=\"_blank\"><u>Progressiva <\/u> <u>Everk<\/u><\/a>, um tratamento capilar sem formol, desenvolvido com as tecnologias Yejin Fusion e Nanocortiline, inspirado no Glass Liss System, tend\u00eancia de liso espelhado da cosm\u00e9tica coreana.<\/p>\n\n\n\n<p class=\"wp-block-paragraph\">O desejo de compra, ali\u00e1s, come\u00e7ou muito antes do lan\u00e7amento. &#8220;Quando a gente avisou para o mercado sobre o produto, isso j\u00e1 gerou uma demanda muito grande&#8221;, explica Anderson Morais, CEO do Grupo Goold. Em um setor em ampla expans\u00e3o, mas com elevada concorr\u00eancia, os resultados obtidos pela marca impressionam.<\/p>\n\n\n\n<p class=\"wp-block-paragraph\">Segundo pesquisa da <a href=\"https:\/\/nielseniq.com\/global\/pt\/insights\/commentary\/2025\/the-global-beauty-edit-o-boom-do-mercado-de-beleza-no-brasil\/\" target=\"_blank\"><\/a> <a href=\"https:\/\/nielseniq.com\/global\/pt\/insights\/commentary\/2025\/the-global-beauty-edit-o-boom-do-mercado-de-beleza-no-brasil\/\" target=\"_blank\"><u>NielsenIQ<\/u><\/a>, 72% dos brasileiros entrevistados afirmaram que nunca deixariam de comprar cosm\u00e9ticos. Por sua vez, especialistas estimam que o segmento de cuidados capilares no Brasil chegar\u00e1 \u00e0 marca dos US$ 8,97 bilh\u00f5es at\u00e9 2031, alcan\u00e7ando j\u00e1 em 2026 a casa dos US$ 7,04 bilh\u00f5es, de acordo com dados da <a href=\"https:\/\/www.mordorintelligence.com\/pt\/industry-reports\/brazil-hair-care-market-industry\" target=\"_blank\"><\/a> <a href=\"https:\/\/www.mordorintelligence.com\/pt\/industry-reports\/brazil-hair-care-market-industry\" target=\"_blank\"><u>Mordor<\/u> <u>Intelligence<\/u><\/a>.<\/p>\n\n\n\n<p class=\"wp-block-paragraph\">Com n\u00fameros t\u00e3o expressivos em jogo, destacar-se neste mercado altamente competitivo \u00e9 ainda mais impressionante. O sucesso, portanto, n\u00e3o \u00e9 \u201cfruto do acaso\u201d, mas parte de um projeto bem planejado e executado, conectado com um prop\u00f3sito.<\/p>\n\n\n\n<p class=\"wp-block-paragraph\">Mas o que isso significa na pr\u00e1tica? Para entender melhor essa movimenta\u00e7\u00e3o, torna-se necess\u00e1rio conhecer tanto o produto quanto a estrat\u00e9gia por tr\u00e1s da marca.<\/p>\n\n\n\n<h2 class=\"wp-block-heading\"><strong>Qualidade como princ\u00edpio b\u00e1sico<\/strong><\/h2>\n\n\n\n<p class=\"wp-block-paragraph\">Como parte do planejamento de qualquer empresa protagonista em seu nicho, o monitoramento e a an\u00e1lise das tend\u00eancias s\u00e3o tarefas que fazem parte da rotina. No caso da <a href=\"https:\/\/goold.club\/progressiva-everk-conheca-a-tecnologia-yejin-fusion\" target=\"_blank\"><\/a> <a href=\"https:\/\/goold.club\/progressiva-everk-conheca-a-tecnologia-yejin-fusion\" target=\"_blank\"><u>Progressiva <\/u> <u>Everk<\/u><\/a>, por exemplo, a hist\u00f3ria come\u00e7ou h\u00e1 cerca de um ano, quando o grupo identificou uma tend\u00eancia mundial que chegava da \u00c1sia. Com isso, a empresa decidiu buscar uma tecnologia que ainda n\u00e3o existia no Brasil.<\/p>\n\n\n\n<p class=\"wp-block-paragraph\">&#8220;Quando identificamos esse movimento do K- Beauty vindo para o Pa\u00eds com marcas coreanas e japonesas, pensamos: por que que n\u00e3o vamos l\u00e1 para conhecer e trazer essa tecnologia pra usar em nossos produtos?&#8221;, disse Morais.<\/p>\n\n\n\n<p class=\"wp-block-paragraph\">Ap\u00f3s identificar o potencial da solu\u00e7\u00e3o, o pr\u00f3ximo passo est\u00e1 no desenvolvimento. E aqui surge outro fator respons\u00e1vel pelo sucesso do novo produto do Grupo Goold. O processo levou 12 meses, incluindo mais de 300 testes em cabelos com caracter\u00edsticas diferentes antes da aprova\u00e7\u00e3o final.<\/p>\n\n\n\n<p class=\"wp-block-paragraph\">Segundo Morais, a empresa tem como caracter\u00edstica investir tempo na valida\u00e7\u00e3o do produto ao inv\u00e9s de lan\u00e7\u00e1-lo rapidamente, como ocorre com outras empresas do setor.<\/p>\n\n\n\n<p class=\"wp-block-paragraph\">\u201cClaro que \u00e9 poss\u00edvel lan\u00e7ar rapidamente, mas n\u00e3o \u00e9 o certo a se fazer\u201d, afirma. Para o executivo, esse cuidado traz mais seguran\u00e7a e garante a qualidade e efic\u00e1cia do produto, assim como protege a reputa\u00e7\u00e3o. &#8220;A gente demorou anos para construir a reputa\u00e7\u00e3o e com um produto a gente pode quebrar&#8221;, completou.<\/p>\n\n\n\n<h2 class=\"wp-block-heading\"><strong>Credibilidade antes da venda<\/strong><\/h2>\n\n\n\n<p class=\"wp-block-paragraph\">Tend\u00eancia identificada, an\u00e1lise conclu\u00edda, produto desenvolvido e validado. O que fazer na sequ\u00eancia? Conhecido por revolucionar a ind\u00fastria da beleza, o Grupo Goold possui o maior clube de influenciadoras do Brasil, alavancado pelo mercado de creator economy, que no Brasil \u00e9 o segundo maior do mundo.<\/p>\n\n\n\n<p class=\"wp-block-paragraph\">Conectado com esse ecossistema, o lan\u00e7amento da <a href=\"https:\/\/goold.club\/progressiva-everk-conheca-a-tecnologia-yejin-fusion\" target=\"_blank\"><\/a> <a href=\"https:\/\/goold.club\/progressiva-everk-conheca-a-tecnologia-yejin-fusion\" target=\"_blank\"><u>Progressiva <\/u> <u>Everk<\/u><\/a> se conectou com a estrat\u00e9gia digital desenvolvida pela empresa. Antes da libera\u00e7\u00e3o das vendas, um grupo seleto de influenciadoras recebeu o produto para testar, compartilhando a experi\u00eancia nas redes sociais.<\/p>\n\n\n\n<p class=\"wp-block-paragraph\">&#8220;Por mais que o produto j\u00e1 esteja testado, essa avalia\u00e7\u00e3o \u00e9 importante, pois as influenciadoras conseguem passar credibilidade para as seguidoras. N\u00f3s n\u00e3o queremos apenas lan\u00e7ar algo. Queremos que as clientes comprem sabendo o que \u00e9 o produto&#8221;, explica Morais.<\/p>\n\n\n\n<p class=\"wp-block-paragraph\">Portanto, o sucesso do lan\u00e7amento da <a href=\"https:\/\/goold.club\/progressiva-everk-conheca-a-tecnologia-yejin-fusion\" target=\"_blank\"><\/a> <a href=\"https:\/\/goold.club\/progressiva-everk-conheca-a-tecnologia-yejin-fusion\" target=\"_blank\"><u>Progressiva <\/u> <u>Everk<\/u><\/a> apenas chancela o modelo de neg\u00f3cios inovador criado pelo Grupo Goold, que construiu um ecossistema pr\u00f3prio, com uma comunidade em plena expans\u00e3o, formada por influenciadoras e consumidoras engajadas. &#8220;A gente n\u00e3o vende produto, a gente contribui com a autoestima&#8221;, finaliza Morais.<\/p>\n\n\n\n<p class=\"wp-block-paragraph\">A <b>OESP<\/b> n\u00e3o \u00e9(s\u00e3o) respons\u00e1vel(is) por erros, incorre\u00e7\u00f5es, atrasos ou quaisquer decis\u00f5es tomadas por seus clientes com base nos Conte\u00fados ora disponibilizados, bem como tais Conte\u00fados n\u00e3o representam a opini\u00e3o da <b>OESP<\/b> e s\u00e3o de inteira responsabilidade da <b>Grupo Goold<\/b><\/p>\n","protected":false},"excerpt":{"rendered":"Progressiva Everk vende mais de 20 mil unidades em cinco minutos e mostra como estrat\u00e9gia digital e influ\u00eancia podem impulsionar um lan\u00e7amento.","protected":false},"author":1,"featured_media":137121,"comment_status":"open","ping_status":"closed","sticky":false,"template":"","format":"standard","meta":{"_acf_changed":false,"inline_featured_image":false,"_monsterinsights_skip_tracking":false,"_monsterinsights_sitenote_active":false,"_monsterinsights_sitenote_note":"","_monsterinsights_sitenote_category":0,"footnotes":""},"categories":[8966],"tags":[12673,12671,12655,12666,12665,12674,12672,12670,12662,12669,12667,12668],"class_list":["post-137132","post","type-post","status-publish","format-standard","has-post-thumbnail","hentry","category-grupo-goold","tag-beleza","tag-cosmeticos","tag-creator-economy","tag-everk","tag-grupo-goold","tag-influenciadoras","tag-k-beauty","tag-lancamento-de-produto","tag-marketing-de-influencia","tag-progressiva","tag-progressiva-everk","tag-tratamento-capilar"],"acf":[],"_links":{"self":[{"href":"https:\/\/bluestudio.estadao.com.br\/agencia-de-comunicacao\/wp-json\/wp\/v2\/posts\/137132","targetHints":{"allow":["GET"]}}],"collection":[{"href":"https:\/\/bluestudio.estadao.com.br\/agencia-de-comunicacao\/wp-json\/wp\/v2\/posts"}],"about":[{"href":"https:\/\/bluestudio.estadao.com.br\/agencia-de-comunicacao\/wp-json\/wp\/v2\/types\/post"}],"author":[{"embeddable":true,"href":"https:\/\/bluestudio.estadao.com.br\/agencia-de-comunicacao\/wp-json\/wp\/v2\/users\/1"}],"replies":[{"embeddable":true,"href":"https:\/\/bluestudio.estadao.com.br\/agencia-de-comunicacao\/wp-json\/wp\/v2\/comments?post=137132"}],"version-history":[{"count":2,"href":"https:\/\/bluestudio.estadao.com.br\/agencia-de-comunicacao\/wp-json\/wp\/v2\/posts\/137132\/revisions"}],"predecessor-version":[{"id":137138,"href":"https:\/\/bluestudio.estadao.com.br\/agencia-de-comunicacao\/wp-json\/wp\/v2\/posts\/137132\/revisions\/137138"}],"wp:featuredmedia":[{"embeddable":true,"href":"https:\/\/bluestudio.estadao.com.br\/agencia-de-comunicacao\/wp-json\/wp\/v2\/media\/137121"}],"wp:attachment":[{"href":"https:\/\/bluestudio.estadao.com.br\/agencia-de-comunicacao\/wp-json\/wp\/v2\/media?parent=137132"}],"wp:term":[{"taxonomy":"category","embeddable":true,"href":"https:\/\/bluestudio.estadao.com.br\/agencia-de-comunicacao\/wp-json\/wp\/v2\/categories?post=137132"},{"taxonomy":"post_tag","embeddable":true,"href":"https:\/\/bluestudio.estadao.com.br\/agencia-de-comunicacao\/wp-json\/wp\/v2\/tags?post=137132"}],"curies":[{"name":"wp","href":"https:\/\/api.w.org\/{rel}","templated":true}]}}