{"id":137060,"date":"2026-08-24T15:42:00","date_gmt":"2026-08-24T18:42:00","guid":{"rendered":"https:\/\/bluestudio.estadao.com.br\/agencia-de-comunicacao\/releases\/releases-geral\/agosto-branco-rede-dor-integra-a-jornada-do-paciente-de-cancer-de\/"},"modified":"2026-08-24T15:42:00","modified_gmt":"2026-08-24T18:42:00","slug":"agosto-branco-rede-dor-integra-a-jornada-do-paciente-de-cancer-de","status":"publish","type":"post","link":"https:\/\/bluestudio.estadao.com.br\/agencia-de-comunicacao\/releases\/releases-geral\/agosto-branco-rede-dor-integra-a-jornada-do-paciente-de-cancer-de\/","title":{"rendered":"Agosto Branco: Rede D&#8217;Or integra a jornada do paciente de c\u00e2ncer de"},"content":{"rendered":"<p>Modelo conecta equipes e recursos diagn\u00f3sticos para reduzir o tempo entre a suspeita e o in\u00edcio do tratamento<\/p>\n<p>O c\u00e2ncer de pulm\u00e3o ainda desafia os sistemas de sa\u00fade, sobretudo quando descoberto em fases avan\u00e7adas. Est\u00e1 entre os c\u00e2nceres que mais matam no Brasil. Foram cerca de 29,6 mil \u00f3bitos em 2022, segundo o DataSus, e o Instituto Nacional de C\u00e2ncer (Inca) estima 35,4 mil novos casos por ano. Reduzir o tempo at\u00e9 o diagn\u00f3stico e o tratamento \u00e9 parte importante do enfrentamento da doen\u00e7a.<\/p>\n<p>Atenta a esta realidade, a Rede D&#8217;Or estruturou um programa de combate \u00e0 doen\u00e7a. A proposta \u00e9 levar um modelo nacional aos Estados onde a rede atua, com padr\u00f5es t\u00e9cnicos comuns. Para isso, reuniu os setores envolvidos desde a suspeita diagn\u00f3stica at\u00e9 o tratamento e integrou as diferentes etapas do cuidado. A estrutura inclui a Casa do Pulm\u00e3o, nas unidades do Vila Nova Star e S\u00e3o Luiz Itaim, em S\u00e3o Paulo, e Copa D&#8217;Or, no Rio de Janeiro.<\/p>\n<p>Os consult\u00f3rios de cl\u00ednicos e pneumologistas passaram a operar integrados aos dos cirurgi\u00f5es tor\u00e1cicos, com suporte de radiologia e de anatomia patol\u00f3gica especializadas em t\u00f3rax e pulm\u00e3o. O objetivo \u00e9 reduzir o tempo entre a suspeita, o diagn\u00f3stico e o in\u00edcio do tratamento. A intelig\u00eancia artificial j\u00e1 \u00e9 usada para apoiar a identifica\u00e7\u00e3o de n\u00f3dulos pulmonares em exames realizados com outros prop\u00f3sitos.<\/p>\n<p><b>Desafio do diagn\u00f3stico precoce<\/b><\/p>\n<p>Nos primeiros est\u00e1gios, o c\u00e2ncer de pulm\u00e3o pode evoluir sem provocar sintomas. A doen\u00e7a cresce silenciosamente, o que dificulta sua descoberta precoce, quest\u00e3o que est\u00e1 entre os temas abordados pelo Agosto Branco, campanha de preven\u00e7\u00e3o e conscientiza\u00e7\u00e3o sobre a doen\u00e7a. &#8220;Quando os sintomas aparecem, muitas vezes j\u00e1 indicam uma doen\u00e7a mais avan\u00e7ada. Al\u00e9m disso, tosse, falta de ar e rouquid\u00e3o costumam ser confundidas com problemas respirat\u00f3rios mais frequentes, atrasando a<br \/>\ninvestiga\u00e7\u00e3o adequada&#8221;, explica Clarissa Baldotto, oncologista, presidente da Sociedade Brasileira de Oncologia Cl\u00ednica (SBOC) e m\u00e9dica da Oncologia D&#8217;Or, servi\u00e7o especializado em tratamento oncol\u00f3gico presente em 12 Estados e no Distrito Federal.<\/p>\n<p><b>Sinais de alerta e rastreamento<\/b><\/p>\n<p>Tosse, rouquid\u00e3o, falta de ar, dor no peito, perda de peso sem causa aparente e, principalmente, tosse com sangue, n\u00e3o podem ser ignoradas, sobretudo quando persistem por mais de duas semanas ou n\u00e3o melhoram ap\u00f3s o tratamento inicial.<\/p>\n<p>O tabagismo permanece como o principal fator de risco para o c\u00e2ncer de pulm\u00e3o, mas n\u00e3o explica todos os casos. Entre 10% e 20% dos diagn\u00f3sticos ocorrem em pessoas que nunca fumaram.<\/p>\n<p>Exposi\u00e7\u00e3o prolongada \u00e0 polui\u00e7\u00e3o atmosf\u00e9rica e agentes qu\u00edmicos, al\u00e9m de hist\u00f3rico familiar, fazem parte da avalia\u00e7\u00e3o individual.<\/p>\n<p>Uma das estrat\u00e9gias para encontrar o c\u00e2ncer mais cedo \u00e9 o rastreamento de pessoas com maior risco. A tomografia computadorizada de baixa dose \u00e9 o exame utilizado para esse fim.<\/p>\n<p>Entre os crit\u00e9rios considerados, est\u00e3o ter de 50 a 80 anos, carga tab\u00e1gica de pelo menos 20 ma\u00e7os-ano, o equivalente a fumar um ma\u00e7o por dia durante 20 anos, e ainda fumar ou ter deixado o cigarro h\u00e1 menos de 15 anos.<\/p>\n<p>Identificar uma altera\u00e7\u00e3o no exame de imagem, por\u00e9m, \u00e9 apenas parte do caminho. Quando o c\u00e2ncer \u00e9 confirmado, exames espec\u00edficos podem ajudar a conhecer as caracter\u00edsticas biol\u00f3gicas do tumor e orientar o tratamento.<\/p>\n<p>O projeto da Rede D&#8217;Or integra cl\u00ednicos, pneumologistas, oncologistas, cirurgi\u00f5es tor\u00e1cicos, patologistas e radiologistas especializados em c\u00e2ncer de pulm\u00e3o em uma estrutura nacional que re\u00fane sistemas computacionais,<br \/>\nintelig\u00eancia artificial, tom\u00f3grafos, resson\u00e2ncias magn\u00e9ticas, PET Scan, Ebus (ultrassonografia endobr\u00f4nquica), rob\u00f4s cir\u00fargicos e equipamentos de patologia molecular e gen\u00f4mica.<\/p>\n<p><b>Rede pelo Brasil<\/b><br \/>\n. 76 hospitais integrados a 65 centros de oncologia<br \/>\n. 33 rob\u00f4s Da Vinci, maior parque rob\u00f3tico de um mesmo grupo hospitalar na Am\u00e9rica Latina<br \/>\n. R$ 50 milh\u00f5es investidos em patologia molecular e gen\u00f4mica nos \u00faltimos cinco anos<br \/>\n. 5 dias prazo dos exames gen\u00f4micos feitos pela pr\u00f3pria Rede D&#8217;Or, ante um m\u00eas quando feitos no exterior<br \/>\n. 24 pesquisadores do IDOR em estudos epidemiol\u00f3gicos, moleculares e de novos f\u00e1rmacos em oncologia<\/p>\n","protected":false},"excerpt":{"rendered":"Modelo conecta equipes e recursos diagn\u00f3sticos para reduzir o tempo entre a suspeita e o in\u00edcio do tratamento\nO c\u00e2ncer de pulm\u00e3o ainda desafia os sistemas de sa\u00fade, sobretudo quan","protected":false},"author":1,"featured_media":0,"comment_status":"open","ping_status":"closed","sticky":false,"template":"","format":"standard","meta":{"_acf_changed":false,"inline_featured_image":false,"_monsterinsights_skip_tracking":false,"_monsterinsights_sitenote_active":false,"_monsterinsights_sitenote_note":"","_monsterinsights_sitenote_category":0,"footnotes":""},"categories":[34],"tags":[],"class_list":["post-137060","post","type-post","status-publish","format-standard","hentry","category-releases-geral"],"acf":[],"_links":{"self":[{"href":"https:\/\/bluestudio.estadao.com.br\/agencia-de-comunicacao\/wp-json\/wp\/v2\/posts\/137060","targetHints":{"allow":["GET"]}}],"collection":[{"href":"https:\/\/bluestudio.estadao.com.br\/agencia-de-comunicacao\/wp-json\/wp\/v2\/posts"}],"about":[{"href":"https:\/\/bluestudio.estadao.com.br\/agencia-de-comunicacao\/wp-json\/wp\/v2\/types\/post"}],"author":[{"embeddable":true,"href":"https:\/\/bluestudio.estadao.com.br\/agencia-de-comunicacao\/wp-json\/wp\/v2\/users\/1"}],"replies":[{"embeddable":true,"href":"https:\/\/bluestudio.estadao.com.br\/agencia-de-comunicacao\/wp-json\/wp\/v2\/comments?post=137060"}],"version-history":[{"count":0,"href":"https:\/\/bluestudio.estadao.com.br\/agencia-de-comunicacao\/wp-json\/wp\/v2\/posts\/137060\/revisions"}],"wp:attachment":[{"href":"https:\/\/bluestudio.estadao.com.br\/agencia-de-comunicacao\/wp-json\/wp\/v2\/media?parent=137060"}],"wp:term":[{"taxonomy":"category","embeddable":true,"href":"https:\/\/bluestudio.estadao.com.br\/agencia-de-comunicacao\/wp-json\/wp\/v2\/categories?post=137060"},{"taxonomy":"post_tag","embeddable":true,"href":"https:\/\/bluestudio.estadao.com.br\/agencia-de-comunicacao\/wp-json\/wp\/v2\/tags?post=137060"}],"curies":[{"name":"wp","href":"https:\/\/api.w.org\/{rel}","templated":true}]}}