{"id":137056,"date":"2026-08-24T14:43:00","date_gmt":"2026-08-24T17:43:00","guid":{"rendered":"https:\/\/bluestudio.estadao.com.br\/agencia-de-comunicacao\/knewin-dino\/viraliza-leva-influenciadores-para-a-tv-aberta\/"},"modified":"2026-08-24T14:43:00","modified_gmt":"2026-08-24T17:43:00","slug":"viraliza-leva-influenciadores-para-a-tv-aberta","status":"publish","type":"post","link":"https:\/\/bluestudio.estadao.com.br\/agencia-de-comunicacao\/knewin-dino\/viraliza-leva-influenciadores-para-a-tv-aberta\/","title":{"rendered":"Viraliza leva influenciadores para a TV aberta"},"content":{"rendered":"<p>A busca por renova\u00e7\u00e3o de p\u00fablico na televis\u00e3o aberta tem intensificado a presen\u00e7a de criadores de conte\u00fado digital em atra\u00e7\u00f5es de grande audi\u00eancia no pa\u00eds. A confirma\u00e7\u00e3o do humorista Lucas Guedez no quadro <i>Dan\u00e7a dos Famosos<\/i>, do Doming\u00e3o com Huck (TV Globo), exemplifica a consolida\u00e7\u00e3o desse modelo de integra\u00e7\u00e3o entre redes sociais e comunica\u00e7\u00e3o de massa.<\/p>\n<p>O movimento reflete o planejamento da Viraliza, empresa de gerenciamento de carreira respons\u00e1vel por coordenar a transi\u00e7\u00e3o de talentos da internet para a m\u00eddia tradicional. A estrat\u00e9gia replica os resultados obtidos na temporada anterior da competi\u00e7\u00e3o com o influenciador Alvaro, tamb\u00e9m agenciado pela marca, cuja participa\u00e7\u00e3o movimentou f\u00f3runs digitais e impulsionou intera\u00e7\u00f5es em tempo real durante as transmiss\u00f5es do programa.<\/p>\n<p>De acordo com Igor Beltr\u00e3o, diretor art\u00edstico da Viraliza, a migra\u00e7\u00e3o de plataforma exige um trabalho cont\u00ednuo de posicionamento do profissional perante diferentes perfis de consumidores de m\u00eddia. &#8220;A transi\u00e7\u00e3o vai al\u00e9m da busca por visibilidade tempor\u00e1ria. O planejamento foca na constru\u00e7\u00e3o de uma carreira sustent\u00e1vel, capaz de transformar seguidores e dados de engajamento do ambiente virtual em um p\u00fablico consumidor de televis\u00e3o aberta&#8221;, afirma Beltr\u00e3o.<\/p>\n<p><b>Integra\u00e7\u00e3o de m\u00eddias e comportamento do telespectador<\/b><\/p>\n<p>A inser\u00e7\u00e3o de personalidades da internet na programa\u00e7\u00e3o de domingo fundamenta-se no conceito de comportamento multitela. As emissoras passam a captar o interesse das gera\u00e7\u00f5es mais jovens, que acompanham as transmiss\u00f5es da TV conectadas \u00e0s redes por meio de smartphones, gerando coment\u00e1rios ao vivo, memes e vota\u00e7\u00f5es em massa.<\/p>\n<p>Por outro lado, a presen\u00e7a na TV permite que os criadores alcancem faixas et\u00e1rias que n\u00e3o consomem ativamente plataformas como TikTok ou Instagram, ampliando o alcance comercial e a penetra\u00e7\u00e3o de marca desses profissionais perante a fam\u00edlia brasileira.<\/p>\n<p>A rotina de ensaios di\u00e1rios, o aprendizado de novas modalidades de dan\u00e7a e a submiss\u00e3o aos julgamentos t\u00e9cnicos no palco do <i>Doming\u00e3o<\/i> tamb\u00e9m funcionam como elementos de engajamento para a audi\u00eancia digital. A exibi\u00e7\u00e3o do processo de prepara\u00e7\u00e3o e dos bastidores\u00a0da competi\u00e7\u00e3o humaniza o influenciador, fortalecendo sua imagem institucional e sua relev\u00e2ncia no ecossistema do entretenimento nacional.<\/p>\n<p>Website: <a href=\"https:\/\/www.viralizaentretenimento.com\/\" target=\"_blank\">https:\/\/www.viralizaentretenimento.com\/<\/a><\/p>\n<p>Foto: Divulga\u00e7\u00e3o\/Viraliza<\/p>\n<p>A <b>OESP<\/b> n\u00e3o \u00e9(s\u00e3o) respons\u00e1vel(is) por erros, incorre\u00e7\u00f5es, atrasos ou quaisquer decis\u00f5es tomadas por seus clientes com base nos Conte\u00fados ora disponibilizados, bem como tais Conte\u00fados n\u00e3o representam a opini\u00e3o da <b>OESP<\/b> e s\u00e3o de inteira responsabilidade da <b>Knewin Dino<\/b><\/p>\n","protected":false},"excerpt":{"rendered":"A busca por renova\u00e7\u00e3o de p\u00fablico na televis\u00e3o aberta tem intensificado a presen\u00e7a de criadores de conte\u00fado digital em atra\u00e7\u00f5es de grande audi\u00eancia no pa\u00eds. A confirma\u00e7\u00e3o do humorista Lucas","protected":false},"author":1,"featured_media":137057,"comment_status":"open","ping_status":"closed","sticky":false,"template":"","format":"standard","meta":{"_acf_changed":false,"inline_featured_image":false,"_monsterinsights_skip_tracking":false,"_monsterinsights_sitenote_active":false,"_monsterinsights_sitenote_note":"","_monsterinsights_sitenote_category":0,"footnotes":""},"categories":[11470],"tags":[12415,1152,112,12414,300],"class_list":["post-137056","post","type-post","status-publish","format-standard","has-post-thumbnail","hentry","category-knewin-dino","tag-comunicacao","tag-entretenimento","tag-marketing","tag-midia","tag-negocios"],"acf":[],"_links":{"self":[{"href":"https:\/\/bluestudio.estadao.com.br\/agencia-de-comunicacao\/wp-json\/wp\/v2\/posts\/137056","targetHints":{"allow":["GET"]}}],"collection":[{"href":"https:\/\/bluestudio.estadao.com.br\/agencia-de-comunicacao\/wp-json\/wp\/v2\/posts"}],"about":[{"href":"https:\/\/bluestudio.estadao.com.br\/agencia-de-comunicacao\/wp-json\/wp\/v2\/types\/post"}],"author":[{"embeddable":true,"href":"https:\/\/bluestudio.estadao.com.br\/agencia-de-comunicacao\/wp-json\/wp\/v2\/users\/1"}],"replies":[{"embeddable":true,"href":"https:\/\/bluestudio.estadao.com.br\/agencia-de-comunicacao\/wp-json\/wp\/v2\/comments?post=137056"}],"version-history":[{"count":0,"href":"https:\/\/bluestudio.estadao.com.br\/agencia-de-comunicacao\/wp-json\/wp\/v2\/posts\/137056\/revisions"}],"wp:featuredmedia":[{"embeddable":true,"href":"https:\/\/bluestudio.estadao.com.br\/agencia-de-comunicacao\/wp-json\/wp\/v2\/media\/137057"}],"wp:attachment":[{"href":"https:\/\/bluestudio.estadao.com.br\/agencia-de-comunicacao\/wp-json\/wp\/v2\/media?parent=137056"}],"wp:term":[{"taxonomy":"category","embeddable":true,"href":"https:\/\/bluestudio.estadao.com.br\/agencia-de-comunicacao\/wp-json\/wp\/v2\/categories?post=137056"},{"taxonomy":"post_tag","embeddable":true,"href":"https:\/\/bluestudio.estadao.com.br\/agencia-de-comunicacao\/wp-json\/wp\/v2\/tags?post=137056"}],"curies":[{"name":"wp","href":"https:\/\/api.w.org\/{rel}","templated":true}]}}