{"id":137037,"date":"2026-08-24T15:15:00","date_gmt":"2026-08-24T18:15:00","guid":{"rendered":"https:\/\/bluestudio.estadao.com.br\/agencia-de-comunicacao\/saftec-digital\/yuri-silva-portela-sono-na-terceira-idade-muda-mas-nem-toda-alteracao-deve-ser-atribuida-ao-envelhecimento\/"},"modified":"2026-08-24T15:15:00","modified_gmt":"2026-08-24T18:15:00","slug":"yuri-silva-portela-sono-na-terceira-idade-muda-mas-nem-toda-alteracao-deve-ser-atribuida-ao-envelhecimento","status":"publish","type":"post","link":"https:\/\/bluestudio.estadao.com.br\/agencia-de-comunicacao\/saftec-digital\/yuri-silva-portela-sono-na-terceira-idade-muda-mas-nem-toda-alteracao-deve-ser-atribuida-ao-envelhecimento\/","title":{"rendered":"Yuri Silva Portela: Sono na terceira idade muda, mas nem toda altera\u00e7\u00e3o deve ser atribu\u00edda ao envelhecimento"},"content":{"rendered":"<p>Acordar \u00e0s quatro da manh\u00e3, sem motivo aparente, e n\u00e3o conseguir voltar a dormir \u00e9 motivo de preocupa\u00e7\u00e3o para muita gente, que nota essa mudan\u00e7a repentina em sua rotina. O problema surge quando essa altera\u00e7\u00e3o se torna constante. Ela come\u00e7a a comprometer a disposi\u00e7\u00e3o durante o dia inteiro. N\u00e3o se trata apenas de uma noite isolada de sono mais leve.<\/p>\n<p>O padr\u00e3o de sono muda, sim, de forma previs\u00edvel com a idade: o sono profundo \u00e9 diminu\u00eddo, os despertares noturnos s\u00e3o aumentados em frequ\u00eancia, e o rel\u00f3gio biol\u00f3gico tende a ser adiantado, fazendo com que o sono seja sentido mais cedo \u00e0 noite e o acordar mais cedo pela manh\u00e3 seja parte normal desse processo. O problema surge quando essas mudan\u00e7as deixam de representar uma adapta\u00e7\u00e3o e come\u00e7am a afetar o funcionamento di\u00e1rio da pessoa de maneira percept\u00edvel.<\/p>\n<p>Segundo o p\u00f3s-graduado em geriatria, Doutor Yuri Silva Portela, os profissionais raramente explicam com clareza essa distin\u00e7\u00e3o entre adapta\u00e7\u00e3o natural e altera\u00e7\u00e3o preocupante durante as consultas de rotina, o que leva muitos pacientes a conviver com desconforto desnecess\u00e1rio por anos. A seguir, veja quais sinais merecem aten\u00e7\u00e3o redobrada e quando, de fato, vale buscar avalia\u00e7\u00e3o especializada.<\/p>\n<p><b>Sinais de fadiga que v\u00e3o al\u00e9m da idade exigem aten\u00e7\u00e3o especial<\/b><\/p>\n<p>O crit\u00e9rio mais confi\u00e1vel para diferenciar adapta\u00e7\u00e3o de altera\u00e7\u00e3o preocupante n\u00e3o \u00e9 o n\u00famero de horas dormidas, mas o impacto funcional durante o dia, alude Yuri Silva Portela. Sonol\u00eancia que atrapalha conversas, cochilos n\u00e3o planejados no meio de uma tarefa e dificuldade real de concentra\u00e7\u00e3o indicam que o sono noturno n\u00e3o est\u00e1 cumprindo sua fun\u00e7\u00e3o, independentemente de quantas horas a pessoa passou na cama.<\/p>\n<p>A dura\u00e7\u00e3o tamb\u00e9m importa: uma semana de sono mais leve ap\u00f3s um evento estressante \u00e9 diferente de um padr\u00e3o que se repete por meses sem explica\u00e7\u00e3o aparente. Roncos muito intensos, pausas respirat\u00f3rias percebidas por quem dorme ao lado e despertares com sensa\u00e7\u00e3o de sufocamento refor\u00e7am a suspeita de uma causa trat\u00e1vel, como a apneia do sono, e n\u00e3o apenas o avan\u00e7o natural da idade.<\/p>\n<p><b>O sono ruim afeta mais do que a disposi\u00e7\u00e3o<\/b><\/p>\n<p>A priva\u00e7\u00e3o cont\u00ednua de sono reduz o tempo de rea\u00e7\u00e3o e o equil\u00edbrio, dois fatores diretamente relacionados ao risco de quedas em casa. Esse efeito costuma passar despercebido, pois ningu\u00e9m espontaneamente associa um trope\u00e7o \u00e0 noite mal dormida do dia anterior. O desempenho cognitivo tamb\u00e9m \u00e9 afetado por esse desgaste acumulado. A mem\u00f3ria e a concentra\u00e7\u00e3o pioram de forma vis\u00edvel depois de noites mal dormidas. Esse efeito se intensifica quando o problema se torna cr\u00f4nico.<\/p>\n<p>Humor e sono se retroalimentam de forma particularmente dif\u00edcil de perceber. Dormir mal aumenta irritabilidade e propens\u00e3o a sintomas depressivos. E esse mesmo desgaste emocional dificulta ainda mais adormecer com facilidade na noite seguinte. Dessa forma, fecha-se um ciclo que raramente se resolve sozinho. Doutor Yuri Silva Portela observa que esse ciclo costuma passar despercebido. Isso acontece justamente por n\u00e3o haver um \u00fanico evento que o desencadeie. O que acontece \u00e9 apenas o ac\u00famulo silencioso de noites mal dormidas.<\/p>\n<p><b>Mudan\u00e7as no sono por v\u00e1rias semanas exigem avalia\u00e7\u00e3o especializada<\/b><\/p>\n<p>Mudan\u00e7as que persistem por v\u00e1rias semanas, sonol\u00eancia diurna significativa ou suspeita de apneia justificam avalia\u00e7\u00e3o especializada. Essa avalia\u00e7\u00e3o \u00e9 capaz de diferenciar o que \u00e9 adapta\u00e7\u00e3o natural do que exige interven\u00e7\u00e3o cl\u00ednica direcionada. Nesse momento, tamb\u00e9m \u00e9 importante revisar os medicamentos em uso, j\u00e1 que v\u00e1rios deles interferem diretamente na arquitetura do sono, sem que o paciente perceba a rela\u00e7\u00e3o.<\/p>\n<p>O doutor Yuri Silva Portela, p\u00f3s-graduado em geriatria, refor\u00e7a que o sono na terceira idade n\u00e3o deve ser tratado como uma queixa secund\u00e1ria na consulta m\u00e9dica, mas investigado com a mesma aten\u00e7\u00e3o dedicada a outras condi\u00e7\u00f5es cr\u00f4nicas acompanhadas ao longo dos anos.<\/p>\n<p>Investigar esse aspecto costuma revelar problemas que, quando tratados, melhoram significativamente a qualidade de vida do paciente. O doutor destaca que essa melhora se reflete em disposi\u00e7\u00e3o, humor e seguran\u00e7a ao longo de todo o dia, muito al\u00e9m do simples fato de dormir mais horas por noite.<\/p>\n<p>A <b>OESP<\/b> n\u00e3o \u00e9(s\u00e3o) respons\u00e1vel(is) por erros, incorre\u00e7\u00f5es, atrasos ou quaisquer decis\u00f5es tomadas por seus clientes com base nos Conte\u00fados ora disponibilizados, bem como tais Conte\u00fados n\u00e3o representam a opini\u00e3o da <b>OESP<\/b> e s\u00e3o de inteira responsabilidade da <b>Ag\u00eancia Saftec<\/b><\/p>\n","protected":false},"excerpt":{"rendered":"Acordar \u00e0s quatro da manh\u00e3, sem motivo aparente, e n\u00e3o conseguir voltar a dormir \u00e9 motivo de preocupa\u00e7\u00e3o para muita gente, que nota essa mudan\u00e7a repentina em sua rotina. O problema surge quando","protected":false},"author":1,"featured_media":137038,"comment_status":"open","ping_status":"closed","sticky":false,"template":"","format":"standard","meta":{"_acf_changed":false,"inline_featured_image":false,"_monsterinsights_skip_tracking":false,"_monsterinsights_sitenote_active":false,"_monsterinsights_sitenote_note":"","_monsterinsights_sitenote_category":0,"footnotes":""},"categories":[525],"tags":[],"class_list":["post-137037","post","type-post","status-publish","format-standard","has-post-thumbnail","hentry","category-saftec-digital"],"acf":[],"_links":{"self":[{"href":"https:\/\/bluestudio.estadao.com.br\/agencia-de-comunicacao\/wp-json\/wp\/v2\/posts\/137037","targetHints":{"allow":["GET"]}}],"collection":[{"href":"https:\/\/bluestudio.estadao.com.br\/agencia-de-comunicacao\/wp-json\/wp\/v2\/posts"}],"about":[{"href":"https:\/\/bluestudio.estadao.com.br\/agencia-de-comunicacao\/wp-json\/wp\/v2\/types\/post"}],"author":[{"embeddable":true,"href":"https:\/\/bluestudio.estadao.com.br\/agencia-de-comunicacao\/wp-json\/wp\/v2\/users\/1"}],"replies":[{"embeddable":true,"href":"https:\/\/bluestudio.estadao.com.br\/agencia-de-comunicacao\/wp-json\/wp\/v2\/comments?post=137037"}],"version-history":[{"count":0,"href":"https:\/\/bluestudio.estadao.com.br\/agencia-de-comunicacao\/wp-json\/wp\/v2\/posts\/137037\/revisions"}],"wp:featuredmedia":[{"embeddable":true,"href":"https:\/\/bluestudio.estadao.com.br\/agencia-de-comunicacao\/wp-json\/wp\/v2\/media\/137038"}],"wp:attachment":[{"href":"https:\/\/bluestudio.estadao.com.br\/agencia-de-comunicacao\/wp-json\/wp\/v2\/media?parent=137037"}],"wp:term":[{"taxonomy":"category","embeddable":true,"href":"https:\/\/bluestudio.estadao.com.br\/agencia-de-comunicacao\/wp-json\/wp\/v2\/categories?post=137037"},{"taxonomy":"post_tag","embeddable":true,"href":"https:\/\/bluestudio.estadao.com.br\/agencia-de-comunicacao\/wp-json\/wp\/v2\/tags?post=137037"}],"curies":[{"name":"wp","href":"https:\/\/api.w.org\/{rel}","templated":true}]}}