{"id":137018,"date":"2026-08-24T14:12:00","date_gmt":"2026-08-24T17:12:00","guid":{"rendered":"https:\/\/bluestudio.estadao.com.br\/agencia-de-comunicacao\/prnewswire\/informacoes-adicionais-sobre-o-aumento-da-participacao-acionaria-da-familia-ehrmann-na-artprice-divulgadas-pela-artmarket-como-parte-da-transformacao-ia-em-primeiro-lugar-da-artprice\/"},"modified":"2026-08-24T14:12:00","modified_gmt":"2026-08-24T17:12:00","slug":"informacoes-adicionais-sobre-o-aumento-da-participacao-acionaria-da-familia-ehrmann-na-artprice-divulgadas-pela-artmarket-como-parte-da-transformacao-ia-em-primeiro-lugar-da-artprice","status":"publish","type":"post","link":"https:\/\/bluestudio.estadao.com.br\/agencia-de-comunicacao\/prnewswire\/informacoes-adicionais-sobre-o-aumento-da-participacao-acionaria-da-familia-ehrmann-na-artprice-divulgadas-pela-artmarket-como-parte-da-transformacao-ia-em-primeiro-lugar-da-artprice\/","title":{"rendered":"Informa\u00e7\u00f5es adicionais sobre o aumento da participa\u00e7\u00e3o acion\u00e1ria da fam\u00edlia Ehrmann na Artprice, divulgadas pela Artmarket, como parte da transforma\u00e7\u00e3o &#8220;IA em primeiro lugar&#8221; da Artprice"},"content":{"rendered":"\n<div class=\"xn-content\">\n<span class=\"legendSpanClass\">PARIS<\/span>, <span class=\"legendSpanClass\"> 24 de agosto de 2026<\/span> \/PRNewswire\/ &#8212; Conforme anunciado no comunicado de imprensa do segundo trimestre de 2026 da Artmarket.com, publicado em 13 de agosto de 2026, sob o t\u00edtulo <i>&#8220;Artmarket.com: Q2 2026 Growth &#8212; From Progressive Transition to Artprice&#8217;s &#8216;AI-FIRST&#8217; Mutation&#8221;<\/i> (Aftermarket.com: Crescimento no segundo trimestre de 2026 &#8212; Da transi\u00e7\u00e3o progressiva \u00e0 muta\u00e7\u00e3o &#8216;IA EM PRIMEIRO LUGAR&#8217; da Artprice), Thierry Ehrmann, fundador e CEO da Artmarket.com, e sua fam\u00edlia reafirmam sua total confian\u00e7a no futuro da Artprice by Artmarket.com &#8212; l\u00edder global em informa\u00e7\u00f5es sobre o mercado de arte &#8212; e no crescimento sustentado de suas opera\u00e7\u00f5es. Esse impulso \u00e9 impulsionado, em particular, por investimentos substanciais destinados ao desenvolvimento das solu\u00e7\u00f5es propriet\u00e1rias de IA vertical da Artprice by Artmarket.com: <b>&#8220;Intuitive Art Market \u00a9&#8221;<\/b> e <b>&#8220;Blind Spot \u00a9&#8221;<\/b>.<\/p>\n<div id=\"prni_dvprnejpgc9f5left\" dir=\"ltr\" style=\"width: 100%;text-align: left\"><img decoding=\"async\" id=\"prnejpgc9f5left\" title=\"Artmarket.com Logo\" src=\"https:\/\/mmx.prnewswire.com\/media\/MS1060280\/Artmarket-logo.jpg?id=OA2904828\" alt=\"Artmarket.com Logo\" align=\"middle\" \/><\/div>\n<p>A convic\u00e7\u00e3o da fam\u00edlia Ehrmann e do acionista majorit\u00e1rio Groupe Serveur na expans\u00e3o cont\u00ednua da Artprice pela Artmarket se materializar\u00e1 em breve por meio de um aumento de sua participa\u00e7\u00e3o acion\u00e1ria na Artmarket.com, com a aquisi\u00e7\u00e3o de novas a\u00e7\u00f5es da empresa. Todas as divulga\u00e7\u00f5es regulamentares obrigat\u00f3rias ser\u00e3o submetidas \u00e0 AMF (Autoridade dos Mercados Financeiros da Fran\u00e7a) e publicadas on-line dentro dos prazos legais. As compras de a\u00e7\u00f5es ser\u00e3o executadas estritamente dentro dos per\u00edodos de negocia\u00e7\u00e3o autorizados.<\/p>\n<p>Essas transa\u00e7\u00f5es, tanto as atuais quanto as futuras, visam reafirmar a confian\u00e7a no futuro da Artprice by Artmarket.com e oferecer suporte completo \u00e0 empresa. Elas n\u00e3o t\u00eam a inten\u00e7\u00e3o de iniciar uma Oferta P\u00fablica de Aquisi\u00e7\u00e3o (OPA) ou uma Oferta de Exclus\u00e3o de Acionistas Minorit\u00e1rios (Oferta P\u00fablica de Aquisi\u00e7\u00e3o\/Compra de A\u00e7\u00f5es), ao contr\u00e1rio de interpreta\u00e7\u00f5es err\u00f4neas persistentes em certos f\u00f3runs, nem envolvem qualquer falha da fam\u00edlia Ehrmann em divulgar transa\u00e7\u00f5es ou ultrapassagens de limites.<\/p>\n<p>A Extranet ONDE (<i>Outil de Notification et de D\u00e9claration \u00c9lectronique<\/i>) \u00e9 uma plataforma segura da AMF dedicada ao arquivamento de declara\u00e7\u00f5es regulat\u00f3rias oficiais, como transa\u00e7\u00f5es com informa\u00e7\u00f5es privilegiadas e ultrapassagens de limites de participa\u00e7\u00e3o acion\u00e1ria relevantes. Ela lista as seguintes declara\u00e7\u00f5es, tanto os atuais quanto os futuros:<\/p>\n<p>*  <b>1\u00aa declara\u00e7\u00e3o<\/b> &#8212; N.\u00ba 2026DD1133787 (publicada em 17\/08\/2026)<br \/>*  <b>2\u00aa declara\u00e7\u00e3o<\/b> &#8212; N.\u00ba 2026DD1134265 (publicada em 20\/08\/2026)<br \/><span>*  <\/span><b>3\u00aa declara\u00e7\u00e3o suplementar <\/b><span> &#8212; <\/span>N.\u00ba<span> 2026DD1134267 (publicada em 20\/08\/2026)<\/span><\/p>\n<p>Em linha com essa decis\u00e3o de aumentar a participa\u00e7\u00e3o acion\u00e1ria da fam\u00edlia na Artmarket.com, a sra. Nad\u00e8ge Ehrmann, membro do conselho de administra\u00e7\u00e3o da Artmarket.com, adquiriu a\u00e7\u00f5es adicionais da Artmarket.com. Como o valor total agregado de suas aquisi\u00e7\u00f5es ultrapassou o limite regulamentar legal, ela concluiu as divulga\u00e7\u00f5es obrigat\u00f3rias junto \u00e0 emissora e \u00e0 AMF, em total conformidade com o Artigo 19 do Regulamento de Abuso de Mercado (MAR) da UE.<\/p>\n<p>Al\u00e9m disso, essas aquisi\u00e7\u00f5es de a\u00e7\u00f5es acompanham as flutua\u00e7\u00f5es normais dos pre\u00e7os de mercado, que de forma alguma alteram o compromisso da fam\u00edlia Ehrmann de refor\u00e7ar sua participa\u00e7\u00e3o acion\u00e1ria na Artprice by Artmarket.com.<\/p>\n<p>Por meio de um processo iterativo de atualiza\u00e7\u00e3o, Thierry Ehrmann concluiu o manuscrito de um tratado filos\u00f3fico e cient\u00edfico de 1.800 p\u00e1ginas dedicado \u00e0 intelig\u00eancia artificial, de 1987 at\u00e9 os dias atuais. <b>Os cap\u00edtulos centrais desta obra (aproximadamente 450 p\u00e1ginas rigorosamente documentadas) narram a odisseia humana n\u00e3o contada da Artprice<\/b>, culminando na constru\u00e7\u00e3o mundial de uma mem\u00f3ria universal do Mercado de Arte, forjada atrav\u00e9s de encontros extraordin\u00e1rios com os pioneiros da sociologia do Mercado de Arte e figuras hist\u00f3ricas do mercado que j\u00e1 faleceram.<\/p>\n<p>Essas rela\u00e7\u00f5es hist\u00f3ricas permitiram que a Artprice se tornasse a guardi\u00e3 confi\u00e1vel da mem\u00f3ria coletiva dessas figuras. Entre outras informa\u00e7\u00f5es, o trabalho oferece um relato cient\u00edfico da transforma\u00e7\u00e3o &#8220;IA em primeiro lugar&#8221; da Artprice, fundamentado em uma estrutura filos\u00f3fica articulada em 2026 sob o conceito de IA de &#8220;alinhamento&#8221;.<\/p>\n<p>Esta obra multil\u00edngue ser\u00e1 distribu\u00edda internacionalmente em edi\u00e7\u00e3o digital gratuita e em edi\u00e7\u00e3o impressa paga em livrarias. A vers\u00e3o em ingl\u00eas ser\u00e1 lan\u00e7ada no final de agosto de 2026 na OpenAI, Gemini e na Artprice by Artmarket.com, antes do lan\u00e7amento da edi\u00e7\u00e3o francesa em setembro de 2026.<\/p>\n<p>Este breve excerto do manuscrito original ilustra tanto o estilo liter\u00e1rio quanto a premissa filos\u00f3fica do tratado &#8212; a saber, o papel da intelig\u00eancia artificial na forma\u00e7\u00e3o do pensamento e da mem\u00f3ria:<\/p>\n<p>&#8220;A Artprice n\u00e3o nasceu para arrancar segredos do mercado de arte. Surgiu para evitar que o mercado p\u00fablico sucumbisse \u00e0 amn\u00e9sia. Essa distin\u00e7\u00e3o \u00e9 fundamental. Ela carrega consigo uma concep\u00e7\u00e3o espec\u00edfica de liberdade. Transpar\u00eancia n\u00e3o \u00e9 abolir a privacidade; consiste em tornar intelig\u00edvel aquilo que j\u00e1 pertence \u00e0 esfera comum.<\/p>\n<p>Quanto mais a Artprice crescia, mais perceb\u00edamos que hav\u00edamos assumido a responsabilidade por algo que ia muito al\u00e9m da mera fun\u00e7\u00e3o econ\u00f4mica e industrial de um banco de dados. Quando voc\u00ea possui alguns livros, pode fazer com eles o que bem entender. Ao reunir centenas de milhares de fragmentos \u00fanicos da mem\u00f3ria do mercado de arte mundial, provenientes de v\u00e1rios continentes, a propriedade legal n\u00e3o exime da responsabilidade moral: Isso transforma voc\u00ea em um guardi\u00e3o dessa mem\u00f3ria universal do Mercado de Arte.<\/p>\n<p>Receber sem apagar. Conectar sem padronizar. Medir sem diminuir. Tornar transparente sem profanar. Aproveitar as vantagens da tecnologia digital sem substituir o olhar humano. Construir uma economia da informa\u00e7\u00e3o digital sem jamais esquecer que, por tr\u00e1s de cada dado, existe uma obra de arte e, por tr\u00e1s de cada obra de arte, existe um ser humano.<\/p>\n<p>Durante quase trinta anos, vivemos segundo esses princ\u00edpios sem nunca sentir a necessidade de consagr\u00e1-los em um manifesto. Ent\u00e3o, a intelig\u00eancia artificial transformou a natureza do desafio. Com a IA, a mem\u00f3ria deixa de ser meramente consultada e torna-se um campo de treinamento fundamental para o aprendizado.<\/p>\n<p>Uma IA vertical e propriet\u00e1ria agora consegue navegar por volumes de informa\u00e7\u00e3o que nenhuma assembleia de historiadores de arte ou pesquisadores conseguiria absorver em uma vida inteira. Conex\u00e3o. Correla\u00e7\u00e3o. Detec\u00e7\u00e3o de padr\u00f5es. Anomalias na superf\u00edcie. Reconstru\u00e7\u00e3o de afinidades. Identifica\u00e7\u00e3o de pontos cegos. Gera\u00e7\u00e3o de hip\u00f3teses algor\u00edtmicas. \u00c9 um poder de magnitude extraordin\u00e1ria. Entretanto, isso torna a autenticidade e a qualidade da fonte prim\u00e1ria mais importantes do que nunca.<\/p>\n<p>Nesse exato momento, as milhares de bibliotecas que salvamos em diferentes partes do mundo passam por outra mudan\u00e7a de status. Eles deixaram de ser apenas o passado da Artprice e se tornaram a garantia definitiva de seu futuro. Entretanto, uma IA vertical dedicada a esse mercado s\u00f3 faz sentido se estiver ancorada em uma mem\u00f3ria cuja genealogia possa ser perfeitamente rastreada em cat\u00e1logos, manuscritos, c\u00f3dices, fotografias, biografias, registros de leil\u00f5es e outras fontes verificadas, al\u00e9m de contar com corre\u00e7\u00f5es humanas e d\u00e9cadas de padroniza\u00e7\u00e3o rigorosa.<\/p>\n<p>A fonte precede o modelo. Sempre.&#8221; <\/p>\n<p>Direitos autorais 1987-2026 Thierry Ehrmann <a href=\"https:\/\/www.artprice.com\/\" target=\"_blank\" rel=\"nofollow\">www.artprice.com<\/a> &#8211; <a href=\"https:\/\/www.artmarket.com\/\" target=\"_blank\" rel=\"nofollow\">www.artmarket.com<\/a><\/p>\n<p>O departamento de econometria da Artprice pode responder a todas as suas perguntas relacionadas a estat\u00edsticas e an\u00e1lises personalizadas: <a href=\"mailto:econometrics@artprice.com\" target=\"_blank\" rel=\"nofollow\">econometrics@artprice.com<\/a><\/p>\n<p>Saiba mais sobre nossos servi\u00e7os para artistas em uma demonstra\u00e7\u00e3o gratuita: <a href=\"https:\/\/artprice.com\/demo\" target=\"_blank\" rel=\"nofollow\">https:\/\/artprice.com\/demo<\/a><\/p>\n<p>Nossos servi\u00e7os: <a href=\"https:\/\/artprice.com\/subscription\" target=\"_blank\" rel=\"nofollow\">https:\/\/artprice.com\/subscription<\/a><\/p>\n<p>Sobre a Artmarket.com:<\/p>\n<p>A Artmarket.com est\u00e1 listada na Euronext Paris, no segmento Eurolist. A an\u00e1lise mais recente da TPI inclui mais de 18.000 acionistas individuais, excluindo acionistas estrangeiros, empresas, bancos, FCPs e OICVM: Euroclear: 7478 &#8211; Bloomberg: PRC &#8211; Reuters: ARTF.<\/p>\n<p>Assista a um v\u00eddeo sobre a Artmarket.com e seu departamento Artprice: <a href=\"https:\/\/artprice.com\/video\" target=\"_blank\" rel=\"nofollow\">https:\/\/artprice.com\/video<\/a><\/p>\n<p>A Artmarket e seu departamento Artprice foram fundados em 1997 por Thierry Ehrmann, CEO da empresa. Eles s\u00e3o controlados pelo Groupe Serveur (criado em 1987). Cf. a biografia certificada do Who&#8217;s Who In France\u00a9:<\/p>\n<p><a href=\"https:\/\/imgpublic.artprice.com\/img\/wp\/sites\/11\/2025\/11\/2026_Biographie_de_Thierry_Ehrmann_WhosWhoInFrance.pdf\" target=\"_blank\" rel=\"nofollow\">https:\/\/imgpublic.artprice.com\/img\/wp\/sites\/11\/2025\/11\/2026_Biographie_de_Thierry_Ehrmann_WhosWhoInFrance.pdf<\/a><\/p>\n<p>A Artmarket \u00e9 uma empresa global no mercado de arte que possui, entre outras estruturas, o departamento Artprice. Ele \u00e9 l\u00edder mundial na acumula\u00e7\u00e3o, gest\u00e3o e explora\u00e7\u00e3o de informa\u00e7\u00f5es hist\u00f3ricas e atuais do mercado de arte, como arquivos documentais originais, manuscritos em c\u00f3dice, livros anotados e cat\u00e1logos de leil\u00f5es, adquiridos ao longo dos anos. Esses dados est\u00e3o em bases que cont\u00eam mais de 30 milh\u00f5es de \u00edndices e resultados de leil\u00f5es, abrangendo mais de 915.300 artistas.<\/p>\n<p>Com o Artprice Images\u00ae, voc\u00ea tem acesso ilimitado ao maior banco de imagens do mercado de arte do mundo, com nada menos que 181 milh\u00f5es de imagens digitais, entre fotografias e reprodu\u00e7\u00f5es gravadas de obras de arte do per\u00edodo de 1700 at\u00e9 os dias atuais, acompanhadas de coment\u00e1rios de nossos historiadores de arte.<\/p>\n<p>Por meio de seu departamento Artprice, a Artmarket enriquece constantemente seus bancos de dados com informa\u00e7\u00f5es de 7.200 casas de leil\u00e3o e publica continuamente tend\u00eancias do mercado de arte para as principais ag\u00eancias e ve\u00edculos de imprensa do mundo, em 121 pa\u00edses e 11 idiomas.<\/p>\n<p><a href=\"https:\/\/www.prnewswire.com\/news-releases\/artmarketcom-artprice-and-cision-extend-their-alliance-to-119-countries-to-become-the-worlds-leading-press-agency-dedicated-to-the-art-market-nfts-and-the-metaverse-301431845.html\" target=\"_blank\" rel=\"nofollow\">https:\/\/www.prnewswire.com\/news-releases\/artmarketcom-artprice-and-cision-extend-their-alliance-to-119-countries-to-become-the-worlds-leading-press-agency-dedicated-to-the-art-market-nfts-and-the-metaverse-301431845.html<\/a><\/p>\n<p>A Artmarket.com disponibiliza aos seus 9,3 milh\u00f5es de membros cadastrados os an\u00fancios publicados por seus membros, que agora constituem o primeiro Mercado Padronizado\u00ae mundial para compra e venda de obras de arte a pre\u00e7os fixos.<\/p>\n<p>Agora se descortina um novo futuro para o mercado de arte com a IA intuitiva Artmarket\u00ae da Artprice.<\/p>\n<p>A Artmarket, por meio de seu departamento Artprice, recebeu duas vezes o selo estatal &#8220;Empresa Inovadora&#8221; do Banco P\u00fablico de Investimentos da Fran\u00e7a (BPI), que apoiou a empresa em seu projeto de consolidar sua posi\u00e7\u00e3o como um dos principais players do mercado de arte em escala global.<\/p>\n<p>A Artprice by Artmarket publica seu Relat\u00f3rio Anual do Mercado de Arte Global de 2025, com lan\u00e7amento previsto para mar\u00e7o de 2026:<\/p>\n<p><a href=\"https:\/\/www.artprice.com\/artprice-reports\/the-art-market-in-2025\" target=\"_blank\" rel=\"nofollow\">https:\/\/www.artprice.com\/artprice-reports\/the-art-market-in-2025<\/a><\/p>\n<p>A Artprice by Artmarket publica seu Relat\u00f3rio de Mercado de Arte Contempor\u00e2nea de 2025:<\/p>\n<p><a href=\"https:\/\/www.artprice.com\/artprice-reports\/the-contemporary-art-market-report-2025\" target=\"_blank\" rel=\"nofollow\">https:\/\/www.artprice.com\/artprice-reports\/the-contemporary-art-market-report-2025<\/a><\/p>\n<p>Resumo dos comunicados \u00e0 imprensa da Artmarket e de seu departamento Artprice: <a href=\"https:\/\/serveur.serveur.com\/artmarket\/press-release\/en\/\" target=\"_blank\" rel=\"nofollow\">https:\/\/serveur.serveur.com\/artmarket\/press-release\/en\/<\/a><\/p>\n<p>Acompanhe todas as novidades do mercado de arte em tempo real com a Artmarket e seu departamento Artprice no Facebook e Twitter:<\/p>\n<p><a href=\"https:\/\/www.facebook.com\/artpricedotcom\/\" target=\"_blank\" rel=\"nofollow\">www.facebook.com\/artpricedotcom\/<\/a> (mais de 6,4 milh\u00f5es de seguidores)<\/p>\n<p><a href=\"https:\/\/x.com\/artmarketdotcom\" target=\"_blank\" rel=\"nofollow\">x.com\/artmarketdotcom<\/a><\/p>\n<p><a href=\"https:\/\/x.com\/artpricedotcom\" target=\"_blank\" rel=\"nofollow\">x.com\/artpricedotcom<\/a><\/p>\n<p>Descubra a alquimia e o universo da Artmarket e de seu departamento Artprice: <a href=\"https:\/\/www.artprice.com\/video\" target=\"_blank\" rel=\"nofollow\">https:\/\/www.artprice.com\/video<\/a><\/p>\n<p>cuja sede \u00e9 o famoso Museu de Arte Contempor\u00e2nea, Abode of Chaos (Morada do Caos), conforme descrito pelo The New York Times \/ La Demeure of Chaos:<\/p>\n<p><a href=\"https:\/\/issuu.com\/demeureduchaos\/docs\/demeureduchaos-abodeofchaos-opus-ix-1999-2013\" target=\"_blank\" rel=\"nofollow\">https:\/\/issuu.com\/demeureduchaos\/docs\/demeureduchaos-abodeofchaos-opus-ix-1999-2013<\/a><\/p>\n<p>A ministra da Cultura da Fran\u00e7a, Madame Rachida Dati, reconheceu oficialmente a obra Abode of Chaos, de Thierry Ehrmann, como uma &#8220;obra de arte total&#8221;, em cerim\u00f4nia realizada na sede mundial da Artprice by Artmarket.<br \/><a href=\"https:\/\/www.prnewswire.com\/news-releases\/madame-rachida-dati-french-minister-of-culture-has-granted-official-recognition-to-thierry-ehrmanns-abode-of-chaos-as-a-total-work-of-art-the-global-headquarters-of-artprice-by-artmarket-302409684.html\" target=\"_blank\" rel=\"nofollow\">https:\/\/www.prnewswire.com\/news-releases\/madame-rachida-dati-french-minister-of-culture-has-granted-official-recognition-to-thierry-ehrmanns-abode-of-chaos-as-a-total-work-of-art-the-global-headquarters-of-artprice-by-artmarket-302409684.html<\/a><\/p>\n<p>La Demeure du Chaos\/Abode of Chaos &#8211; Obra de Arte Total e Arquitetura Singular.<\/p>\n<p>Trabalho bil\u00edngue confidencial, agora tornado p\u00fablico: <a href=\"https:\/\/ftp1.serveur.com\/abodeofchaos_singular_architecture.pdf\" target=\"_blank\" rel=\"nofollow\">https:\/\/ftp1.serveur.com\/abodeofchaos_singular_architecture.pdf<\/a><\/p>\n<p>*  L&#8217;Obs &#8211; The Museum of the Future: <a href=\"https:\/\/youtu.be\/29LXBPJrs-o\" target=\"_blank\" rel=\"nofollow\">https:\/\/youtu.be\/29LXBPJrs-o<\/a><br \/>*  <a href=\"https:\/\/www.facebook.com\/la.demeure.du.chaos.theabodeofchaos999\" target=\"_blank\" rel=\"nofollow\">https:\/\/www.facebook.com\/la.demeure.du.chaos.theabodeofchaos999<\/a> (more than 4.1 million subscribers)<br \/><a href=\"https:\/\/vimeo.com\/124643720\" target=\"_blank\" rel=\"nofollow\">https:\/\/vimeo.com\/124643720<\/a><\/p>\n<p>Contato da Artmarket.com e seu departamento Artprice: <a href=\"mailto:ir@artmarket.com\" target=\"_blank\" rel=\"nofollow\">ir@artmarket.com<\/a><\/p>\n<p>Logotipo &#8211; <a href=\"https:\/\/mmx.prnewswire.com\/media\/MS1060280\/Artmarket-logo.jpg?id=OA2904828\" target=\"_blank\" rel=\"nofollow\">https:\/\/mmx.prnewswire.com\/media\/MS1060280\/Artmarket-logo.jpg?id=OA2904828<\/a><\/p>\n<\/p>\n<p id=\"PURL\"><img loading=\"lazy\" decoding=\"async\" title=\"Cision\" width=\"12\" height=\"12\" alt=\"Cision\" src=\"https:\/\/edge.prnewswire.com\/c\/img\/favicon.png?sn=PT31867&amp;sd=2026-08-24\" \/> View original content:<a id=\"PRNURL\" rel=\"nofollow\" href=\"https:\/\/www.prnewswire.com\/br\/comunicados-para-a-imprensa\/informacoes-adicionais-sobre-o-aumento-da-participacao-acionaria-da-familia-ehrmann-na-artprice-divulgadas-pela-artmarket-como-parte-da-transformacao-ia-em-primeiro-lugar-da-artprice-302858517.html\" target=\"_blank\">https:\/\/www.prnewswire.com\/br\/comunicados-para-a-imprensa\/informacoes-adicionais-sobre-o-aumento-da-participacao-acionaria-da-familia-ehrmann-na-artprice-divulgadas-pela-artmarket-como-parte-da-transformacao-ia-em-primeiro-lugar-da-artprice-302858517.html<\/a><\/p>\n<p>FONTE Artmarket.com<\/p>\n<\/div>\n<p>  <img decoding=\"async\" alt=\"\" src=\"https:\/\/rt.prnewswire.com\/rt.gif?NewsItemId=PT31867&amp;Transmission_Id=202608241302PR_NEWS_LATAM____PT31867&amp;DateId=20260824\" style=\"border:0px;width:1px;height:1px\" \/><\/p>\n<p><strong>T\u00f3picos Relacionados:<\/strong> Com\u00e9rcio Eletr\u00f4nico, Intelig\u00eancia Artificial, Multim\u00eddia\/Online\/Internet, Not\u00edcias e Quest\u00f5es Cont\u00e1beis, Aquisi\u00e7\u00f5es, Fus\u00f5es, Incorpora\u00e7\u00f5es, Arte, Cultura e Design, Criptomoeda, Servi\u00e7os Banc\u00e1rios\/Financeiros<\/p>\n<p>A <b>OESP<\/b> n\u00e3o \u00e9(s\u00e3o) respons\u00e1vel(is) por erros, incorre\u00e7\u00f5es, atrasos ou quaisquer decis\u00f5es tomadas por seus clientes com base nos Conte\u00fados ora disponibilizados, bem como tais Conte\u00fados n\u00e3o representam a opini\u00e3o da <b>OESP<\/b> e s\u00e3o de inteira responsabilidade da <b>PR Newswire Ltda<\/b><\/p>\n","protected":false},"excerpt":{"rendered":"PARIS, 24 de agosto de 2026 \/PRNewswire\/ &#8212; Conforme anunciado no comunicado de imprensa do segundo trimestre de 2026 da Artmarket.com, publicado em 13 de agosto de 2026, sob o t\u00edtulo","protected":false},"author":1,"featured_media":137019,"comment_status":"open","ping_status":"closed","sticky":false,"template":"","format":"standard","meta":{"_acf_changed":false,"inline_featured_image":false,"_monsterinsights_skip_tracking":false,"_monsterinsights_sitenote_active":false,"_monsterinsights_sitenote_note":"","_monsterinsights_sitenote_category":0,"footnotes":""},"categories":[27],"tags":[12622,12623,12624],"class_list":["post-137018","post","type-post","status-publish","format-standard","has-post-thumbnail","hentry","category-prnewswire","tag-conforme-anunciado-no-comunicado-de-imprensa-do-segundo-trimestre-de-2026-da-artmarket-com","tag-publicado-em-13-de-agosto-de-2026","tag-sob-o-titulo-artmarket-com-q2-2026-growth-fr"],"acf":[],"_links":{"self":[{"href":"https:\/\/bluestudio.estadao.com.br\/agencia-de-comunicacao\/wp-json\/wp\/v2\/posts\/137018","targetHints":{"allow":["GET"]}}],"collection":[{"href":"https:\/\/bluestudio.estadao.com.br\/agencia-de-comunicacao\/wp-json\/wp\/v2\/posts"}],"about":[{"href":"https:\/\/bluestudio.estadao.com.br\/agencia-de-comunicacao\/wp-json\/wp\/v2\/types\/post"}],"author":[{"embeddable":true,"href":"https:\/\/bluestudio.estadao.com.br\/agencia-de-comunicacao\/wp-json\/wp\/v2\/users\/1"}],"replies":[{"embeddable":true,"href":"https:\/\/bluestudio.estadao.com.br\/agencia-de-comunicacao\/wp-json\/wp\/v2\/comments?post=137018"}],"version-history":[{"count":0,"href":"https:\/\/bluestudio.estadao.com.br\/agencia-de-comunicacao\/wp-json\/wp\/v2\/posts\/137018\/revisions"}],"wp:featuredmedia":[{"embeddable":true,"href":"https:\/\/bluestudio.estadao.com.br\/agencia-de-comunicacao\/wp-json\/wp\/v2\/media\/137019"}],"wp:attachment":[{"href":"https:\/\/bluestudio.estadao.com.br\/agencia-de-comunicacao\/wp-json\/wp\/v2\/media?parent=137018"}],"wp:term":[{"taxonomy":"category","embeddable":true,"href":"https:\/\/bluestudio.estadao.com.br\/agencia-de-comunicacao\/wp-json\/wp\/v2\/categories?post=137018"},{"taxonomy":"post_tag","embeddable":true,"href":"https:\/\/bluestudio.estadao.com.br\/agencia-de-comunicacao\/wp-json\/wp\/v2\/tags?post=137018"}],"curies":[{"name":"wp","href":"https:\/\/api.w.org\/{rel}","templated":true}]}}