{"id":136997,"date":"2026-08-24T12:12:00","date_gmt":"2026-08-24T15:12:00","guid":{"rendered":"https:\/\/bluestudio.estadao.com.br\/agencia-de-comunicacao\/prnewswire\/programa-de-trainee-saint-gobain-2027-celebra-35-anos-com-inscricoes-abertas\/"},"modified":"2026-08-24T12:12:00","modified_gmt":"2026-08-24T15:12:00","slug":"programa-de-trainee-saint-gobain-2027-celebra-35-anos-com-inscricoes-abertas","status":"publish","type":"post","link":"https:\/\/bluestudio.estadao.com.br\/agencia-de-comunicacao\/prnewswire\/programa-de-trainee-saint-gobain-2027-celebra-35-anos-com-inscricoes-abertas\/","title":{"rendered":"Programa de Trainee Saint-Gobain 2027 celebra 35 anos com inscri\u00e7\u00f5es abertas"},"content":{"rendered":"\n<div class=\"xn-content\">\n<p id=\"temp_ReleaseStart\"><span class=\"legendSpanClass\">S\u00c3O PAULO<\/span>, <span class=\"legendSpanClass\">24 de agosto de 2026<\/span> \/PRNewswire\/ &#8212; A Saint-Gobain, l\u00edder global em constru\u00e7\u00e3o leve e sustent\u00e1vel, est\u00e1 com inscri\u00e7\u00f5es abertas para o Programa de Trainee 2027, que celebra 35 anos de hist\u00f3ria. O programa \u00e9 uma porta de entrada para jovens talentos que desejam construir carreira em uma multinacional guiada pelo prop\u00f3sito &#8220;Making the World a Better Home&#8221;. Criada em 1991, a iniciativa j\u00e1 formou l\u00edderes e especialistas e se consolidou como um dos programas mais tradicionais da ind\u00fastria brasileira.<\/p>\n<div class=\"PRN_ImbeddedAssetReference\" id=\"DivAssetPlaceHolder5591\">\n<img decoding=\"async\" src=\"https:\/\/mmx.prnewswire.com\/media\/MS1974416\/Trainee-2027-SG-LINKEDIN-05.jpg?id=OA2906916\" title=\"\" alt=\"\" \/><\/p>\n<\/div>\n<p class=\"prntaj\">Com in\u00edcio em janeiro de 2027, a jornada ter\u00e1 18 meses: 12 de programa e seis de p\u00f3s-programa. Os selecionados participar\u00e3o de uma trilha estruturada de desenvolvimento t\u00e9cnico e comportamental, com mentorias de carreira, imers\u00e3o nos neg\u00f3cios, contato com executivos, visitas a unidades industriais e participa\u00e7\u00e3o em projetos estrat\u00e9gicos com impacto real para a companhia.<\/p>\n<p class=\"prntaj\">&#8220;O Programa de Trainee completa 35 anos como um s\u00edmbolo da nossa capacidade de unir tradi\u00e7\u00e3o e inova\u00e7\u00e3o. Ao mesmo tempo em que valorizamos nosso legado, seguimos evoluindo para atrair e desenvolver os talentos que v\u00e3o construir os pr\u00f3ximos cap\u00edtulos da Saint-Gobain&#8221;, afirma Gustavo Siqueira, vice-presidente de Recursos Humanos da Saint-Gobain para a regi\u00e3o LATAM.<\/p>\n<p class=\"prntaj\">As oportunidades abrangem \u00e1reas como Industrial, Controladoria, Marketing, Comercial, Compras, Recursos Humanos, Supply Chain, EHS e Pesquisa e Desenvolvimento. Os trainees poder\u00e3o atuar em unidades localizadas em S\u00e3o Paulo, Rio de Janeiro, Bahia e Par\u00e1, com vagas em cidades como Caieiras, Guarulhos, S\u00e3o Paulo, Sorocaba, Sumar\u00e9, Mau\u00e1, Jandira, Mogi das Cruzes, Queimados, Feira de Santana, Cama\u00e7ari e Bel\u00e9m.<\/p>\n<p class=\"prntaj\">Podem participar profissionais com gradua\u00e7\u00e3o conclu\u00edda entre junho de 2023 e julho de 2026, ingl\u00eas a partir do n\u00edvel intermedi\u00e1rio, disponibilidade para mobilidade entre cidades e estados e atua\u00e7\u00e3o presencial em hor\u00e1rio comercial. A empresa oferece apoio com curso de idiomas e benef\u00edcios como assist\u00eancia m\u00e9dica e odontol\u00f3gica, previd\u00eancia privada, participa\u00e7\u00e3o nos lucros e resultados, vale-refei\u00e7\u00e3o ou refeit\u00f3rio, seguro de vida, estacionamento ou vale-transporte, remunera\u00e7\u00e3o compat\u00edvel com o mercado e programa de aquisi\u00e7\u00e3o de a\u00e7\u00f5es. Os benef\u00edcios podem variar conforme a unidade.<\/p>\n<p class=\"prntaj\">O legado da iniciativa \u00e9 refletido na perman\u00eancia de talentos: 31% dos integrantes da primeira turma ainda trabalham na companhia. Presente em 81 pa\u00edses e com 162 mil funcion\u00e1rios, a Saint-Gobain registrou EUR 46,5 bilh\u00f5es em vendas em 2025 e mant\u00e9m o compromisso de zerar suas emiss\u00f5es l\u00edquidas de carbono at\u00e9 2050.<\/p>\n<p class=\"prntaj\">As inscri\u00e7\u00f5es podem ser realizadas at\u00e9 17 de setembro de 2026, pelo site traineesaintgobain.com.<\/p>\n<p class=\"prntaj\">Contato: <span>FSB Comunica\u00e7\u00e3o &#8211; <a href=\"mailto:saint-gobain@fsb.com.br\" target=\"_blank\" rel=\"nofollow\">saint-gobain@fsb.com.br<\/a><\/span><\/p>\n<div class=\"PRN_ImbeddedAssetReference\" id=\"DivAssetPlaceHolder0\"><\/div>\n<p id=\"PURL\"><img loading=\"lazy\" decoding=\"async\" title=\"Cision\" width=\"12\" height=\"12\" alt=\"Cision\" src=\"https:\/\/edge.prnewswire.com\/c\/img\/favicon.png?sn=PT32198&amp;sd=2026-08-24\" \/> View original content to download multimedia:<a id=\"PRNURL\" rel=\"nofollow\" href=\"https:\/\/www.prnewswire.com\/br\/comunicados-para-a-imprensa\/programa-de-trainee-saint-gobain-2027-celebra-35-anos-com-inscricoes-abertas-302858365.html\" target=\"_blank\">https:\/\/www.prnewswire.com\/br\/comunicados-para-a-imprensa\/programa-de-trainee-saint-gobain-2027-celebra-35-anos-com-inscricoes-abertas-302858365.html<\/a><\/p>\n<p>FONTE Saint-Gobain<\/p>\n<\/div>\n<p>  <img decoding=\"async\" alt=\"\" src=\"https:\/\/rt.prnewswire.com\/rt.gif?NewsItemId=PT32198&amp;Transmission_Id=202608241100PR_NEWS_LATAM____PT32198&amp;DateId=20260824\" style=\"border:0px;width:1px;height:1px\" \/><\/p>\n<p><strong>T\u00f3picos Relacionados:<\/strong> Novos Produtos\/Servi\u00e7os, Constru\u00e7\u00e3o\/Edifica\u00e7\u00e3o, Gest\u00e3o de For\u00e7a de Trabalho\/RH<\/p>\n<p>A <b>OESP<\/b> n\u00e3o \u00e9(s\u00e3o) respons\u00e1vel(is) por erros, incorre\u00e7\u00f5es, atrasos ou quaisquer decis\u00f5es tomadas por seus clientes com base nos Conte\u00fados ora disponibilizados, bem como tais Conte\u00fados n\u00e3o representam a opini\u00e3o da <b>OESP<\/b> e s\u00e3o de inteira responsabilidade da <b>PR Newswire Ltda<\/b><\/p>\n","protected":false},"excerpt":{"rendered":"S\u00c3O PAULO, 24 de agosto de 2026 \/PRNewswire\/ &#8212; A Saint-Gobain, l\u00edder global em constru\u00e7\u00e3o leve e sustent\u00e1vel, est\u00e1 com inscri\u00e7\u00f5es abertas para o Programa de Trainee 2027, que celebra 35","protected":false},"author":1,"featured_media":136998,"comment_status":"open","ping_status":"closed","sticky":false,"template":"","format":"standard","meta":{"_acf_changed":false,"inline_featured_image":false,"_monsterinsights_skip_tracking":false,"_monsterinsights_sitenote_active":false,"_monsterinsights_sitenote_note":"","_monsterinsights_sitenote_category":0,"footnotes":""},"categories":[27],"tags":[12615,12617,12616,12618],"class_list":["post-136997","post","type-post","status-publish","format-standard","has-post-thumbnail","hentry","category-prnewswire","tag-a-saint-gobain","tag-esta-com-inscricoes-abertas-para-o-programa-de-trainee-2027","tag-lider-global-em-construcao-leve-e-sustentavel","tag-que-celebra-35-anos-de-historia-o-programa-e-uma-porta"],"acf":[],"_links":{"self":[{"href":"https:\/\/bluestudio.estadao.com.br\/agencia-de-comunicacao\/wp-json\/wp\/v2\/posts\/136997","targetHints":{"allow":["GET"]}}],"collection":[{"href":"https:\/\/bluestudio.estadao.com.br\/agencia-de-comunicacao\/wp-json\/wp\/v2\/posts"}],"about":[{"href":"https:\/\/bluestudio.estadao.com.br\/agencia-de-comunicacao\/wp-json\/wp\/v2\/types\/post"}],"author":[{"embeddable":true,"href":"https:\/\/bluestudio.estadao.com.br\/agencia-de-comunicacao\/wp-json\/wp\/v2\/users\/1"}],"replies":[{"embeddable":true,"href":"https:\/\/bluestudio.estadao.com.br\/agencia-de-comunicacao\/wp-json\/wp\/v2\/comments?post=136997"}],"version-history":[{"count":0,"href":"https:\/\/bluestudio.estadao.com.br\/agencia-de-comunicacao\/wp-json\/wp\/v2\/posts\/136997\/revisions"}],"wp:featuredmedia":[{"embeddable":true,"href":"https:\/\/bluestudio.estadao.com.br\/agencia-de-comunicacao\/wp-json\/wp\/v2\/media\/136998"}],"wp:attachment":[{"href":"https:\/\/bluestudio.estadao.com.br\/agencia-de-comunicacao\/wp-json\/wp\/v2\/media?parent=136997"}],"wp:term":[{"taxonomy":"category","embeddable":true,"href":"https:\/\/bluestudio.estadao.com.br\/agencia-de-comunicacao\/wp-json\/wp\/v2\/categories?post=136997"},{"taxonomy":"post_tag","embeddable":true,"href":"https:\/\/bluestudio.estadao.com.br\/agencia-de-comunicacao\/wp-json\/wp\/v2\/tags?post=136997"}],"curies":[{"name":"wp","href":"https:\/\/api.w.org\/{rel}","templated":true}]}}