{"id":136948,"date":"2026-08-24T09:18:00","date_gmt":"2026-08-24T12:18:00","guid":{"rendered":"https:\/\/bluestudio.estadao.com.br\/agencia-de-comunicacao\/knewin-dino\/ia-ganha-forca-no-combate-a-violencia-contra-a-mulher\/"},"modified":"2026-08-24T09:18:00","modified_gmt":"2026-08-24T12:18:00","slug":"ia-ganha-forca-no-combate-a-violencia-contra-a-mulher","status":"publish","type":"post","link":"https:\/\/bluestudio.estadao.com.br\/agencia-de-comunicacao\/knewin-dino\/ia-ganha-forca-no-combate-a-violencia-contra-a-mulher\/","title":{"rendered":"IA ganha for\u00e7a no combate \u00e0 viol\u00eancia contra a mulher"},"content":{"rendered":"<p>Representantes das Pol\u00edcias Militar e Civil de Goi\u00e1s reuniram\u2011se nesta quinta\u2011feira, 20 de agosto, no Hub Goi\u00e1s, em Goi\u00e2nia, para definir a aplica\u00e7\u00e3o da intelig\u00eancia artificial no atendimento de den\u00fancias e na fiscaliza\u00e7\u00e3o de medidas protetivas contra a viol\u00eancia contra a mulher.<\/p>\n<p>O encontro foi promovido pela Secretaria de Seguran\u00e7a P\u00fablica de Goi\u00e1s (SSP\u2011GO) e contou com apoio da Secretaria de Estado da Ci\u00eancia, Tecnologia e Inova\u00e7\u00e3o (Secti) e da startup Pax, reunindo lideran\u00e7as como o superintendente de A\u00e7\u00f5es e Opera\u00e7\u00f5es Integradas da SSP\u2011GO, coronel Geyson Alves Borba, e o subsecret\u00e1rio da SSP\u2011GO, Gustavo Carlos Ferreira.<\/p>\n<p>Em abril, a tecnologia foi utilizada para rastrear em tempo real o ve\u00edculo de um suspeito de feminic\u00eddio no Jardim Petr\u00f3polis, em Aparecida de Goi\u00e2nia, permitindo sua captura em menos de 24 horas. Na fase investigativa, o uso de dados integrados permite antecipar trag\u00e9dias e solucionar casos complexos, conforme explica a delegada Ana Elisa Gomes Martins, titular da Delegacia Estadual de Atendimento \u00e0 Mulher (Deaem). \u201cO objetivo \u00e9 prevenir ocorr\u00eancias graves. Ao cruzar dados e identificar padr\u00f5es, a IA acelera a identifica\u00e7\u00e3o de autores e fortalece as investiga\u00e7\u00f5es\u201d, afirmou.<\/p>\n<p>Com as demandas mapeadas, as pr\u00f3ximas etapas incluem visitas \u00e0s unidades policiais para transformar as necessidades identificadas em ferramentas de uso di\u00e1rio, ampliando a capacidade preventiva e investigativa das for\u00e7as de seguran\u00e7a.<\/p>\n<p>Website: <a href=\"https:\/\/pax.ai\" target=\"_blank\">https:\/\/pax.ai<\/a><\/p>\n<p>Foto: Pax\/Divulga\u00e7\u00e3o<\/p>\n<p>A <b>OESP<\/b> n\u00e3o \u00e9(s\u00e3o) respons\u00e1vel(is) por erros, incorre\u00e7\u00f5es, atrasos ou quaisquer decis\u00f5es tomadas por seus clientes com base nos Conte\u00fados ora disponibilizados, bem como tais Conte\u00fados n\u00e3o representam a opini\u00e3o da <b>OESP<\/b> e s\u00e3o de inteira responsabilidade da <b>Knewin Dino<\/b><\/p>\n","protected":false},"excerpt":{"rendered":"Representantes das Pol\u00edcias Militar e Civil de Goi\u00e1s reuniram\u2011se nesta quinta\u2011feira, 20 de agosto, no Hub Goi\u00e1s, em Goi\u00e2nia, para definir a aplica\u00e7\u00e3o da intelig\u00eancia artificial no","protected":false},"author":1,"featured_media":136949,"comment_status":"open","ping_status":"closed","sticky":false,"template":"","format":"standard","meta":{"_acf_changed":false,"inline_featured_image":false,"_monsterinsights_skip_tracking":false,"_monsterinsights_sitenote_active":false,"_monsterinsights_sitenote_note":"","_monsterinsights_sitenote_category":0,"footnotes":""},"categories":[11470],"tags":[12403,300,12392,12395,12404,47],"class_list":["post-136948","post","type-post","status-publish","format-standard","has-post-thumbnail","hentry","category-knewin-dino","tag-executivo","tag-negocios","tag-politicas","tag-sociedade","tag-startups","tag-tecnologia"],"acf":[],"_links":{"self":[{"href":"https:\/\/bluestudio.estadao.com.br\/agencia-de-comunicacao\/wp-json\/wp\/v2\/posts\/136948","targetHints":{"allow":["GET"]}}],"collection":[{"href":"https:\/\/bluestudio.estadao.com.br\/agencia-de-comunicacao\/wp-json\/wp\/v2\/posts"}],"about":[{"href":"https:\/\/bluestudio.estadao.com.br\/agencia-de-comunicacao\/wp-json\/wp\/v2\/types\/post"}],"author":[{"embeddable":true,"href":"https:\/\/bluestudio.estadao.com.br\/agencia-de-comunicacao\/wp-json\/wp\/v2\/users\/1"}],"replies":[{"embeddable":true,"href":"https:\/\/bluestudio.estadao.com.br\/agencia-de-comunicacao\/wp-json\/wp\/v2\/comments?post=136948"}],"version-history":[{"count":0,"href":"https:\/\/bluestudio.estadao.com.br\/agencia-de-comunicacao\/wp-json\/wp\/v2\/posts\/136948\/revisions"}],"wp:featuredmedia":[{"embeddable":true,"href":"https:\/\/bluestudio.estadao.com.br\/agencia-de-comunicacao\/wp-json\/wp\/v2\/media\/136949"}],"wp:attachment":[{"href":"https:\/\/bluestudio.estadao.com.br\/agencia-de-comunicacao\/wp-json\/wp\/v2\/media?parent=136948"}],"wp:term":[{"taxonomy":"category","embeddable":true,"href":"https:\/\/bluestudio.estadao.com.br\/agencia-de-comunicacao\/wp-json\/wp\/v2\/categories?post=136948"},{"taxonomy":"post_tag","embeddable":true,"href":"https:\/\/bluestudio.estadao.com.br\/agencia-de-comunicacao\/wp-json\/wp\/v2\/tags?post=136948"}],"curies":[{"name":"wp","href":"https:\/\/api.w.org\/{rel}","templated":true}]}}