{"id":136937,"date":"2026-08-24T08:12:00","date_gmt":"2026-08-24T11:12:00","guid":{"rendered":"https:\/\/bluestudio.estadao.com.br\/agencia-de-comunicacao\/prnewswire\/novo-estudo-global-da-ikea-quase-4-em-cada-10-pessoas-estao-realizando-um-protesto-silencioso-contra-a-bagunca-domestica\/"},"modified":"2026-08-24T08:12:00","modified_gmt":"2026-08-24T11:12:00","slug":"novo-estudo-global-da-ikea-quase-4-em-cada-10-pessoas-estao-realizando-um-protesto-silencioso-contra-a-bagunca-domestica","status":"publish","type":"post","link":"https:\/\/bluestudio.estadao.com.br\/agencia-de-comunicacao\/prnewswire\/novo-estudo-global-da-ikea-quase-4-em-cada-10-pessoas-estao-realizando-um-protesto-silencioso-contra-a-bagunca-domestica\/","title":{"rendered":"Novo estudo global da IKEA: Quase 4 em cada 10 pessoas est\u00e3o realizando um &#8220;protesto silencioso&#8221; contra a bagun\u00e7a dom\u00e9stica."},"content":{"rendered":"\n<div class=\"xn-content\">\n<span class=\"legendSpanClass\">MALM\u00d6, Su\u00e9cia<\/span>, <span class=\"legendSpanClass\">24 de agosto de 2026<\/span> \/PRNewswire\/ &#8212; <b>Em 38% das casas, algu\u00e9m est\u00e1 silenciosamente deixando coisas de fora e esperando que outra pessoa lide com isso. (Eles n\u00e3o v\u00e3o.) Bem-vindos ao protesto silencioso. Essa \u00e9 uma das muitas conclus\u00f5es do Relat\u00f3rio de Lojas e Organiza\u00e7\u00e3o da IKEA 2026: Encontrando significado na bagun\u00e7a.<\/b><\/p>\n<div class=\"PRN_ImbeddedAssetReference\" id=\"DivAssetPlaceHolder1\">\n  <img decoding=\"async\" src=\"https:\/\/mmx.prnewswire.com\/media\/MS1973547\/IKEA-report-top-10-store-and-organize-trends.jpg?id=OA2902013\" title=\"IKEA Report - Top 10 Store and Organize Trends\" alt=\"IKEA Report - Top 10 Store and Organize Trends\" \/>\n <\/p>\n<\/p><\/div>\n<p>A vida em casa est\u00e1 ficando mais agitada e o espa\u00e7o mais escasso &#8212; por isso, este ano, a IKEA est\u00e1 focando em ajudar as pessoas a encontrar tranquilidade, e n\u00e3o apenas espa\u00e7o para guardar coisas.<\/p>\n<p>O relat\u00f3rio entrevistou 31.488 pessoas em 31 mercados e descobriu que a desordem cria tens\u00e3o real em casa. Em nenhum lugar isso \u00e9 mais evidente do que na bancada da cozinha, o espa\u00e7o mais dif\u00edcil de manter livre de bagun\u00e7a (24%) e o mais propenso a causar uma discuss\u00e3o (37%).<\/p>\n<p>Um em cada dez habitantes utiliza o forno at\u00e9 mesmo para armazenamento, n\u00famero que sobe para 21% na Coreia do Sul. Em algum lugar, algu\u00e9m est\u00e1 prestes a ter uma surpresa muito desagrad\u00e1vel.<\/p>\n<p>Os espa\u00e7os habitacionais est\u00e3o ficando menores. Mas h\u00e1 uma clara mudan\u00e7a em dire\u00e7\u00e3o \u00e0 &#8220;bagun\u00e7a significativa&#8221;: Possuir com inten\u00e7\u00e3o, conservar aquilo que tem valor. Com 59% das pessoas preferindo uma casa habitada a uma minimalista, talvez o objetivo nunca tenha sido uma casa perfeita.<\/p>\n<p>&#8220;As pessoas n\u00e3o est\u00e3o mais em busca da casa perfeita. Eles querem uma casa que reflita a sua personalidade &#8212; uma casa que guarde suas hist\u00f3rias, suas mem\u00f3rias, as coisas que importam. O que guardamos diz muito sobre quem somos. Nunca foram apenas coisas materiais. Na IKEA, acreditamos que todos merecem uma casa que funcione para eles. \u00c9 para isso que servem solu\u00e7\u00f5es inteligentes e acess\u00edveis&#8221;, afirma Licca Li, Gerente de Design de Mobili\u00e1rio Dom\u00e9stico e Varejo do Grupo Ingka (IKEA).<\/p>\n<p>82% guardam coisas puramente por raz\u00f5es sentimentais, mesmo que raramente sejam usadas ou estejam fora da vista. Al\u00e9m disso, h\u00e1 os 26% que escondem lembran\u00e7as de relacionamentos passados &#8212; os homens mais do que as mulheres.<\/p>\n<p>68% dos lares t\u00eam uma gaveta da perdi\u00e7\u00e3o, e o que tem dentro dela? Cabos, principalmente. 54% dos homens da gera\u00e7\u00e3o Baby Boomer ainda os guardam para aparelhos eletr\u00f4nicos que n\u00e3o possuem mais.<\/p>\n<p>Quando h\u00e1 visitas a caminho, uma em cada dez pessoas admite cancelar planos com amigos porque a casa est\u00e1 muito bagun\u00e7ada, e 34% reorganizam a bagun\u00e7a antes da chegada dos convidados.<\/p>\n<p>Ainda assim, 15% da popula\u00e7\u00e3o mundial considera a desordem uma forma de criatividade &#8212; n\u00famero que sobe para 31% na China, mas cai para apenas 4% no Jap\u00e3o. Talvez o objetivo nunca tenha sido uma casa perfeita, mas sim uma casa feliz.<\/p>\n<p>Para mais informa\u00e7\u00f5es, visite <a href=\"https:\/\/www.ingka.com\/reports\/\" target=\"_blank\" rel=\"nofollow\">IKEA Store &amp; Organise Report 2026<\/a> e <a href=\"https:\/\/www.ingka.com\/newsroom\/latest-news\/\" target=\"_blank\" rel=\"nofollow\">Ingka newsroom<\/a>.<\/p>\n<div class=\"PRN_ImbeddedAssetReference\" id=\"DivAssetPlaceHolder2\">\n  <img decoding=\"async\" src=\"https:\/\/mmx.prnewswire.com\/media\/MS1643199\/IKEA-Logo.jpg?id=OA2902012\" title=\"IKEA logo\" alt=\"IKEA logo\" \/>\n <\/p>\n<\/div>\n<p id=\"PURL\"><img loading=\"lazy\" decoding=\"async\" title=\"Cision\" width=\"12\" height=\"12\" alt=\"Cision\" src=\"https:\/\/edge.prnewswire.com\/c\/img\/favicon.png?sn=PT31260&amp;sd=2026-08-24\" \/> View original content to download multimedia:<a id=\"PRNURL\" rel=\"nofollow\" href=\"https:\/\/www.prnewswire.com\/br\/comunicados-para-a-imprensa\/novo-estudo-global-da-ikea-quase-4-em-cada-10-pessoas-estao-realizando-um-protesto-silencioso-contra-a-bagunca-domestica-302857301.html\" target=\"_blank\">https:\/\/www.prnewswire.com\/br\/comunicados-para-a-imprensa\/novo-estudo-global-da-ikea-quase-4-em-cada-10-pessoas-estao-realizando-um-protesto-silencioso-contra-a-bagunca-domestica-302857301.html<\/a><\/p>\n<p>FONTE IKEA<\/p>\n<\/div>\n<p>  <img decoding=\"async\" alt=\"\" src=\"https:\/\/rt.prnewswire.com\/rt.gif?NewsItemId=PT31260&amp;Transmission_Id=202608240700PR_NEWS_LATAM____PT31260&amp;DateId=20260824\" style=\"border:0px;width:1px;height:1px\" \/><\/p>\n<p><strong>T\u00f3picos Relacionados:<\/strong> Pesquisa, Enquetes e Estudos, Produtos Dom\u00e9sticos, Varejo, M\u00f3veis e Decora\u00e7\u00e3o, Dom\u00e9stico\/Consumidor\/Cosm\u00e9ticos, Melhorias Dom\u00e9sticas<\/p>\n<p>A <b>OESP<\/b> n\u00e3o \u00e9(s\u00e3o) respons\u00e1vel(is) por erros, incorre\u00e7\u00f5es, atrasos ou quaisquer decis\u00f5es tomadas por seus clientes com base nos Conte\u00fados ora disponibilizados, bem como tais Conte\u00fados n\u00e3o representam a opini\u00e3o da <b>OESP<\/b> e s\u00e3o de inteira responsabilidade da <b>PR Newswire Ltda<\/b><\/p>\n","protected":false},"excerpt":{"rendered":"MALM\u00d6, Su\u00e9cia, 24 de agosto de 2026 \/PRNewswire\/ &#8212; Em 38% das casas, algu\u00e9m est\u00e1 silenciosamente deixando coisas de fora e esperando que outra pessoa lide com isso. (Eles n\u00e3o v\u00e3o.)","protected":false},"author":1,"featured_media":136938,"comment_status":"open","ping_status":"closed","sticky":false,"template":"","format":"standard","meta":{"_acf_changed":false,"inline_featured_image":false,"_monsterinsights_skip_tracking":false,"_monsterinsights_sitenote_active":false,"_monsterinsights_sitenote_note":"","_monsterinsights_sitenote_category":0,"footnotes":""},"categories":[27],"tags":[12609,12608],"class_list":["post-136937","post","type-post","status-publish","format-standard","has-post-thumbnail","hentry","category-prnewswire","tag-alguem-esta-silenciosamente-deixando-coisas-de-fora-e-esperando-que-outra-pessoa-lide-com-isso-eles-nao-vao-bem-vindos-ao-protesto-silencioso-essa-e-uma","tag-em-38-das-casas"],"acf":[],"_links":{"self":[{"href":"https:\/\/bluestudio.estadao.com.br\/agencia-de-comunicacao\/wp-json\/wp\/v2\/posts\/136937","targetHints":{"allow":["GET"]}}],"collection":[{"href":"https:\/\/bluestudio.estadao.com.br\/agencia-de-comunicacao\/wp-json\/wp\/v2\/posts"}],"about":[{"href":"https:\/\/bluestudio.estadao.com.br\/agencia-de-comunicacao\/wp-json\/wp\/v2\/types\/post"}],"author":[{"embeddable":true,"href":"https:\/\/bluestudio.estadao.com.br\/agencia-de-comunicacao\/wp-json\/wp\/v2\/users\/1"}],"replies":[{"embeddable":true,"href":"https:\/\/bluestudio.estadao.com.br\/agencia-de-comunicacao\/wp-json\/wp\/v2\/comments?post=136937"}],"version-history":[{"count":0,"href":"https:\/\/bluestudio.estadao.com.br\/agencia-de-comunicacao\/wp-json\/wp\/v2\/posts\/136937\/revisions"}],"wp:featuredmedia":[{"embeddable":true,"href":"https:\/\/bluestudio.estadao.com.br\/agencia-de-comunicacao\/wp-json\/wp\/v2\/media\/136938"}],"wp:attachment":[{"href":"https:\/\/bluestudio.estadao.com.br\/agencia-de-comunicacao\/wp-json\/wp\/v2\/media?parent=136937"}],"wp:term":[{"taxonomy":"category","embeddable":true,"href":"https:\/\/bluestudio.estadao.com.br\/agencia-de-comunicacao\/wp-json\/wp\/v2\/categories?post=136937"},{"taxonomy":"post_tag","embeddable":true,"href":"https:\/\/bluestudio.estadao.com.br\/agencia-de-comunicacao\/wp-json\/wp\/v2\/tags?post=136937"}],"curies":[{"name":"wp","href":"https:\/\/api.w.org\/{rel}","templated":true}]}}