{"id":136917,"date":"2026-08-22T15:45:00","date_gmt":"2026-08-22T18:45:00","guid":{"rendered":"https:\/\/bluestudio.estadao.com.br\/agencia-de-comunicacao\/empreenda-mais\/mais-do-que-transporte-por-que-a-motocicleta-ganhou-espaco-na-mobilidade-cotidiana\/"},"modified":"2026-08-26T10:40:30","modified_gmt":"2026-08-26T13:40:30","slug":"mais-do-que-transporte-por-que-a-motocicleta-ganhou-espaco-na-mobilidade-cotidiana","status":"publish","type":"post","link":"https:\/\/bluestudio.estadao.com.br\/agencia-de-comunicacao\/empreenda-mais\/mais-do-que-transporte-por-que-a-motocicleta-ganhou-espaco-na-mobilidade-cotidiana\/","title":{"rendered":"Mais do que transporte: por que a motocicleta ganhou espa\u00e7o na mobilidade cotidiana?"},"content":{"rendered":"<p><i>Expans\u00e3o do mercado refor\u00e7a a import\u00e2ncia das motocicletas no dia a dia e amplia a diversidade de modelos dispon\u00edveis aos consumidores<\/i><\/p>\n<p>A motocicleta deixou de ser apenas uma alternativa de transporte para ocupar um papel cada vez mais relevante na mobilidade dos brasileiros. Seja para ir ao trabalho, estudar, fazer entregas ou ganhar agilidade nos deslocamentos, as duas rodas passaram a fazer parte da rotina de milhares de pessoas. Esse movimento aparece no tamanho da frota nacional, que chegou a 38,4 milh\u00f5es de motocicletas em junho de 2026, crescimento de 46,8% em dez anos, segundo dados da Associa\u00e7\u00e3o Brasileira dos Fabricantes de Motocicletas, Ciclomotores, Motonetas, Bicicletas e Similares (Abraciclo). No mesmo per\u00edodo, o n\u00famero de pessoas habilitadas na categoria A passou de 30,7 milh\u00f5es para 42,7 milh\u00f5es.<\/p>\n<p>O mercado tamb\u00e9m acompanha essa transforma\u00e7\u00e3o. De acordo com a Federa\u00e7\u00e3o Nacional da Distribui\u00e7\u00e3o de Ve\u00edculos Automotores (Fenabrave), 1,174 milh\u00e3o de motocicletas foram emplacadas no primeiro semestre de 2026, alta de 14,1% em rela\u00e7\u00e3o ao mesmo per\u00edodo do ano passado e recorde hist\u00f3rico para os primeiros seis meses do a no. Em julho, outros 199 mil ve\u00edculos foram licenciados, levando o acumulado do ano para cerca de 1,37 milh\u00e3o de unidades.<\/p>\n<p>Com uma diversidade de perfis de utiliza\u00e7\u00e3o, entender as caracter\u00edsticas de cada motocicleta se torna importante para fazer uma escolha compat\u00edvel com a rotina. Guilherme Limeira, diretor de engenharia da <a href=\"https:\/\/www.avelloz.com.br\/\" target=\"_blank\" rel=\"noopener\"><u>Avelloz<\/u><\/a>, fabricante de motocicletas que ocupa a quinta posi\u00e7\u00e3o consolidada entre as marcas com mais emplacamentos no Brasil, explica quais caracter\u00edsticas devem ser consideradas pelo consumidor antes da compra, levando em conta fatores como cilindrada, tipo de trajeto e finalidade de uso.<\/p>\n<p><b>125 cilindradas, praticidade para a rotina &#8211; <\/b> Para quem utiliza a motocicleta para trabalhar, estudar, fazer compras ou realizar outras atividades pela cidade, modelos na faixa de 125 cilindradas podem ser uma op\u00e7\u00e3o adequada, especialmente por combinarem caracter\u00edsticas como peso mais baixo, partida el\u00e9trica, inje\u00e7\u00e3o eletr\u00f4nica e freios com sistema CBS. \u201cO conjunto favorece a agilidade e a facilidade de condu\u00e7\u00e3o em trajetos urbanos, com tr\u00e2nsito intenso e paradas frequentes. \u00c9 o caso da nossa AZ125 Alfa, que re\u00fane essas caracter\u00edsticas em uma configura\u00e7\u00e3o voltada aos deslocamentos do dia a dia\u201d, explica Limeira.<\/p>\n<p><b>160 cilindradas, para diferentes trajetos &#8211;<\/b> Para quem alterna entre deslocamentos urbanos e percursos que exigem outras caracter\u00edsticas da motocicleta, aspectos como pot\u00eancia, rela\u00e7\u00e3o de transmiss\u00e3o, dist\u00e2ncia do solo e capacidade do tanque ganham relev\u00e2ncia. Uma motocicleta de 160 cilindradas, por exemplo, pode reunir 12,3cv de pot\u00eancia, c\u00e2mbio de cinco velocidades, tanque de 13 litros e 270 mil\u00edmetros de dist\u00e2ncia do solo, caracter\u00edsticas que favorecem uma utiliza\u00e7\u00e3o mais vers\u00e1til. &#8220;Nesse perfil, \u00e9 importante observar o conjunto do ve\u00edculo e avaliar se ele oferece os recursos necess\u00e1rios para acompanhar os diferentes tipos de trajeto que fazem parte da rotina do condutor. O nosso modelo AZ160 Xtreme, por exemplo, oferece uma proposta que atende tanto aos deslocamentos urbanos quanto a percursos que exigem maior versatilidade&#8221;, afirma o diretor.<\/p>\n<p>Al\u00e9m da cilindrada e do tipo de trajeto, dist\u00e2ncia percorrida, condi\u00e7\u00f5es das vias, posi\u00e7\u00e3o de pilotagem, autonomia e capacidade de carga tamb\u00e9m podem pesar na decis\u00e3o, especialmente de acordo com a finalidade e a frequ\u00eancia de uso. &#8220;N\u00e3o existe um \u00fanico conjunto de caracter\u00edsticas adequado para todos os motociclistas. A escolha deve considerar as necessidades de cada pessoa e a forma como a motocicleta ser\u00e1 utilizada&#8221;, conclui Limera.<\/p>\n","protected":false},"excerpt":{"rendered":"Expans\u00e3o do mercado refor\u00e7a a import\u00e2ncia das motocicletas no dia a dia e amplia a diversidade de modelos dispon\u00edveis aos consumidores A motocicleta deixou de ser apenas uma alternativa de","protected":false},"author":1,"featured_media":136918,"comment_status":"open","ping_status":"closed","sticky":false,"template":"","format":"standard","meta":{"_acf_changed":false,"inline_featured_image":false,"_monsterinsights_skip_tracking":false,"_monsterinsights_sitenote_active":false,"_monsterinsights_sitenote_note":"","_monsterinsights_sitenote_category":0,"footnotes":""},"categories":[552],"tags":[],"class_list":["post-136917","post","type-post","status-publish","format-standard","has-post-thumbnail","hentry","category-empreenda-mais"],"acf":[],"_links":{"self":[{"href":"https:\/\/bluestudio.estadao.com.br\/agencia-de-comunicacao\/wp-json\/wp\/v2\/posts\/136917","targetHints":{"allow":["GET"]}}],"collection":[{"href":"https:\/\/bluestudio.estadao.com.br\/agencia-de-comunicacao\/wp-json\/wp\/v2\/posts"}],"about":[{"href":"https:\/\/bluestudio.estadao.com.br\/agencia-de-comunicacao\/wp-json\/wp\/v2\/types\/post"}],"author":[{"embeddable":true,"href":"https:\/\/bluestudio.estadao.com.br\/agencia-de-comunicacao\/wp-json\/wp\/v2\/users\/1"}],"replies":[{"embeddable":true,"href":"https:\/\/bluestudio.estadao.com.br\/agencia-de-comunicacao\/wp-json\/wp\/v2\/comments?post=136917"}],"version-history":[{"count":1,"href":"https:\/\/bluestudio.estadao.com.br\/agencia-de-comunicacao\/wp-json\/wp\/v2\/posts\/136917\/revisions"}],"predecessor-version":[{"id":137263,"href":"https:\/\/bluestudio.estadao.com.br\/agencia-de-comunicacao\/wp-json\/wp\/v2\/posts\/136917\/revisions\/137263"}],"wp:featuredmedia":[{"embeddable":true,"href":"https:\/\/bluestudio.estadao.com.br\/agencia-de-comunicacao\/wp-json\/wp\/v2\/media\/136918"}],"wp:attachment":[{"href":"https:\/\/bluestudio.estadao.com.br\/agencia-de-comunicacao\/wp-json\/wp\/v2\/media?parent=136917"}],"wp:term":[{"taxonomy":"category","embeddable":true,"href":"https:\/\/bluestudio.estadao.com.br\/agencia-de-comunicacao\/wp-json\/wp\/v2\/categories?post=136917"},{"taxonomy":"post_tag","embeddable":true,"href":"https:\/\/bluestudio.estadao.com.br\/agencia-de-comunicacao\/wp-json\/wp\/v2\/tags?post=136917"}],"curies":[{"name":"wp","href":"https:\/\/api.w.org\/{rel}","templated":true}]}}