{"id":136435,"date":"2026-08-19T10:57:00","date_gmt":"2026-08-19T13:57:00","guid":{"rendered":"https:\/\/bluestudio.estadao.com.br\/agencia-de-comunicacao\/releases\/releases-geral\/ai-r-compass-uol-leva-expertise-em-ia-agentica-ao-febraban-tech-2026\/"},"modified":"2026-08-19T10:57:00","modified_gmt":"2026-08-19T13:57:00","slug":"ai-r-compass-uol-leva-expertise-em-ia-agentica-ao-febraban-tech-2026","status":"publish","type":"post","link":"https:\/\/bluestudio.estadao.com.br\/agencia-de-comunicacao\/releases\/releases-geral\/ai-r-compass-uol-leva-expertise-em-ia-agentica-ao-febraban-tech-2026\/","title":{"rendered":"AI\/R Compass UOL leva expertise em IA ag\u00eantica ao FEBRABAN TECH 2026"},"content":{"rendered":"<p align=\"justify\">S\u00c3O PAULO, Aug.  19, 2026  (GLOBE NEWSWIRE) &#8212; A AI\/R Compass UOL, subsidi\u00e1ria da AI\/R  empresa de tecnologia especialista em Agentic AI, anuncia sua participa\u00e7\u00e3o no FEBRABAN TECH 2026, o maior evento de tecnologia e inova\u00e7\u00e3o do setor financeiro da Am\u00e9rica Latina. O congresso ocorre entre os dias 24 e 26 de agosto, no Distrito Anhembi, em S\u00e3o Paulo, sob o tema Agentes inteligentes, lideran\u00e7a humana.<\/p>\n<p align=\"justify\">Durante os tr\u00eas dias de evento, especialistas da AI\/R Compass UOL, parceira Premier da Amazon Web Services (AWS) com doze compet\u00eancias t\u00e9cnicas  dentre elas, Financial Services , estar\u00e3o dispon\u00edveis no estande A142, ao lado de representantes da AWS e da Intel, para compartilhar experi\u00eancias, apresentar cases e discutir como institui\u00e7\u00f5es financeiras podem otimizar a gera\u00e7\u00e3o de valor por meio de iniciativas de IA e dados.<\/p>\n<p align=\"justify\">A \u00eanfase do FEBRABAN TECH 2026 no tema lideran\u00e7a humana ao lado da ado\u00e7\u00e3o de agentes inteligentes confirma uma leitura que orienta nossa atua\u00e7\u00e3o na AI\/R Compass UOL: a ado\u00e7\u00e3o de IA s\u00f3 gera valor real para os neg\u00f3cios quando efici\u00eancia caminha lado a lado com governan\u00e7a e supervis\u00e3o humana bem definidas, afirma Gil Torquato, CEO e Chairman da AI\/R.<\/p>\n<p align=\"justify\">Considerada a maior edi\u00e7\u00e3o j\u00e1 realizada pelo evento, o FEBRABAN TECH 2026 reunir\u00e1 seis palcos simult\u00e2neos e mais de 200 palestrantes. Entre os destaques da programa\u00e7\u00e3o est\u00e3o pain\u00e9is sobre o equil\u00edbrio entre inova\u00e7\u00e3o, regula\u00e7\u00e3o e protagonismo humano na ado\u00e7\u00e3o de IA, o avan\u00e7o da biometria multimodal e da criptografia de dados no combate a fraudes digitais, e a evolu\u00e7\u00e3o dos pagamentos embutidos dentro do movimento de Open Finance.<\/p>\n<p align=\"justify\">A participa\u00e7\u00e3o da AI\/R Compass UOL refor\u00e7a a atua\u00e7\u00e3o da companhia como parceira de institui\u00e7\u00f5es financeiras na transforma\u00e7\u00e3o de suas opera\u00e7\u00f5es a partir de IA ag\u00eantica, desde o desenho de novos processos at\u00e9 o acompanhamento cont\u00ednuo dos resultados. Mais informa\u00e7\u00f5es sobre a programa\u00e7\u00e3o do FEBRABAN TECH 2026 est\u00e3o dispon\u00edveis no site oficial do evento.<\/p>\n<p align=\"justify\"><strong>Sobre a AI\/R<\/strong><\/p>\n<p align=\"justify\">A <a href=\"https:\/\/www.globenewswire.com\/Tracker?data=wF2eR6X2YINz8vjn1sCojQHNFdnGrJ2HzNseLIQdHflpQP_8wGUBc28x8Cnt8t9P_EmCD8l08tYPqwMrkkV49Q==\" rel=\"nofollow\" target=\"_blank\">AI\/R<\/a> \u00e9 uma empresa de tecnologia especializada em <em>Agentic AI Engineering. <\/em>Sua abordagem em IA ag\u00eantica impulsiona tanto o desenvolvimento de software quanto a transforma\u00e7\u00e3o estrat\u00e9gica dos neg\u00f3cios, conectando capacidade t\u00e9cnica a resultados concretos e mensur\u00e1veis. Essa implementa\u00e7\u00e3o \u00e9 conduzida por seus <em>AI Forward Deployed Engineers<\/em>  especialistas com profundo conhecimento t\u00e9cnico e vis\u00e3o de neg\u00f3cio, capazes de converter complexidade em impacto sustent\u00e1vel. Com plataformas propriet\u00e1rias de IA e uma rede de parceiros estrat\u00e9gicos, a AI\/R amplia o potencial da intelig\u00eancia humana, impulsiona organiza\u00e7\u00f5es de todos os setores e estabelece novos padr\u00f5es de inova\u00e7\u00e3o, efici\u00eancia e produtividade empresarial.<\/p>\n<p align=\"justify\"><strong>Contact: <\/strong>Caroline Randow, caroline.randow@aircompany.ai <\/p>\n<p> <img decoding=\"async\" alt=\"\" class=\"__GNW8366DE3E__IMG\" src=\"https:\/\/www.globenewswire.com\/newsroom\/ti?nf=OTgxMjc4OSM3Nzg0MDE3IzIzMDI4NTg=\" \/> <br \/><img decoding=\"async\" alt=\"\" src=\"https:\/\/ml.globenewswire.com\/media\/YTNlMmUwNWUtMjAzNy00ZGVjLWI3NzEtZmJhMTBmMTZjMTY0LTEzMTQ0MDgtMjAyNi0wOC0xOS1wdA==\/tiny\/AI-R-Group-US-Holding-Corp.png\" \/><\/p>\n<p>A <b>OESP<\/b> nao e(sao) responsavel(is) por erros, incorrecoes, atrasos ou quaisquer decisoes tomadas por seus clientes com base nos Conteudos ora disponibilizados, bem como tais Conteudos nao representam a opiniao da <b>OESP<\/b> e sao de inteira responsabilidade da <b>GlobeNewswire<\/b><\/p>\n","protected":false},"excerpt":{"rendered":"S\u00c3O PAULO, Aug.  19, 2026  (GLOBE NEWSWIRE) &#8212; A AI\/R Compass UOL, subsidi\u00e1ria da AI\/R  empresa de tecnologia especialista em Agentic AI, anuncia sua part","protected":false},"author":1,"featured_media":0,"comment_status":"open","ping_status":"closed","sticky":false,"template":"","format":"standard","meta":{"_acf_changed":false,"inline_featured_image":false,"_monsterinsights_skip_tracking":false,"_monsterinsights_sitenote_active":false,"_monsterinsights_sitenote_note":"","_monsterinsights_sitenote_category":0,"footnotes":""},"categories":[34],"tags":[],"class_list":["post-136435","post","type-post","status-publish","format-standard","hentry","category-releases-geral"],"acf":[],"_links":{"self":[{"href":"https:\/\/bluestudio.estadao.com.br\/agencia-de-comunicacao\/wp-json\/wp\/v2\/posts\/136435","targetHints":{"allow":["GET"]}}],"collection":[{"href":"https:\/\/bluestudio.estadao.com.br\/agencia-de-comunicacao\/wp-json\/wp\/v2\/posts"}],"about":[{"href":"https:\/\/bluestudio.estadao.com.br\/agencia-de-comunicacao\/wp-json\/wp\/v2\/types\/post"}],"author":[{"embeddable":true,"href":"https:\/\/bluestudio.estadao.com.br\/agencia-de-comunicacao\/wp-json\/wp\/v2\/users\/1"}],"replies":[{"embeddable":true,"href":"https:\/\/bluestudio.estadao.com.br\/agencia-de-comunicacao\/wp-json\/wp\/v2\/comments?post=136435"}],"version-history":[{"count":0,"href":"https:\/\/bluestudio.estadao.com.br\/agencia-de-comunicacao\/wp-json\/wp\/v2\/posts\/136435\/revisions"}],"wp:attachment":[{"href":"https:\/\/bluestudio.estadao.com.br\/agencia-de-comunicacao\/wp-json\/wp\/v2\/media?parent=136435"}],"wp:term":[{"taxonomy":"category","embeddable":true,"href":"https:\/\/bluestudio.estadao.com.br\/agencia-de-comunicacao\/wp-json\/wp\/v2\/categories?post=136435"},{"taxonomy":"post_tag","embeddable":true,"href":"https:\/\/bluestudio.estadao.com.br\/agencia-de-comunicacao\/wp-json\/wp\/v2\/tags?post=136435"}],"curies":[{"name":"wp","href":"https:\/\/api.w.org\/{rel}","templated":true}]}}