{"id":136431,"date":"2026-08-19T09:48:00","date_gmt":"2026-08-19T12:48:00","guid":{"rendered":"https:\/\/bluestudio.estadao.com.br\/agencia-de-comunicacao\/knewin-dino\/verao-europeu-como-adaptar-a-rotina-de-skincare\/"},"modified":"2026-08-19T09:48:00","modified_gmt":"2026-08-19T12:48:00","slug":"verao-europeu-como-adaptar-a-rotina-de-skincare","status":"publish","type":"post","link":"https:\/\/bluestudio.estadao.com.br\/agencia-de-comunicacao\/knewin-dino\/verao-europeu-como-adaptar-a-rotina-de-skincare\/","title":{"rendered":"Ver\u00e3o europeu: como adaptar a rotina de skincare"},"content":{"rendered":"<p>Enquanto o inverno marca presen\u00e7a no Brasil, milhares de brasileiros embarcam rumo ao ver\u00e3o europeu em busca de praias e longos dias de sol. Mas, al\u00e9m dos itens indispens\u00e1veis, como roupas de banho e \u00f3culos de sol, vale considerar alguns produtos extras para o cuidado com a pele durante o per\u00edodo. Isso porque a combina\u00e7\u00e3o entre radia\u00e7\u00e3o solar intensa, calor, vento, \u00e1gua do mar, cloro das piscinas e mudan\u00e7as na rotina pode comprometer a barreira cut\u00e2nea, favorecendo ressecamento, sensibilidade e at\u00e9 mesmo o surgimento de manchas.<\/p>\n<p>Segundo a dermatologista Lays de Alc\u00e2ntara (CRM-SP 190340\/RQE 113412), a prioridade \u00e9 investir em produtos que limpem sem agredir, hidratem na medida certa e fortale\u00e7am a barreira de prote\u00e7\u00e3o da pele. \u201cDurante viagens, principalmente em destinos de ver\u00e3o, a pele pode ficar naturalmente mais sensibilizada pela exposi\u00e7\u00e3o aos raios UV e \u00e0s mudan\u00e7as ambientais. Uma rotina mais simples, focada em limpeza, prote\u00e7\u00e3o e hidrata\u00e7\u00e3o, costuma trazer melhores resultados\u201d, explica.\u00a0<\/p>\n<p><b>Limpeza preservando a barreira da pele<\/b><\/p>\n<p>Conforme explica a Dra. Lays, ap\u00f3s um dia inteiro de passeios, praia ou piscina, a limpeza continua sendo um passo essencial. No entanto, ela aconselha optar por produtos suaves, capazes de remover res\u00edduos de protetor solar, suor, sal e polui\u00e7\u00e3o sem comprometer a barreira cut\u00e2nea.<\/p>\n<p>Segundo a especialista, limpadores muito agressivos podem intensificar o ressecamento e aumentar a sensa\u00e7\u00e3o de desconforto. \u201cA pele precisa estar limpa para receber os demais cuidados. Uma higieniza\u00e7\u00e3o gentil ajuda a preservar os lip\u00eddios naturais da pele, fundamentais para manter sua fun\u00e7\u00e3o de prote\u00e7\u00e3o\u201d, orienta.<\/p>\n<p><b>Hidrata\u00e7\u00e3o mesmo nos dias quentes<\/b><\/p>\n<p>A dermatologista tamb\u00e9m alerta para alta exposi\u00e7\u00e3o ao sol, que pode favorecer a perda de \u00e1gua, o que torna a hidrata\u00e7\u00e3o se torna ainda mais importante. Por isso, sua recomenda\u00e7\u00e3o \u00e9 escolher f\u00f3rmulas leves, de r\u00e1pida absor\u00e7\u00e3o, que ajudem a manter o equil\u00edbrio h\u00eddrico sem deixar aquele aspecto pesado. \u201cManter uma boa hidrata\u00e7\u00e3o ajuda na recupera\u00e7\u00e3o da barreira cut\u00e2nea ap\u00f3s a exposi\u00e7\u00e3o solar. Al\u00e9m dos cosm\u00e9ticos, beber bastante \u00e1gua durante toda a viagem contribui para manter a pele saud\u00e1vel\u201d, afirma.<\/p>\n<p><b>Prote\u00e7\u00e3o solar continua sendo prioridade<\/b><\/p>\n<p>Outro ponto de aten\u00e7\u00e3o, segundo a Dra. Lays, \u00e9 o protetor solar, que deve ser reaplicado ao longo do dia, mesmo com o c\u00e9u nublado ou durante caminhadas pela cidade, especialmente ap\u00f3s entrar na \u00e1gua ou transpirar em excesso. Al\u00e9m dele, a m\u00e9dica tamb\u00e9m indica o uso de acess\u00f3rios, como chap\u00e9us, bon\u00e9s e \u00f3culos de sol, que ajudam a reduzir a exposi\u00e7\u00e3o direta \u00e0 radia\u00e7\u00e3o ultravioleta, principalmente nos hor\u00e1rios de maior intensidade.<\/p>\n<p><b>Preparando a pele antes da viagem<\/b><\/p>\n<p>Al\u00e9m da rotina de cuidados durante o passeio, alguns procedimentos podem ser realizados antes da viagem para ajudar a pele a enfrentar melhor os dias de calor intenso. Segundo a dermatologista, o \u00e1cido hialur\u00f4nico injet\u00e1vel, na vers\u00e3o skinbooster, pode ser utilizado para promover uma hidrata\u00e7\u00e3o profunda na pele.<\/p>\n<p>\u201cEsse tratamento contribui para fortalecer a qualidade da pele antes de um per\u00edodo de maior exposi\u00e7\u00e3o ao sol. Ele promove hidrata\u00e7\u00e3o de dentro para fora e melhora aspectos como textura e tom da pele, funcionando como um complemento dos cuidados di\u00e1rios\u201d, explica.<\/p>\n<p>Entre as op\u00e7\u00f5es dispon\u00edveis no mercado, a linha\u00a0<a href=\"https:\/\/www.galdermaaesthetics.com.br\/tipos-de-restylane\" target=\"_blank\">Restylane<sup>\u00ae<\/sup><\/a> \u00e9 reconhecida por redefinir contornos\u00a0e melhorar a qualidade da pele, entregando\u00a0resultados naturais, imediatos e duradouros. Um dos destaques \u00e9 o Restylane<sup>\u00ae<\/sup>\u00a0Skinboosters<sup>TM <\/sup>que al\u00e9m de promover hidrata\u00e7\u00e3o, tamb\u00e9m age melhorando outros aspectos da\u00a0pele, como brilho, tom, textura, maciez, linhas finas e rugas, cicatrizes de acne e poros.\u00a0\u00a0<\/p>\n<p>Nesse sentido, aproveitar o ver\u00e3o europeu tamb\u00e9m passa por cuidar da pele. Com poucos ajustes na rotina, \u00e9 poss\u00edvel voltar da viagem com boas lembran\u00e7as e a pele saud\u00e1vel. E aqui est\u00e3o op\u00e7\u00f5es que ajudam a refor\u00e7ar os cuidados durante viagens com clima quente:<\/p>\n<p><a href=\"https:\/\/www.dermotivin.com.br\/dermotivin\/produtos\/soft-espuma-130ml\" target=\"_blank\"><b>Dermotivin<\/b><b><sup>\u00ae<\/sup>\u00a0Soft Sabonete Espuma de Limpeza Facial\u00a0130ml<\/b><\/a>\u00a0\u00e9 ideal para peles secas ou sensibilizadas. Com tecnologia Soft Complex<sup>TM<\/sup>, o produto forma um filme protetor hidratante n\u00e3o oleoso. Al\u00e9m disso, possui f\u00f3rmula com alta toler\u00e2ncia\u00a0que limpa a pele sem irritar.\u00a0<\/p>\n<p><a href=\"https:\/\/www.dermotivin.com.br\/dermotivin\/produtos\/original-espuma-130ml\" target=\"_blank\"><b>Dermotivin<\/b><b><sup>\u00ae<\/sup>\u00a0Original Sabonete Espuma de Limpeza Facial\u00a0130ml<\/b><\/a>\u00a0\u00e9\u00a0um sabonete facial prescrito para peles mistas e oleosas. Cont\u00e9m a\u00e7\u00e3o higienizadora equilibrada, que corrige o brilho e a oleosidade sem deixar aquela sensa\u00e7\u00e3o ressecada.\u00a0\u00a0<\/p>\n<p><a href=\"https:\/\/www.cetaphil.com.br\/linhas\/optimal-hydration\/water-gel-restaurador-optimal-hydration-48g\/3499320014540.html\" target=\"_blank\"><b>Cetaphil<\/b><b><sup>\u00ae<\/sup>\u00a0Optimal Hydration Water Gel Restaurador 48g<\/b><\/a>\u00a0proporciona\u00a0sensa\u00e7\u00e3o de pele suave e apar\u00eancia uniforme imediatamente ap\u00f3s o uso, com uma hidrata\u00e7\u00e3o prolongada por 72 horas ap\u00f3s uma \u00fanica aplica\u00e7\u00e3o. Al\u00e9m disso, \u00e9 absorvido instantaneamente\u00a0e apresenta o exclusivo Complexo\u00a0HydroSensitiv<sup>TM<\/sup> com blue\u00a0daisy, um ingrediente natural calmante.\u00a0\u00a0<\/p>\n<p><a href=\"https:\/\/www.cetaphil.com.br\/produtos\/hidratacao-facial\/locao-hidratante-facial-com-acido-hialuronico-50ml\/7897930779419.html\" target=\"_blank\"><b>Cetaphil<\/b><b><sup>\u00ae<\/sup>\u00a0Lo\u00e7\u00e3o Facial Hidratante com \u00c1cido Hialur\u00f4nico 50ml<\/b><\/a> foi desenvolvida em parceria com a apresentadora Sabrina Sato. Gra\u00e7as \u00e0 presen\u00e7a do exclusivo\u00a0\u00c1cido Hialur\u00f4nico\u00a0Hyacare<sup>\u00ae<\/sup>\u00a050, que combina pequenas part\u00edculas que penetram profundamente na pele, a lo\u00e7\u00e3o melhora a viscoelasticidade e promove efeito rejuvenescedor, sendo \u00f3tima para usar antes da maquiagem.\u00a0<\/p>\n<p><a href=\"https:\/\/www.cetaphil.com.br\/produtos\/hidratacao\/locao-hidratante-cetaphil-473ml\/7897930762059.html\" target=\"_blank\"><b>Cetaphil<\/b><b><sup>\u00ae<\/sup><\/b><b>\u00a0Lo\u00e7\u00e3o Hidratante 473ml<\/b><\/a> apresenta textura leve e de r\u00e1pida absor\u00e7\u00e3o. Restaura significativamente a barreira da pele ap\u00f3s uma semana de uso di\u00e1rio<sup>\u00a0<\/sup>e reduz imediatamente o ressecamento e a aspereza.\u00a0<\/p>\n<p>Vale lembrar que Restylane<sup>\u00ae<\/sup> deve ser aplicado por profissionais habilitados \u00e0 pr\u00e1tica de injet\u00e1veis.<\/p>\n<p>Foto: Divulga\u00e7\u00e3o: Galderma<\/p>\n<p>A <b>OESP<\/b> n\u00e3o \u00e9(s\u00e3o) respons\u00e1vel(is) por erros, incorre\u00e7\u00f5es, atrasos ou quaisquer decis\u00f5es tomadas por seus clientes com base nos Conte\u00fados ora disponibilizados, bem como tais Conte\u00fados n\u00e3o representam a opini\u00e3o da <b>OESP<\/b> e s\u00e3o de inteira responsabilidade da <b>Knewin Dino<\/b><\/p>\n","protected":false},"excerpt":{"rendered":"Enquanto o inverno marca presen\u00e7a no Brasil, milhares de brasileiros embarcam rumo ao ver\u00e3o europeu em busca de praias e longos dias de sol. Mas, al\u00e9m dos itens indispens\u00e1veis, como roupas de","protected":false},"author":1,"featured_media":136432,"comment_status":"open","ping_status":"closed","sticky":false,"template":"","format":"standard","meta":{"_acf_changed":false,"inline_featured_image":false,"_monsterinsights_skip_tracking":false,"_monsterinsights_sitenote_active":false,"_monsterinsights_sitenote_note":"","_monsterinsights_sitenote_category":0,"footnotes":""},"categories":[11470],"tags":[12421,300,12398,12393],"class_list":["post-136431","post","type-post","status-publish","format-standard","has-post-thumbnail","hentry","category-knewin-dino","tag-estilo-de-vida","tag-negocios","tag-saude-e-bem-estar","tag-turismo-e-viagem"],"acf":[],"_links":{"self":[{"href":"https:\/\/bluestudio.estadao.com.br\/agencia-de-comunicacao\/wp-json\/wp\/v2\/posts\/136431","targetHints":{"allow":["GET"]}}],"collection":[{"href":"https:\/\/bluestudio.estadao.com.br\/agencia-de-comunicacao\/wp-json\/wp\/v2\/posts"}],"about":[{"href":"https:\/\/bluestudio.estadao.com.br\/agencia-de-comunicacao\/wp-json\/wp\/v2\/types\/post"}],"author":[{"embeddable":true,"href":"https:\/\/bluestudio.estadao.com.br\/agencia-de-comunicacao\/wp-json\/wp\/v2\/users\/1"}],"replies":[{"embeddable":true,"href":"https:\/\/bluestudio.estadao.com.br\/agencia-de-comunicacao\/wp-json\/wp\/v2\/comments?post=136431"}],"version-history":[{"count":0,"href":"https:\/\/bluestudio.estadao.com.br\/agencia-de-comunicacao\/wp-json\/wp\/v2\/posts\/136431\/revisions"}],"wp:featuredmedia":[{"embeddable":true,"href":"https:\/\/bluestudio.estadao.com.br\/agencia-de-comunicacao\/wp-json\/wp\/v2\/media\/136432"}],"wp:attachment":[{"href":"https:\/\/bluestudio.estadao.com.br\/agencia-de-comunicacao\/wp-json\/wp\/v2\/media?parent=136431"}],"wp:term":[{"taxonomy":"category","embeddable":true,"href":"https:\/\/bluestudio.estadao.com.br\/agencia-de-comunicacao\/wp-json\/wp\/v2\/categories?post=136431"},{"taxonomy":"post_tag","embeddable":true,"href":"https:\/\/bluestudio.estadao.com.br\/agencia-de-comunicacao\/wp-json\/wp\/v2\/tags?post=136431"}],"curies":[{"name":"wp","href":"https:\/\/api.w.org\/{rel}","templated":true}]}}