{"id":136399,"date":"2026-08-19T09:25:00","date_gmt":"2026-08-19T12:25:00","guid":{"rendered":"https:\/\/bluestudio.estadao.com.br\/agencia-de-comunicacao\/pulsebrand\/sonorita-consolida-modelo-clinico-de-atendimento-individualizado-em-audicao\/"},"modified":"2026-08-19T09:25:00","modified_gmt":"2026-08-19T12:25:00","slug":"sonorita-consolida-modelo-clinico-de-atendimento-individualizado-em-audicao","status":"publish","type":"post","link":"https:\/\/bluestudio.estadao.com.br\/agencia-de-comunicacao\/pulsebrand\/sonorita-consolida-modelo-clinico-de-atendimento-individualizado-em-audicao\/","title":{"rendered":"SONORIT\u00c0 consolida modelo cl\u00ednico de atendimento individualizado em audi\u00e7\u00e3o"},"content":{"rendered":"<p>A cl\u00ednica de sa\u00fade auditiva <a href=\"https:\/\/sonoritaaparelhosauditivos.com.br\/\" target=\"_blank\"><u>SONORIT\u00c0<\/u><\/a>, sediada em Minas Gerais, criou e vem consolidando um modelo de atendimento de excel\u00eancia, profissional, personalizado, com acompanhamento vital\u00edcio e atendimento humanizado. O protocolo trabalha a avalia\u00e7\u00e3o audiol\u00f3gica detalhada, a adapta\u00e7\u00e3o personalizada do aparelho auditivo e os retornos programados para ajustes t\u00e9cnicos no dispositivo.<\/p>\n<p>Uma avalia\u00e7\u00e3o que vai al\u00e9m do diagn\u00f3stico<\/p>\n<p>A avalia\u00e7\u00e3o inicial da SONORIT\u00c0 leva em conta fatores que v\u00e3o al\u00e9m do grau de perda auditiva, como o estilo de vida do paciente, suas demandas de comunica\u00e7\u00e3o no trabalho e em casa, e as expectativas relativas ao uso do dispositivo. Com esse mapeamento, a programa\u00e7\u00e3o do aparelho recebe a configura\u00e7\u00e3o certa, conforme as necessidades espec\u00edficas da pessoa.<\/p>\n<p>O acompanhamento como diferencial cl\u00ednico<\/p>\n<p>A SONORIT\u00c0 realiza o mapeamento de fala, padr\u00e3o ouro na regulagem e adapta\u00e7\u00e3o de aparelhos auditivos. O objetivo \u00e9 garantir que os pacientes tenham a melhor experi\u00eancia auditiva. E o acompanhamento ocorre durante toda a vida do paciente, ou seja, \u00e9 vital\u00edcio.<\/p>\n<p>&#8220;O acompanhamento continua ap\u00f3s a entrega do aparelho. A adapta\u00e7\u00e3o auditiva exige tempo, escuta e ajustes t\u00e9cnicos precisos para o paciente realmente se beneficiar da amplifica\u00e7\u00e3o&#8221;, afirma a lideran\u00e7a cl\u00ednica da <a href=\"https:\/\/sonoritaaparelhosauditivos.com.br\/\" target=\"_blank\"><u>SONORIT\u00c0<\/u><\/a>.<\/p>\n<p>Reputa\u00e7\u00e3o constru\u00edda ao longo do tempo<\/p>\n<p>Essa confian\u00e7a se traduz de forma objetiva. No total, s\u00e3o mais de 540 avalia\u00e7\u00f5es no Google, todas com nota m\u00e1xima (5,0), volume que mostra a consist\u00eancia da SONORIT\u00c0 ao longo do tempo, sendo muito mais do que um resultado pontual.<\/p>\n<p>Um cen\u00e1rio que refor\u00e7a a relev\u00e2ncia do cuidado cont\u00ednuo<\/p>\n<p>De acordo com o World Report on Hearing, da OMS (Organiza\u00e7\u00e3o Mundial da Sa\u00fade), aproximadamente 1,5 bilh\u00e3o de pessoas t\u00eam algum grau de perda auditiva em todo o mundo. Esse n\u00famero deve chegar a 2,5 bilh\u00f5es at\u00e9 2050, segundo as proje\u00e7\u00f5es feitas pela entidade.<\/p>\n<p>No Brasil, estimativas do IBGE e do Minist\u00e9rio da Sa\u00fade indicam que mais de 10,7 milh\u00f5es de pessoas t\u00eam algum n\u00edvel de defici\u00eancia auditiva. O tempo m\u00e9dio entre os primeiros sinais e a busca por diagn\u00f3stico \u00e9 de 7 anos, segundo os \u00f3rg\u00e3os.<\/p>\n<p>A <a href=\"https:\/\/www.instagram.com\/sonoritaaparelhosauditivos\/\" target=\"_blank\"><u>SONORIT\u00c0<\/u><\/a> foca seu atendimento em adultos e idosos com perda auditiva, al\u00e9m de familiares envolvidos na decis\u00e3o do tratamento e profissionais de sa\u00fade que encaminham pacientes para uma avalia\u00e7\u00e3o individualizada e especializada.<\/p>\n<p>Perguntas frequentes<\/p>\n<p>Como funciona a avalia\u00e7\u00e3o inicial na SONORIT\u00c0?<\/p>\n<p>A avalia\u00e7\u00e3o na SONORIT\u00c0 come\u00e7a com uma anamnese completa e leva em conta o estilo de vida do paciente, suas demandas de comunica\u00e7\u00e3o no trabalho e em casa, e inclui a audiometria, que avalia o grau de perda auditiva do paciente.<\/p>\n<p>O acompanhamento continua ap\u00f3s a entrega do aparelho?<\/p>\n<p>Sim. A SONORIT\u00c0 define retornos peri\u00f3dicos para ajustes t\u00e9cnicos na programa\u00e7\u00e3o do aparelho. Essa \u00e9 uma etapa essencial para a equipe cl\u00ednica a fim de garantir que a amplifica\u00e7\u00e3o gere benef\u00edcio real no dia a dia do paciente.<\/p>\n<p>Quantas pessoas t\u00eam perda auditiva no Brasil?<\/p>\n<p>Mais de 10,7 milh\u00f5es de pessoas t\u00eam defici\u00eancia auditiva no pa\u00eds, segundo estimativas do IBGE e do Minist\u00e9rio da Sa\u00fade.<\/p>\n<p>Qual a reputa\u00e7\u00e3o da SONORIT\u00c0 junto aos pacientes?<\/p>\n<p>A cl\u00ednica re\u00fane mais de 540 avalia\u00e7\u00f5es no Google com nota 5, a pontua\u00e7\u00e3o m\u00e1xima da plataforma (consulta em 17 de agosto de 2026).<\/p>\n<p>A <b>OESP<\/b> n\u00e3o \u00e9(s\u00e3o) respons\u00e1vel(is) por erros, incorre\u00e7\u00f5es, atrasos ou quaisquer decis\u00f5es tomadas por seus clientes com base nos Conte\u00fados ora disponibilizados, bem como tais Conte\u00fados n\u00e3o representam a opini\u00e3o da <b>OESP<\/b> e s\u00e3o de inteira responsabilidade da <b>PulseBrand<\/b><\/p>\n","protected":false},"excerpt":{"rendered":"A cl\u00ednica de sa\u00fade auditiva SONORIT\u00c0, sediada em Minas Gerais, criou e vem consolidando um modelo de atendimento de excel\u00eancia, profissional, personalizado, com acompanhamento vital\u00edcio e","protected":false},"author":1,"featured_media":136400,"comment_status":"open","ping_status":"closed","sticky":false,"template":"","format":"standard","meta":{"_acf_changed":false,"inline_featured_image":false,"_monsterinsights_skip_tracking":false,"_monsterinsights_sitenote_active":false,"_monsterinsights_sitenote_note":"","_monsterinsights_sitenote_category":0,"footnotes":""},"categories":[7691],"tags":[],"class_list":["post-136399","post","type-post","status-publish","format-standard","has-post-thumbnail","hentry","category-pulsebrand"],"acf":[],"_links":{"self":[{"href":"https:\/\/bluestudio.estadao.com.br\/agencia-de-comunicacao\/wp-json\/wp\/v2\/posts\/136399","targetHints":{"allow":["GET"]}}],"collection":[{"href":"https:\/\/bluestudio.estadao.com.br\/agencia-de-comunicacao\/wp-json\/wp\/v2\/posts"}],"about":[{"href":"https:\/\/bluestudio.estadao.com.br\/agencia-de-comunicacao\/wp-json\/wp\/v2\/types\/post"}],"author":[{"embeddable":true,"href":"https:\/\/bluestudio.estadao.com.br\/agencia-de-comunicacao\/wp-json\/wp\/v2\/users\/1"}],"replies":[{"embeddable":true,"href":"https:\/\/bluestudio.estadao.com.br\/agencia-de-comunicacao\/wp-json\/wp\/v2\/comments?post=136399"}],"version-history":[{"count":0,"href":"https:\/\/bluestudio.estadao.com.br\/agencia-de-comunicacao\/wp-json\/wp\/v2\/posts\/136399\/revisions"}],"wp:featuredmedia":[{"embeddable":true,"href":"https:\/\/bluestudio.estadao.com.br\/agencia-de-comunicacao\/wp-json\/wp\/v2\/media\/136400"}],"wp:attachment":[{"href":"https:\/\/bluestudio.estadao.com.br\/agencia-de-comunicacao\/wp-json\/wp\/v2\/media?parent=136399"}],"wp:term":[{"taxonomy":"category","embeddable":true,"href":"https:\/\/bluestudio.estadao.com.br\/agencia-de-comunicacao\/wp-json\/wp\/v2\/categories?post=136399"},{"taxonomy":"post_tag","embeddable":true,"href":"https:\/\/bluestudio.estadao.com.br\/agencia-de-comunicacao\/wp-json\/wp\/v2\/tags?post=136399"}],"curies":[{"name":"wp","href":"https:\/\/api.w.org\/{rel}","templated":true}]}}