{"id":136332,"date":"2026-08-18T15:35:00","date_gmt":"2026-08-18T18:35:00","guid":{"rendered":"https:\/\/bluestudio.estadao.com.br\/agencia-de-comunicacao\/agencia-memoria-da-eletricidade\/ons-lanca-secao-dedicada-ao\/"},"modified":"2026-08-19T11:14:11","modified_gmt":"2026-08-19T14:14:11","slug":"ons-el-nino-2026","status":"publish","type":"post","link":"https:\/\/bluestudio.estadao.com.br\/agencia-de-comunicacao\/agencia-memoria-da-eletricidade\/ons-el-nino-2026\/","title":{"rendered":"ONS lan\u00e7a se\u00e7\u00e3o dedicada ao El Ni\u00f1o 2026 no site"},"content":{"rendered":"<p><i>Iniciativa re\u00fane as informa\u00e7\u00f5es do Operador sobre o fen\u00f4meno clim\u00e1tico e facilita o acesso da sociedade a conte\u00fados sobre o tema<\/i><\/p>\n<p>O Operador Nacional do Sistema El\u00e9trico (ONS) lan\u00e7ou nesta sexta-feira (14\/08) uma se\u00e7\u00e3o especial em seu site dedicada ao El Ni\u00f1o 2026. A p\u00e1gina re\u00fane not\u00edcias e materiais informativos que mostram como o fen\u00f4meno \u00e9 acompanhado e considerado no planejamento da opera\u00e7\u00e3o do Sistema Interligado Nacional (SIN). A iniciativa tem como objetivo tornar mais \u00e1gil e otimizar o acesso \u00e0s informa\u00e7\u00f5es para a sociedade.<\/p>\n<p>\u201cA se\u00e7\u00e3o refor\u00e7a a import\u00e2ncia da prepara\u00e7\u00e3o, da capacidade de antecipa\u00e7\u00e3o diante dos diferentes cen\u00e1rios clim\u00e1ticos e o compromisso do ONS de acompanhar permanentemente a evolu\u00e7\u00e3o destas condi\u00e7\u00f5es diante do El Ni\u00f1o. A resili\u00eancia clim\u00e1tica j\u00e1 faz parte das prioridades estrat\u00e9gicas do ONS, orientando a\u00e7\u00f5es de gest\u00e3o de riscos, agenda regulat\u00f3ria, planejamento e programa\u00e7\u00e3o da opera\u00e7\u00e3o\u201d, destacou o diretor-geral do ONS, Marcio Rea.<\/p>\n<p>A nova se\u00e7\u00e3o faz parte de uma s\u00e9rie de iniciativas promovidas pelo ONS para ampliar o debate e a dissemina\u00e7\u00e3o de informa\u00e7\u00f5es sobre o El Ni\u00f1o. Como parte desse esfor\u00e7o, o Operador realizou na ter\u00e7a-feira (11\/08), um evento para debater os reflexos do El Ni\u00f1o na opera\u00e7\u00e3o do SIN.<\/p>\n<p>Durante o encontro, com a participa\u00e7\u00e3o de especialistas e agentes do setor, foram abordadas medidas de prepara\u00e7\u00e3o para enfrentamento do fen\u00f4meno no \u00e2mbito do planejamento e programa\u00e7\u00e3o da opera\u00e7\u00e3o, bem como a\u00e7\u00f5es em tempo real. Para conferir a nova p\u00e1gina sobre o tema e a grava\u00e7\u00e3o do evento, clique <a href=\"https:\/\/www.ons.org.br\/Paginas\/elnino.aspx\" target=\"_blank\" rel=\"noopener\"><u>aqui<\/u><\/a>.<\/p>\n<p>A <b>OESP<\/b> n\u00e3o \u00e9(s\u00e3o) respons\u00e1vel(is) por erros, incorre\u00e7\u00f5es, atrasos ou quaisquer decis\u00f5es tomadas por seus clientes com base nos Conte\u00fados ora disponibilizados, bem como tais Conte\u00fados n\u00e3o representam a opini\u00e3o da <b>OESP<\/b> e s\u00e3o de inteira responsabilidade da <b>Ag\u00eancia Mem\u00f3ria da Eletricidade<\/b><\/p>\n\n\n<p class=\"wp-block-paragraph\"><\/p>\n","protected":false},"excerpt":{"rendered":"Iniciativa re\u00fane as informa\u00e7\u00f5es do Operador sobre o fen\u00f4meno clim\u00e1tico e facilita o acesso da sociedade a conte\u00fados sobre o tema O Operador Nacional do Sistema El\u00e9trico (ONS) lan\u00e7ou nesta","protected":false},"author":1,"featured_media":136333,"comment_status":"open","ping_status":"closed","sticky":false,"template":"","format":"standard","meta":{"_acf_changed":false,"inline_featured_image":false,"_monsterinsights_skip_tracking":false,"_monsterinsights_sitenote_active":false,"_monsterinsights_sitenote_note":"","_monsterinsights_sitenote_category":0,"footnotes":""},"categories":[1680],"tags":[],"class_list":["post-136332","post","type-post","status-publish","format-standard","has-post-thumbnail","hentry","category-agencia-memoria-da-eletricidade"],"acf":[],"_links":{"self":[{"href":"https:\/\/bluestudio.estadao.com.br\/agencia-de-comunicacao\/wp-json\/wp\/v2\/posts\/136332","targetHints":{"allow":["GET"]}}],"collection":[{"href":"https:\/\/bluestudio.estadao.com.br\/agencia-de-comunicacao\/wp-json\/wp\/v2\/posts"}],"about":[{"href":"https:\/\/bluestudio.estadao.com.br\/agencia-de-comunicacao\/wp-json\/wp\/v2\/types\/post"}],"author":[{"embeddable":true,"href":"https:\/\/bluestudio.estadao.com.br\/agencia-de-comunicacao\/wp-json\/wp\/v2\/users\/1"}],"replies":[{"embeddable":true,"href":"https:\/\/bluestudio.estadao.com.br\/agencia-de-comunicacao\/wp-json\/wp\/v2\/comments?post=136332"}],"version-history":[{"count":2,"href":"https:\/\/bluestudio.estadao.com.br\/agencia-de-comunicacao\/wp-json\/wp\/v2\/posts\/136332\/revisions"}],"predecessor-version":[{"id":136442,"href":"https:\/\/bluestudio.estadao.com.br\/agencia-de-comunicacao\/wp-json\/wp\/v2\/posts\/136332\/revisions\/136442"}],"wp:featuredmedia":[{"embeddable":true,"href":"https:\/\/bluestudio.estadao.com.br\/agencia-de-comunicacao\/wp-json\/wp\/v2\/media\/136333"}],"wp:attachment":[{"href":"https:\/\/bluestudio.estadao.com.br\/agencia-de-comunicacao\/wp-json\/wp\/v2\/media?parent=136332"}],"wp:term":[{"taxonomy":"category","embeddable":true,"href":"https:\/\/bluestudio.estadao.com.br\/agencia-de-comunicacao\/wp-json\/wp\/v2\/categories?post=136332"},{"taxonomy":"post_tag","embeddable":true,"href":"https:\/\/bluestudio.estadao.com.br\/agencia-de-comunicacao\/wp-json\/wp\/v2\/tags?post=136332"}],"curies":[{"name":"wp","href":"https:\/\/api.w.org\/{rel}","templated":true}]}}