{"id":136247,"date":"2026-08-17T18:20:00","date_gmt":"2026-08-17T21:20:00","guid":{"rendered":"https:\/\/bluestudio.estadao.com.br\/agencia-de-comunicacao\/knewin-dino\/adce-brasil-abre-inscricoes-para-13o-congresso-uniapac\/"},"modified":"2026-08-17T18:20:00","modified_gmt":"2026-08-17T21:20:00","slug":"adce-brasil-abre-inscricoes-para-13o-congresso-uniapac","status":"publish","type":"post","link":"https:\/\/bluestudio.estadao.com.br\/agencia-de-comunicacao\/knewin-dino\/adce-brasil-abre-inscricoes-para-13o-congresso-uniapac\/","title":{"rendered":"ADCE Brasil abre inscri\u00e7\u00f5es para 13\u00ba Congresso UNIAPAC"},"content":{"rendered":"<p>Belo Horizonte recebe, entre os dias 20 e 22 de agosto, o 13\u00ba Congresso UNIAPAC ADCE Brasil, encontro que re\u00fane empres\u00e1rios, executivos e dirigentes de todo o pa\u00eds para discutir \u00e9tica, governan\u00e7a e prop\u00f3sito nos neg\u00f3cios. As inscri\u00e7\u00f5es para o evento, que ser\u00e1 sediado na Federa\u00e7\u00e3o das Ind\u00fastrias do Estado de Minas Gerais (FIEMG), j\u00e1 est\u00e3o abertas.<\/p>\n<p>Com o tema \u201cEmpresa, Valores e Prop\u00f3sito: Lideran\u00e7a \u00c9tica para Transformar o Brasil\u201d, a programa\u00e7\u00e3o deste ano coloca frente a frente nomes de peso do empresariado nacional. A abertura, na noite de quinta-feira, traz uma palestra magna de Guilherme Leal, cofundador da Natura &amp;Co e da marca de chocolates Dengo, conhecido por sua atua\u00e7\u00e3o \u00e0 frente de neg\u00f3cios de impacto socioambiental.<\/p>\n<p>O congresso \u00e9 promovido pela Associa\u00e7\u00e3o dos Dirigentes Crist\u00e3os de Empresas (ADCE), bra\u00e7o brasileiro da Uni\u00e3o Internacional Crist\u00e3 de Dirigentes de Empresas (UNIAPAC), entidade presente em mais de 30 pa\u00edses. A realiza\u00e7\u00e3o em Belo Horizonte tem \u00e0 frente a ADCE-MG, regional mineira da entidade, em parceria com a FIEMG. Ao longo de sua hist\u00f3ria, a organiza\u00e7\u00e3o j\u00e1 reuniu mais de 4 mil l\u00edderes empresariais no Brasil.<\/p>\n<p><b>Programa\u00e7\u00e3o<br \/><\/b><br \/>A abertura institucional, na quinta-feira, conta com a participa\u00e7\u00e3o de Alexandre Figueiredo, presidente da ADCE-MG, ao lado de S\u00e9rgio Cavalieri, presidente da ADCE Brasil, e Ivana Serpa, presidente do Conselho de Gest\u00e3o e Competitividade da FIEMG.<\/p>\n<p>A sexta-feira, 21 de agosto, \u00e9 dedicada aos pain\u00e9is t\u00e9cnicos e contar\u00e1 com quatro debates que cruzam lideran\u00e7a, governan\u00e7a, sustentabilidade e inova\u00e7\u00e3o. Entre os painelistas est\u00e3o nomes como Eug\u00eanio Mattar, presidente-executivo do conselho de administra\u00e7\u00e3o da Localiza&amp;Co; Wilfred Bruijn, membro independente do conselho de administra\u00e7\u00e3o da Vale; Jos\u00e9 Henrique Salvador, CEO da Rede Mater Dei de Sa\u00fade; e Jo\u00e3o Kepler, CVO da Bossa Invest e CEO do Equity Group, entre outros executivos e especialistas.<\/p>\n<p>O encerramento da programa\u00e7\u00e3o de pain\u00e9is fica a cargo do Padre Dr. Lu\u00eds Henrique Eloy e Silva, reitor da PUC Minas, que conduz a reflex\u00e3o final rumo a um \u201cPacto de Lideran\u00e7a \u00c9tica\u201d entre os participantes. No s\u00e1bado, 22 de agosto, para quem desejar aderir, o congresso prop\u00f5e uma atividade fora dos audit\u00f3rios: uma visita ao Inhotim, o maior museu de arte contempor\u00e2nea a c\u00e9u aberto do pa\u00eds, pensada como espa\u00e7o de conviv\u00eancia e integra\u00e7\u00e3o entre os participantes.<\/p>\n<p><b>Como se inscrever<br \/><\/b><b><br \/><\/b>As inscri\u00e7\u00f5es podem ser feitas pelo <a href=\"https:\/\/adcebrasil.org.br\/13o-congresso-uniapac\/\" target=\"_blank\">site oficial do evento<\/a>. Os valores variam conforme a categoria do participante: R$ 490 para associados da ADCE, R$ 690 para n\u00e3o associados e R$ 245 para associados da ADCE Jovem. O valor inclui material do congresso, coquetel de abertura, coffee break, brunch e acesso a todos os pain\u00e9is. As vagas s\u00e3o limitadas.<\/p>\n<p>Foto: Guilherme Leal<\/p>\n<p>A <b>OESP<\/b> n\u00e3o \u00e9(s\u00e3o) respons\u00e1vel(is) por erros, incorre\u00e7\u00f5es, atrasos ou quaisquer decis\u00f5es tomadas por seus clientes com base nos Conte\u00fados ora disponibilizados, bem como tais Conte\u00fados n\u00e3o representam a opini\u00e3o da <b>OESP<\/b> e s\u00e3o de inteira responsabilidade da <b>Knewin Dino<\/b><\/p>\n","protected":false},"excerpt":{"rendered":"Belo Horizonte recebe, entre os dias 20 e 22 de agosto, o 13\u00ba Congresso UNIAPAC ADCE Brasil, encontro que re\u00fane empres\u00e1rios, executivos e dirigentes de todo o pa\u00eds para discutir \u00e9tica,","protected":false},"author":1,"featured_media":136248,"comment_status":"open","ping_status":"closed","sticky":false,"template":"","format":"standard","meta":{"_acf_changed":false,"inline_featured_image":false,"_monsterinsights_skip_tracking":false,"_monsterinsights_sitenote_active":false,"_monsterinsights_sitenote_note":"","_monsterinsights_sitenote_category":0,"footnotes":""},"categories":[11470],"tags":[101,12391,12403,12407,300],"class_list":["post-136247","post","type-post","status-publish","format-standard","has-post-thumbnail","hentry","category-knewin-dino","tag-economia","tag-empreendedorismo","tag-executivo","tag-industrias","tag-negocios"],"acf":[],"_links":{"self":[{"href":"https:\/\/bluestudio.estadao.com.br\/agencia-de-comunicacao\/wp-json\/wp\/v2\/posts\/136247","targetHints":{"allow":["GET"]}}],"collection":[{"href":"https:\/\/bluestudio.estadao.com.br\/agencia-de-comunicacao\/wp-json\/wp\/v2\/posts"}],"about":[{"href":"https:\/\/bluestudio.estadao.com.br\/agencia-de-comunicacao\/wp-json\/wp\/v2\/types\/post"}],"author":[{"embeddable":true,"href":"https:\/\/bluestudio.estadao.com.br\/agencia-de-comunicacao\/wp-json\/wp\/v2\/users\/1"}],"replies":[{"embeddable":true,"href":"https:\/\/bluestudio.estadao.com.br\/agencia-de-comunicacao\/wp-json\/wp\/v2\/comments?post=136247"}],"version-history":[{"count":0,"href":"https:\/\/bluestudio.estadao.com.br\/agencia-de-comunicacao\/wp-json\/wp\/v2\/posts\/136247\/revisions"}],"wp:featuredmedia":[{"embeddable":true,"href":"https:\/\/bluestudio.estadao.com.br\/agencia-de-comunicacao\/wp-json\/wp\/v2\/media\/136248"}],"wp:attachment":[{"href":"https:\/\/bluestudio.estadao.com.br\/agencia-de-comunicacao\/wp-json\/wp\/v2\/media?parent=136247"}],"wp:term":[{"taxonomy":"category","embeddable":true,"href":"https:\/\/bluestudio.estadao.com.br\/agencia-de-comunicacao\/wp-json\/wp\/v2\/categories?post=136247"},{"taxonomy":"post_tag","embeddable":true,"href":"https:\/\/bluestudio.estadao.com.br\/agencia-de-comunicacao\/wp-json\/wp\/v2\/tags?post=136247"}],"curies":[{"name":"wp","href":"https:\/\/api.w.org\/{rel}","templated":true}]}}