{"id":136149,"date":"2026-08-17T10:42:00","date_gmt":"2026-08-17T13:42:00","guid":{"rendered":"https:\/\/bluestudio.estadao.com.br\/agencia-de-comunicacao\/knewin-dino\/frozen-abre-nova-era-na-disneyland-paris-para-brasileiros\/"},"modified":"2026-08-17T10:42:00","modified_gmt":"2026-08-17T13:42:00","slug":"frozen-abre-nova-era-na-disneyland-paris-para-brasileiros","status":"publish","type":"post","link":"https:\/\/bluestudio.estadao.com.br\/agencia-de-comunicacao\/knewin-dino\/frozen-abre-nova-era-na-disneyland-paris-para-brasileiros\/","title":{"rendered":"Frozen abre nova era na Disneyland Paris para brasileiros"},"content":{"rendered":"<p>A Disneyland Paris vive um novo momento no imagin\u00e1rio do turista brasileiro ao combinar a fascina\u00e7\u00e3o dos cl\u00e1ssicos da Disney com a for\u00e7a contempor\u00e2nea de franquias como Frozen, refor\u00e7ando seu papel como destino de lazer para fam\u00edlias que planejam uma <a href=\"https:\/\/www.justtraveltour.com\" target=\"_blank\">viagem \u00e0 Europa<\/a>. O interesse pelo destino ocorre em um contexto favor\u00e1vel: a <a href=\"https:\/\/pt.euronews.com\/viagens\/2026\/02\/20\/franca-recebe-numero-recorde-de-visitantes-em-2025-e-mantem-titulo-de-pais-mais-visitado\" target=\"_blank\"><b>Fran\u00e7a recebeu 102 milh\u00f5es de visitantes internacionais em 2025<\/b><\/a> e manteve a posi\u00e7\u00e3o de pa\u00eds mais visitado do mundo, segundo dados divulgados pelas autoridades francesas de turismo, repercutidos pela imprensa internacional.\u00a0<\/p>\n<p>Esse movimento ganha relev\u00e2ncia tamb\u00e9m pelo comportamento do consumidor brasileiro. Em 2025, Paris apareceu entre os destinos internacionais mais reservados pelos brasileiros, e o ingresso para a Disneyland Paris liderou o ranking de atra\u00e7\u00f5es internacionais mais compradas, superando atra\u00e7\u00f5es tradicionais, como Coliseu e Vaticano, de acordo com levantamento divulgado pela Panrotas. O dado ajuda a mostrar que o parque deixou de ser uma parada complementar e passou a funcionar, em muitos casos, como motivador central da viagem.<\/p>\n<p>Parte desse novo movimento est\u00e1 ligada \u00e0 expans\u00e3o do <a href=\"https:\/\/www.disneylandparis.com\/pt-pt\/destinos\/disney-adventure-world\" target=\"_blank\"><b>Disney Adventure World<\/b><\/a> em 29 de mar\u00e7o de 2026 e \u00e0 presen\u00e7a do <a href=\"https:\/\/www.disneylandparis.com\/pt-pt\/destinos\/disney-adventure-world\/world-of-frozen\" target=\"_blank\"><b>World of Frozen<\/b><\/a>, \u00e1rea inspirada em Arendelle que re\u00fane ambienta\u00e7\u00e3o tem\u00e1tica, experi\u00eancias imersivas e a atra\u00e7\u00e3o <a href=\"https:\/\/www.disneylandparis.com\/en-int\/attractions\/disney-adventure-world\/frozen-ever-after\" target=\"_blank\"><b>Frozen Ever After<\/b><\/a>. A for\u00e7a simb\u00f3lica desse universo se soma \u00e0 mem\u00f3ria afetiva constru\u00edda por gera\u00e7\u00f5es, com personagens, trilhas sonoras e narrativas da Disney, criando um elo entre pais que cresceram com os cl\u00e1ssicos e crian\u00e7as conectadas \u00e0s franquias mais recentes. Na pr\u00e1tica, a Disneyland Paris amplia sua capacidade de atender p\u00fablicos multigeracionais em uma mesma viagem.<\/p>\n<p>Al\u00e9m do apelo emocional, o destino tamb\u00e9m passa a ser visto como oportunidade concreta de planejamento. Disneyland Paris oferece uma proposta \u00fanica no mercado: a possibilidade de combinar, em um \u00fanico roteiro, parque tem\u00e1tico, gastronomia e atra\u00e7\u00f5es urbanas de uma das cidades mais visitadas do mundo. Para fam\u00edlias em busca de uma primeira grande viagem internacional, isso transforma Paris em um destino completo \u2014 onde a magia Disney e a experi\u00eancia europeia se complementam sem que seja preciso escolher entre as duas experi\u00eancias.<\/p>\n<p>No Brasil, <a href=\"https:\/\/www.justtraveltour.com\" target=\"_blank\">operadoras de viagens<\/a> v\u00eam acompanhando esse entusiasmo e refor\u00e7ando a oferta de roteiros que unem a capital francesa \u00e0 experi\u00eancia Disneyland Paris. \u00c9 o caso da <a href=\"https:\/\/www.instagram.com\/justtraveloficial\" target=\"_blank\"><b>Just Travel<\/b><\/a> que observa crescimento no interesse por itiner\u00e1rios personalizados com foco em fam\u00edlias e destaca o potencial de venda do destino a partir da combina\u00e7\u00e3o entre nostalgia, entretenimento e praticidade log\u00edstica. Segundo a ag\u00eancia, a for\u00e7a comercial da Disneyland Paris hoje est\u00e1 justamente em conseguir reunir sonho, reconhecimento de marca e experi\u00eancia compartilhada entre diferentes gera\u00e7\u00f5es em uma mesma viagem.<\/p>\n<p>Website: <a href=\"https:\/\/justtraveltour.com\/\" target=\"_blank\">https:\/\/justtraveltour.com\/<\/a><\/p>\n<p>Foto: Copyright to use: \u00a9Disney<\/p>\n<p>A <b>OESP<\/b> n\u00e3o \u00e9(s\u00e3o) respons\u00e1vel(is) por erros, incorre\u00e7\u00f5es, atrasos ou quaisquer decis\u00f5es tomadas por seus clientes com base nos Conte\u00fados ora disponibilizados, bem como tais Conte\u00fados n\u00e3o representam a opini\u00e3o da <b>OESP<\/b> e s\u00e3o de inteira responsabilidade da <b>Knewin Dino<\/b><\/p>\n","protected":false},"excerpt":{"rendered":"A Disneyland Paris vive um novo momento no imagin\u00e1rio do turista brasileiro ao combinar a fascina\u00e7\u00e3o dos cl\u00e1ssicos da Disney com a for\u00e7a contempor\u00e2nea de franquias como Frozen, refor\u00e7ando seu","protected":false},"author":1,"featured_media":136150,"comment_status":"open","ping_status":"closed","sticky":false,"template":"","format":"standard","meta":{"_acf_changed":false,"inline_featured_image":false,"_monsterinsights_skip_tracking":false,"_monsterinsights_sitenote_active":false,"_monsterinsights_sitenote_note":"","_monsterinsights_sitenote_category":0,"footnotes":""},"categories":[11470],"tags":[12419,101,1152,300,12395,12393],"class_list":["post-136149","post","type-post","status-publish","format-standard","has-post-thumbnail","hentry","category-knewin-dino","tag-casa-e-familia","tag-economia","tag-entretenimento","tag-negocios","tag-sociedade","tag-turismo-e-viagem"],"acf":[],"_links":{"self":[{"href":"https:\/\/bluestudio.estadao.com.br\/agencia-de-comunicacao\/wp-json\/wp\/v2\/posts\/136149","targetHints":{"allow":["GET"]}}],"collection":[{"href":"https:\/\/bluestudio.estadao.com.br\/agencia-de-comunicacao\/wp-json\/wp\/v2\/posts"}],"about":[{"href":"https:\/\/bluestudio.estadao.com.br\/agencia-de-comunicacao\/wp-json\/wp\/v2\/types\/post"}],"author":[{"embeddable":true,"href":"https:\/\/bluestudio.estadao.com.br\/agencia-de-comunicacao\/wp-json\/wp\/v2\/users\/1"}],"replies":[{"embeddable":true,"href":"https:\/\/bluestudio.estadao.com.br\/agencia-de-comunicacao\/wp-json\/wp\/v2\/comments?post=136149"}],"version-history":[{"count":0,"href":"https:\/\/bluestudio.estadao.com.br\/agencia-de-comunicacao\/wp-json\/wp\/v2\/posts\/136149\/revisions"}],"wp:featuredmedia":[{"embeddable":true,"href":"https:\/\/bluestudio.estadao.com.br\/agencia-de-comunicacao\/wp-json\/wp\/v2\/media\/136150"}],"wp:attachment":[{"href":"https:\/\/bluestudio.estadao.com.br\/agencia-de-comunicacao\/wp-json\/wp\/v2\/media?parent=136149"}],"wp:term":[{"taxonomy":"category","embeddable":true,"href":"https:\/\/bluestudio.estadao.com.br\/agencia-de-comunicacao\/wp-json\/wp\/v2\/categories?post=136149"},{"taxonomy":"post_tag","embeddable":true,"href":"https:\/\/bluestudio.estadao.com.br\/agencia-de-comunicacao\/wp-json\/wp\/v2\/tags?post=136149"}],"curies":[{"name":"wp","href":"https:\/\/api.w.org\/{rel}","templated":true}]}}