{"id":135649,"date":"2026-08-14T15:42:00","date_gmt":"2026-08-14T18:42:00","guid":{"rendered":"https:\/\/bluestudio.estadao.com.br\/agencia-de-comunicacao\/releases\/releases-geral\/meningite-meningococica-informacao-ajuda-a-proteger-familias\/"},"modified":"2026-08-14T15:42:00","modified_gmt":"2026-08-14T18:42:00","slug":"meningite-meningococica-informacao-ajuda-a-proteger-familias","status":"publish","type":"post","link":"https:\/\/bluestudio.estadao.com.br\/agencia-de-comunicacao\/releases\/releases-geral\/meningite-meningococica-informacao-ajuda-a-proteger-familias\/","title":{"rendered":"Meningite meningoc\u00f3cica: informa\u00e7\u00e3o ajuda a proteger fam\u00edlias"},"content":{"rendered":"<p>Doen\u00e7a pode evoluir rapidamente, deixar sequelas graves e atingir principalmente beb\u00eas e crian\u00e7as pequenas; preven\u00e7\u00e3o, di\u00e1logo e informa\u00e7\u00e3o s\u00e3o parte do cuidado \u00b2, \u00b3<\/p>\n<p>Quando se fala em meningite, \u00e9 comum pensar em uma \u00fanica doen\u00e7a. Na verdade, o termo re\u00fane diferentes condi\u00e7\u00f5es que t\u00eam em comum a inflama\u00e7\u00e3o das meninges, membranas que envolvem o c\u00e9rebro e a medula espinhal. Elas podem ser causadas por v\u00edrus, bact\u00e9rias, fungos ou parasitas.\u00b9<\/p>\n<p>Entre as formas bacterianas, destaca-se a doen\u00e7a meningoc\u00f3cica, causada pela bact\u00e9ria Neisseria meningitidis, conhecida como meningococo. Ela pode se manifestar como meningite ou como sepse, quando a infec\u00e7\u00e3o alcan\u00e7a a corrente sangu\u00ednea.\u00b9 &#8220;O principal aspecto da doen\u00e7a meningoc\u00f3cica \u00e9 a forma r\u00e1pida com que ela pode evoluir para situa\u00e7\u00f5es catastr\u00f3ficas&#8221; \u00b2, afirma Juarez Cunha (CRM 11928 RS), pediatra e intensivista pedi\u00e1trico.<\/p>\n<p>A transmiss\u00e3o ocorre por got\u00edculas e secre\u00e7\u00f5es respirat\u00f3rias, sobretudo em situa\u00e7\u00f5es de contato pr\u00f3ximo ou prolongado, e tamb\u00e9m pode partir de pessoas que carregam a bact\u00e9ria sem apresentar sintomas.\u00b9 A doen\u00e7a pode acometer pessoas previamente saud\u00e1veis, com maior vulnerabilidade entre beb\u00eas e crian\u00e7as pequenas.\u00b2<\/p>\n<p>Essa imprevisibilidade ajuda a explicar por que a confirma\u00e7\u00e3o de um caso em ambientes de conviv\u00eancia, como escolas, costuma provocar preocupa\u00e7\u00e3o imediata entre as fam\u00edlias..\u00b2, 10<\/p>\n<p>Diferentes sorogrupos, diferentes riscos<\/p>\n<p>O meningococo possui seis principais sorogrupos associados \u00e0 doen\u00e7a: A, B, C, W, X e Y.4 Atualmente, a vacina\u00e7\u00e3o oferece prote\u00e7\u00e3o contra os sorogrupos A, B, C, W e Y.5<\/p>\n<p>Para Marcos Gon\u00e7alves (CRM 6385 AL), pediatra e imunologista, uma das dificuldades no di\u00e1logo com as fam\u00edlias \u00e9 a percep\u00e7\u00e3o de que toda meningite \u00e9 uma doen\u00e7a \u00fanica, causada pelo mesmo agente. &#8220;Todo mundo sabe que meningite \u00e9 uma doen\u00e7a grave. \u00b2, \u00b3 Quando as pessoas escutam que algu\u00e9m pegou meningite dentro de uma escola, todo mundo fica preocupado. Mas, quando a conversa entra nos detalhes, o conhecimento cai bastante&#8221;, afirma.<\/p>\n<p>No caso espec\u00edfico da meningite meningoc\u00f3cica, explica o m\u00e9dico, ainda \u00e9 preciso compreender as diferen\u00e7as dentro da pr\u00f3pria bact\u00e9ria. Por isso, conhecer os diferentes sorogrupos \u00e9 parte importante da conversa sobre preven\u00e7\u00e3o. \u00b9<\/p>\n<p>No Brasil, o sorogrupo B \u00e9 predominante entre os casos sorogrupados em todas as faixas et\u00e1rias desde 2023. Em 2025, foram confirmados 1.146 casos de doen\u00e7a meningoc\u00f3cica no Pa\u00eds, considerando todos os sorogrupos e idades. Entre os casos nos quais o sorogrupo foi identificado, aproximadamente 55% foram causados pelo B.6<\/p>\n<p>A presen\u00e7a do sorogrupo B \u00e9 ainda maior entre os beb\u00eas. Em 2025, foram registrados 62 casos sorogrupados da doen\u00e7a em menores de 1 ano: 69% eram do sorogrupo B; 14%, do C; 8%, do W; 6%, do Y; e 3%, de outros sorogrupos.6<\/p>\n<p>A idade que exige aten\u00e7\u00e3o especial<\/p>\n<p>Beb\u00eas e crian\u00e7as pequenas est\u00e3o entre os grupos de maior risco para a doen\u00e7a meningoc\u00f3cica.\u00b2 Al\u00e9m da predomin\u00e2ncia do sorogrupo B nessa popula\u00e7\u00e3o, a vulnerabilidade est\u00e1 relacionada ao amadurecimento do sistema imunol\u00f3gico nos primeiros anos de vida. \u00b9\u00b2 <\/p>\n<p>&#8220;Assim como a crian\u00e7a nasce sem andar ou falar e vai adquirindo essas habilidades ao longo do tempo, o sistema imunol\u00f3gico tamb\u00e9m amadurece. Como ele ainda n\u00e3o est\u00e1 completamente formado no in\u00edcio da vida, existe maior predisposi\u00e7\u00e3o a infec\u00e7\u00f5es&#8221; \u00b9\u00b2, explica Marcos.<\/p>\n<p>Juarez acrescenta que, nos beb\u00eas, o reconhecimento precoce pode ser mais dif\u00edcil porque os primeiros sinais podem se confundir com os de outras infec\u00e7\u00f5es e a crian\u00e7a ainda n\u00e3o consegue descrever o que est\u00e1 sentindo. &#8220;Na crian\u00e7a pequena, muitas infec\u00e7\u00f5es come\u00e7am com febre e muitas vezes n\u00e3o se consegue identificar o quadro precocemente&#8221;. \u00b3, afirma.<\/p>\n<p>Sinais de alerta e impactos<\/p>\n<p>Os sinais da doen\u00e7a meningoc\u00f3cica podem mudar conforme a evolu\u00e7\u00e3o do quadro. Nas primeiras oito horas, podem ocorrer dor de cabe\u00e7a, febre, dor ao engolir, coriza, irritabilidade, n\u00e1usea, v\u00f4mitos e sonol\u00eancia.\u00b3 Entre nove e 15 horas, podem aparecer manchas na pele, extremidades frias, fotofobia e rigidez na nuca.\u00b3 J\u00e1 entre 16 e 24 horas, podem ocorrer convuls\u00e3o, inconsci\u00eancia, del\u00edrio e evolu\u00e7\u00e3o r\u00e1pida para sequelas e poss\u00edvel \u00f3bito.\u00b3<\/p>\n<p>A combina\u00e7\u00e3o entre sintomas inicialmente pouco espec\u00edficos e a possibilidade de agravamento em poucas horas torna a identifica\u00e7\u00e3o precoce um desafio especialmente importante entre as crian\u00e7as pequenas. \u00b3, 5<\/p>\n<p>Nas crian\u00e7as maiores e nos adultos, a capacidade de relatar o que est\u00e3o sentindo pode facilitar a identifica\u00e7\u00e3o de alguns sinais. Ainda assim, os sintomas podem variar e se confundir com os de outras infec\u00e7\u00f5es, o que torna necess\u00e1ria a avalia\u00e7\u00e3o m\u00e9dica para estabelecer o diagn\u00f3stico. \u00b3<\/p>\n<p>&#8220;Quando a pessoa tem febre com dor de cabe\u00e7a, v\u00f4mito e rigidez de nuca, que \u00e9 a dificuldade de flexionar a nuca, s\u00e3o sinais de comprometimento neurol\u00f3gico&#8221; \u00b3, explica Juarez.<\/p>\n<p>Essa dificuldade de reconhecimento se soma \u00e0 rapidez com que a doen\u00e7a pode avan\u00e7ar e ao risco de desfechos graves. No Brasil, cerca de duas em cada dez pessoas acometidas pela doen\u00e7a meningoc\u00f3cica invasiva morreram em 2023, segundo dados do Datasus\/Sinan. \u00b2, 7, \u00b9\u00b3<\/p>\n<p>Entre os sobreviventes, podem ocorrer sequelas permanentes. \u00b2 &#8220;Quando falamos de quem sobrevive, temos uma s\u00e9rie de sequelas e complica\u00e7\u00f5es que podem acontecer, como amputa\u00e7\u00e3o de membros, surdez, atraso no desenvolvimento psicomotor e impactos sociais e para a pr\u00f3pria fam\u00edlia&#8221; \u00b2, diz Juarez.<\/p>\n<p>Al\u00e9m das consequ\u00eancias cl\u00ednicas, a r\u00e1pida progress\u00e3o da doen\u00e7a e uma eventual interna\u00e7\u00e3o podem interromper a rotina da crian\u00e7a, afetar seu desenvolvimento e transformar a din\u00e2mica de toda a fam\u00edlia. \u00b2 \u00b3<\/p>\n<p>Preven\u00e7\u00e3o passa por informa\u00e7\u00e3o e calend\u00e1rio completo<\/p>\n<p>A vacina\u00e7\u00e3o \u00e9 apontada pelo Minist\u00e9rio da Sa\u00fade como a principal medida de prote\u00e7\u00e3o, especialmente contra as meningites bacterianas. \u00b9 A prote\u00e7\u00e3o adequada, por\u00e9m, depende da conclus\u00e3o do esquema recomendado, que pode incluir diferentes doses e refor\u00e7os de acordo com a idade, conforme o calend\u00e1rio da Sociedade Brasileira de Imuniza\u00e7\u00f5es.  <\/p>\n<p>Para Marcos, atrasos no calend\u00e1rio n\u00e3o significam necessariamente uma recusa deliberada. Eles podem estar relacionados \u00e0s barreiras de acesso, \u00e0s dificuldades pr\u00e1ticas da rotina familiar e \u00e0 baixa percep\u00e7\u00e3o de risco. \u00b94<\/p>\n<p>Como a doen\u00e7a n\u00e3o aparece com frequ\u00eancia no cotidiano, algumas fam\u00edlias podem ter a impress\u00e3o de que ela deixou de representar uma amea\u00e7a. O pediatra ressalta, por\u00e9m, que a l\u00f3gica da preven\u00e7\u00e3o \u00e9 justamente evitar que os casos voltem a crescer. &#8220;A gente vacina justamente para que a doen\u00e7a n\u00e3o volte a aparecer ou n\u00e3o apare\u00e7a com mais frequ\u00eancia&#8221;, afirma. \u00b94<\/p>\n<p>Informa\u00e7\u00e3o para decis\u00f5es conscientes<\/p>\n<p>A GSK destaca a import\u00e2ncia da informa\u00e7\u00e3o para ampliar o conhecimento sobre a meningite meningoc\u00f3cica, contribuindo para a conscientiza\u00e7\u00e3o, a prote\u00e7\u00e3o da sa\u00fade e a preven\u00e7\u00e3o da doen\u00e7a.<\/p>\n<p>Nesse contexto, a consulta pedi\u00e1trica representa um espa\u00e7o para que as fam\u00edlias esclare\u00e7am d\u00favidas e recebam orienta\u00e7\u00f5es baseadas em evid\u00eancias. Segundo Marcos, o pediatra acompanha a vacina\u00e7\u00e3o no cotidiano e tem papel importante diante do volume de informa\u00e7\u00f5es que circulam fora do ambiente m\u00e9dico.  <\/p>\n<p>&#8220;Quem vive a vacina\u00e7\u00e3o no dia a dia \u00e9 o pediatra&#8221;, afirma. Segundo o m\u00e9dico, grande parte das fam\u00edlias chega ao consult\u00f3rio disposta a proteger os filhos, mas algumas ainda apresentam d\u00favidas ou preocupa\u00e7\u00f5es que precisam ser ouvidas e esclarecidas.<\/p>\n<p>&#8220;A conversa com a fam\u00edlia tem que ser a melhor poss\u00edvel. Quando h\u00e1 d\u00favidas, \u00e9 preciso conversar e esclarecer as preocupa\u00e7\u00f5es que aquela fam\u00edlia tem em rela\u00e7\u00e3o \u00e0 vacina\u00e7\u00e3o&#8221;, diz.<\/p>\n<p>Informa\u00e7\u00e3o qualificada, acompanhamento m\u00e9dico e preven\u00e7\u00e3o ajudam as fam\u00edlias a tomar decis\u00f5es conscientes para proteger o presente, o desenvolvimento e as possibilidades futuras das crian\u00e7as. \u00b9\u00b9<\/p>\n<p>Material dirigido ao p\u00fablico geral. Por favor, consulte o seu m\u00e9dico.<\/p>\n<p>NP-BR-AVU-PRSR-260002 &#8211; AGO\/2026<\/p>\n<p>Refer\u00eancias<br \/>\n\u00b9 BRASIL. Minist\u00e9rio da Sa\u00fade. Meningite: Sa\u00fade de A a Z. Dispon\u00edvel em: https:\/\/www.gov.br\/saude\/pt-br\/assuntos\/saude-de-a-a-z\/m\/meningite. Acesso em: 11 ago. 2026.<\/p>\n<p>\u00b2 WORLD HEALTH ORGANIZATION. Meningitis. Dispon\u00edvel em: https:\/\/www.who.int\/news-room\/fact-sheets\/detail\/meningitis. Acesso em: 11 ago. 2026<\/p>\n<p>\u00b3 THOMPSON, M. J.; NINIS, N.; PERERA, R. et al. Clinical recognition of meningococcal disease in children and adolescents. The Lancet, v. 367, p. 397-403, 2006. Acesso em: 11 ago. 2026<\/p>\n<p>4 ORGANIZA\u00c7\u00c3O PAN-AMERICANA DA SA\u00daDE. Vigil\u00e2ncia das pneumonias e meningites bacterianas em crian\u00e7as menores de 5 anos: guia pr\u00e1tico. 2. ed. Bras\u00edlia, DF: OPAS, 2020. Dispon\u00edvel em: https:\/\/iris.paho.org\/handle\/10665.2\/52807. Acesso em: 11 ago. 2026<\/p>\n<p>5 SOCIEDADE BRASILEIRA DE PEDIATRIA. Perguntas e respostas sobre vacinas meningoc\u00f3cicas. Dispon\u00edvel em: https:\/\/www.sbp.com.br\/imunizacoes\/. Acesso em: 10 ago. 2026<\/p>\n<p>6 BRASIL. Minist\u00e9rio da Sa\u00fade. Centro Nacional de Intelig\u00eancia Epidemiol\u00f3gica e Vigil\u00e2ncia Gen\u00f4mica. Painel Meningite. Dispon\u00edvel em: https:\/\/www.gov.br\/saude\/pt-br\/composicao\/svsa\/cnie\/painel-meningite. Acesso em: 11 ago. 2026<\/p>\n<p>7. Pesquisa realizada na base de dados DATASUS, utilizando os limites &#8220;SEGUNDO ANO 1\u00ba SINTOMA(S)&#8221; para Linha, &#8220;N\u00c3O ATIVA&#8221; para Coluna, &#8220;CASOS CONFIRMADOS&#8221; para Conte\u00fado, &#8220;2023&#8221; para Per\u00edodos dispon\u00edveis, &#8220;2023&#8221; para Ano e &#8220;MCC, MM, MM+MCC&#8221; para Etiologia. Base de dados dispon\u00edvel em:<br \/>\nhttps:\/\/tabnet.datasus.gov.br\/cgi\/tabcgi.exe?sinannet\/cnv\/meninbr.def. Acesso em: 11 ago. 2026.<\/p>\n<p>8. SOCIEDADE BRASILEIRA DE PEDIATRIA. Calend\u00e1rio de vacina\u00e7\u00e3o da SBP 2026\/2027. Dispon\u00edvel em: https:\/\/www.sbp.com.br\/?acervo_download=1&amp;post_id=63953&amp;nonce=e3315eade0&amp;sbp_nonce_refresh=1. Acesso em: julho 2026.<\/p>\n<p>9. SOCIEDADE BRASILEIRA DE IMUNIZA\u00c7\u00d5ES. Calend\u00e1rio de vacina\u00e7\u00e3o do nascimento \u00e0 terceira idade: recomenda\u00e7\u00f5es da Sociedade Brasileira de Imuniza\u00e7\u00f5es (SBIm) &#8211; 2026\/2027. Dispon\u00edvel em: https:\/\/sbim.org.br\/calendario-de-vacinacao\/calend%C3%A1rio-unico-do-nascimento-a-terceira-idade. Acesso em: 11 ago. 2026<\/p>\n<p>10. S\u00c1FADI, M. A. P. et al. The epidemiology of meningococcal disease in Latin America 1945-2010: an unpredictable and changing landscape. Epidemiology &amp; Infection, v. 141, n. 3, p. 447-458, 2013.<\/p>\n<p>11. SCHMITT, Heinz-J. et al. How to optimise the coverage rate of infant and adult immunisations in Europe. BMC medicine, v. 5, n. 1, p. 11, 2007.<\/p>\n<p>12. UNICEF. Why delayed vaccination schedules can be harmful to children. UNICEF Europe and Central Asia, 7 out. 2024. Dispon\u00edvel em: https:\/\/www.unicef.org\/eca\/stories\/why-delayed-vaccination-schedules-can-be-harmful-children. Acesso em: 11 ago. 2026<\/p>\n<p>13. Pesquisa realizada na base de dados DATASUS, utilizando os limites &#8220;SEGUNDO ANO 1\u00ba<br \/>\nSINTOMA(S)&#8221; para Linha, &#8220;N\u00c3O ATIVA&#8221; para Coluna, &#8220;CASOS CONFIRMADOS&#8221; para Conte\u00fado, &#8220;2023&#8221; para Per\u00edodos dispon\u00edveis, &#8220;2023&#8221; para Ano, &#8220;MCC, MM, MM+MCC&#8221; para Etiologia e &#8220;\u00d3BITO POR MENINGITE&#8221; para Evolu\u00e7\u00e3o. Base de dados dispon\u00edvel em: https:\/\/tabnet.datasus.gov.br\/cgi\/tabcgi.exe?sinannet\/cnv\/meninbr.def. Acesso em: 11 ago. 2026.<\/p>\n<p>14. WHO. Ten threats to global health in 2019. Dispon\u00edvel em: https:\/\/www.who.int\/vietnam\/news\/feature-stories\/ detail\/ten- threats-to-global-health-in-2019. Acesso em: 11 ago. 2026<\/p>\n","protected":false},"excerpt":{"rendered":"Doen\u00e7a pode evoluir rapidamente, deixar sequelas graves e atingir principalmente beb\u00eas e crian\u00e7as pequenas; preven\u00e7\u00e3o, di\u00e1logo e informa\u00e7\u00e3o s\u00e3o parte do cuidado \u00b2, \u00b3\nQuando se fal","protected":false},"author":1,"featured_media":0,"comment_status":"open","ping_status":"closed","sticky":false,"template":"","format":"standard","meta":{"_acf_changed":false,"inline_featured_image":false,"_monsterinsights_skip_tracking":false,"_monsterinsights_sitenote_active":false,"_monsterinsights_sitenote_note":"","_monsterinsights_sitenote_category":0,"footnotes":""},"categories":[34],"tags":[],"class_list":["post-135649","post","type-post","status-publish","format-standard","hentry","category-releases-geral"],"acf":[],"_links":{"self":[{"href":"https:\/\/bluestudio.estadao.com.br\/agencia-de-comunicacao\/wp-json\/wp\/v2\/posts\/135649","targetHints":{"allow":["GET"]}}],"collection":[{"href":"https:\/\/bluestudio.estadao.com.br\/agencia-de-comunicacao\/wp-json\/wp\/v2\/posts"}],"about":[{"href":"https:\/\/bluestudio.estadao.com.br\/agencia-de-comunicacao\/wp-json\/wp\/v2\/types\/post"}],"author":[{"embeddable":true,"href":"https:\/\/bluestudio.estadao.com.br\/agencia-de-comunicacao\/wp-json\/wp\/v2\/users\/1"}],"replies":[{"embeddable":true,"href":"https:\/\/bluestudio.estadao.com.br\/agencia-de-comunicacao\/wp-json\/wp\/v2\/comments?post=135649"}],"version-history":[{"count":0,"href":"https:\/\/bluestudio.estadao.com.br\/agencia-de-comunicacao\/wp-json\/wp\/v2\/posts\/135649\/revisions"}],"wp:attachment":[{"href":"https:\/\/bluestudio.estadao.com.br\/agencia-de-comunicacao\/wp-json\/wp\/v2\/media?parent=135649"}],"wp:term":[{"taxonomy":"category","embeddable":true,"href":"https:\/\/bluestudio.estadao.com.br\/agencia-de-comunicacao\/wp-json\/wp\/v2\/categories?post=135649"},{"taxonomy":"post_tag","embeddable":true,"href":"https:\/\/bluestudio.estadao.com.br\/agencia-de-comunicacao\/wp-json\/wp\/v2\/tags?post=135649"}],"curies":[{"name":"wp","href":"https:\/\/api.w.org\/{rel}","templated":true}]}}