{"id":135643,"date":"2026-08-14T14:27:00","date_gmt":"2026-08-14T17:27:00","guid":{"rendered":"https:\/\/bluestudio.estadao.com.br\/agencia-de-comunicacao\/prnewswire\/o-papa-leao-xiv-e-andrea-bocelli-unem-se-num-historico-cantico-da-paz-com-o-apoio-da-banvelca\/"},"modified":"2026-08-14T14:27:00","modified_gmt":"2026-08-14T17:27:00","slug":"o-papa-leao-xiv-e-andrea-bocelli-unem-se-num-historico-cantico-da-paz-com-o-apoio-da-banvelca","status":"publish","type":"post","link":"https:\/\/bluestudio.estadao.com.br\/agencia-de-comunicacao\/prnewswire\/o-papa-leao-xiv-e-andrea-bocelli-unem-se-num-historico-cantico-da-paz-com-o-apoio-da-banvelca\/","title":{"rendered":"O Papa Le\u00e3o XIV e Andrea Bocelli unem-se num hist\u00f3rico &#8220;C\u00e2ntico da Paz&#8221; com o apoio da Banvelca."},"content":{"rendered":"\n<div class=\"xn-content\">\n<b>164 jovens de comunidades vulner\u00e1veis participaram de um encontro de m\u00fasica, espiritualidade e confraterniza\u00e7\u00e3o.<\/b><\/p>\n<p><span class=\"legendSpanClass\">NOVA IORQUE<\/span>, <span class=\"legendSpanClass\">14 de agosto de 2026<\/span> \/PRNewswire\/ &#8212; A m\u00fasica, como linguagem universal capaz de transcender fronteiras e promover a paz, esteve no centro do <b>&#8220;C\u00e2ntico da Paz&#8221;,<\/b> um encontro de ora\u00e7\u00e3o e confraterniza\u00e7\u00e3o liderado pelo <b>Papa Le\u00e3o XIV<\/b> ao lado do renomado tenor <b>Andrea Bocelli <\/b>nos Jardins Pontif\u00edcios em Castel Gandolfo. A iniciativa contou com o apoio da Funda\u00e7\u00e3o Banvelca e da fam\u00edlia Herrera Velutini.<\/p>\n<div class=\"PRN_ImbeddedAssetReference\" id=\"DivAssetPlaceHolder1\">\n  <img decoding=\"async\" src=\"https:\/\/mmx.prnewswire.com\/media\/MS1969735\/Vatican-Media-Leon-XIV-Andrea-Bocelli-ABF.jpg?id=OA2887268\" title=\"Le\u00e3o XIV, Andrea Bocelli, ABF. Cr\u00e9dito: M\u00eddia do Vaticano\" alt=\"Le\u00e3o XIV, Andrea Bocelli, ABF. Cr\u00e9dito: M\u00eddia do Vaticano\" \/>\n <\/p>\n<\/p><\/div>\n<p>Realizado recentemente em <b>Borgo Laudato si&#8217;<\/b>, o encontro reuniu 164 crian\u00e7as e jovens do <a href=\"https:\/\/edge.prnewswire.com\/c\/link\/?t=0&amp;l=pt&amp;o=4752672-1&amp;h=2479079730&amp;u=https%3A%2F%2Fedge.prnewswire.com%2Fc%2Flink%2F%3Ft%3D0%26l%3Den%26o%3D4752672-1%26h%3D3672444613%26u%3Dhttps%253A%252F%252Fwww.youtube.com%252Fwatch%253Fv%253DZykUTnKB-mo%26a%3DABF%2BVoices&amp;a=ABF+Voices\" target=\"_blank\" rel=\"nofollow\"><b>ABF Voices<\/b><\/a>, o programa educacional global da <a href=\"https:\/\/edge.prnewswire.com\/c\/link\/?t=0&amp;l=pt&amp;o=4752672-1&amp;h=3105554009&amp;u=https%3A%2F%2Fedge.prnewswire.com%2Fc%2Flink%2F%3Ft%3D0%26l%3Den%26o%3D4752672-1%26h%3D3299253475%26u%3Dhttps%253A%252F%252Fwww.andreabocellifoundation.org%252F%26a%3DAndrea%2BBocelli%2BFoundation&amp;a=Funda%C3%A7%C3%A3o+Andrea+Bocelli\" target=\"_blank\" rel=\"nofollow\"><b>Funda\u00e7\u00e3o Andrea Bocelli<\/b><\/a>, para uma experi\u00eancia inspiradora que uniu m\u00fasica, espiritualidade e um apelo \u00e0 harmonia entre os povos. O evento foi realizado como parte das comemora\u00e7\u00f5es que marcaram o <b>oitavo centen\u00e1rio da morte de S\u00e3o Francisco de Assis<\/b>.<\/p>\n<p>Os jovens participantes vieram de diferentes comunidades ao redor do mundo afetadas por conflitos, pobreza e situa\u00e7\u00f5es de vulnerabilidade. Essa diversidade tornou-se parte essencial da mensagem do encontro, destacando o poder da arte para criar espa\u00e7os de di\u00e1logo, esperan\u00e7a e reconcilia\u00e7\u00e3o.<\/p>\n<p>Durante sua reflex\u00e3o, o <b>Papa Le\u00e3o XIV<\/b> destacou a import\u00e2ncia de ouvir diferentes vozes transformadas em uma express\u00e3o comum. <b><i>&#8220;Nesse sentido, o coro se torna um s\u00edmbolo de conc\u00f3rdia e coopera\u00e7\u00e3o&#8221;,<\/i><\/b> ele disse.<\/p>\n<p><b>Cultura e filantropia como instrumentos de conex\u00e3o<\/b><\/p>\n<p>O apoio a iniciativas como <b>&#8220;C\u00e2ntico da Paz&#8221;<\/b> reflete a miss\u00e3o da <a href=\"https:\/\/edge.prnewswire.com\/c\/link\/?t=0&amp;l=pt&amp;o=4752672-1&amp;h=4094793923&amp;u=https%3A%2F%2Fedge.prnewswire.com%2Fc%2Flink%2F%3Ft%3D0%26l%3Den%26o%3D4752672-1%26h%3D2159420061%26u%3Dhttps%253A%252F%252Fwww.banvelca.com%252Fglobal-impact%26a%3DBanvelca%2BFoundation&amp;a=Funda%C3%A7%C3%A3o+Banvelca\" target=\"_blank\" rel=\"nofollow\"><b>Funda\u00e7\u00e3o Banvelca<\/b><\/a>, o bra\u00e7o filantr\u00f3pico da fam\u00edlia Herrera Velutini dedicado ao patroc\u00ednio cultural, \u00e0 preserva\u00e7\u00e3o do patrim\u00f4nio e \u00e0 filantropia internacional, apoiando iniciativas culturais, bem como programas sociais e educacionais em todo o mundo.<\/p>\n<p>Para <b>Melanie Herrera Velutini<\/b>, <b>Presidente da Funda\u00e7\u00e3o Banvelca<\/b>, o encontro reflete precisamente esta vis\u00e3o. <b><i>&#8220;Apoiar uma iniciativa que re\u00fane jovens cujas vidas foram moldadas por circunst\u00e2ncias t\u00e3o diferentes nos lembra do poder da cultura para criar um terreno comum. S\u00e3o exatamente esses os tipos de programas que estamos comprometidos em apoiar, tanto como Funda\u00e7\u00e3o quanto como fam\u00edlia.&#8221;<\/i><\/b><\/p>\n<p><b>Uma mensagem para as gera\u00e7\u00f5es futuras<\/b><\/p>\n<p>Durante um dos momentos centrais do encontro, <b>Le\u00e3o XIV<\/b> dirigiu uma mensagem especialmente aos jovens: <b>&#8220;Lembrem-se de que voc\u00eas foram criados para grandes coisas e que o mundo inteiro n\u00e3o \u00e9 suficiente para satisfazer sua sede de significado e felicidade.&#8221;<\/b> O Pont\u00edfice tamb\u00e9m rezou pela paz nos lugares que continuam a sofrer as consequ\u00eancias da viol\u00eancia.<\/p>\n<p>O encontro, que marcou o culminar de dez dias de conv\u00edvio e forma\u00e7\u00e3o para os membros do ABF Voices, encerrou-se com a Ora\u00e7\u00e3o do Senhor, o sinal da paz, a b\u00ean\u00e7\u00e3o apost\u00f3lica e uma apresenta\u00e7\u00e3o de &#8220;Amazing Grace&#8221; por Andrea Bocelli e o coro. <b><i>&#8220;Cada voz carrega consigo uma hist\u00f3ria, uma heran\u00e7a e uma esperan\u00e7a&#8221;,<\/i><\/b> disse o Maestro <b>Andrea Bocelli<\/b>, fundador da ABF. <b><i>&#8220;Quando tantas vozes se unem, vindas de lugares distantes e com experi\u00eancias de vida t\u00e3o diversas, algo acontece que vai al\u00e9m do canto: a possibilidade de nos reconhecermos, de nos ouvirmos, de nos sentirmos menos distantes uns dos outros. A m\u00fasica tem esse dom. N\u00e3o elimina as diferen\u00e7as, mas as transforma em harmonia.&#8221;<\/i><\/b><\/p>\n<p>O <b>&#8220;C\u00e2ntico da Paz&#8221; <\/b>deixou uma imagem poderosa e duradoura em Castel Gandolfo: 164 vozes de origens diversas unidas pela m\u00fasica diante do Pont\u00edfice, personificando sua mensagem de que a harmonia n\u00e3o exige o desaparecimento das diferen\u00e7as, mas sim nos convida a abra\u00e7\u00e1-las.<\/p>\n<div class=\"PRN_ImbeddedAssetReference\" id=\"DivAssetPlaceHolder2\">\n  <img decoding=\"async\" src=\"https:\/\/mmx.prnewswire.com\/media\/MS1969738\/Melanie-Herrera-Velutini-y-Julio-Herrera-Velutini-Banvelca-Foundation.jpg?id=OA2887269\" title=\"Melanie Herrera Velutini, Julio Herrera Velutini, Papa Le\u00e3o XIV. Cr\u00e9dito: Banvelca\" alt=\"Melanie Herrera Velutini, Julio Herrera Velutini, Papa Le\u00e3o XIV. Cr\u00e9dito: Banvelca\" \/>\n <\/p>\n<p><a href=\"https:\/\/mmx.prnewswire.com\/media\/MS1969784\/PDF-ENG-POPE-LEO-XIV-AND-ANDREA-BOCELLI-JOIN-TOGETHER-IN-A-HISTORIC-CANTICLE-OF-PEACE-WITH-THE-SUPPO.pdf?id=OA2887270&amp;p=original\" target=\"_blank\" rel=\"nofollow\"><img decoding=\"async\" src=\"https:\/\/mmx.prnewswire.com\/media\/MS1969784\/PDF-ENG-POPE-LEO-XIV-AND-ANDREA-BOCELLI-JOIN-TOGETHER-IN-A-HISTORIC-CANTICLE-OF-PEACE-WITH-THE-SUPPO.pdf?id=OA2887270&amp;p=pdfthumbnail\" title=\"O Papa Le\u00e3o XIV e Andrea Bocelli unem-se num hist\u00f3rico \" alt=\"O Papa Le\u00e3o XIV e Andrea Bocelli unem-se num hist\u00f3rico \" \/><\/a>\n<\/p>\n<\/div>\n<p id=\"PURL\"><img loading=\"lazy\" decoding=\"async\" title=\"Cision\" width=\"12\" height=\"12\" alt=\"Cision\" src=\"https:\/\/edge.prnewswire.com\/c\/img\/favicon.png?sn=PT26563&amp;sd=2026-08-14\" \/> View original content to download multimedia:<a id=\"PRNURL\" rel=\"nofollow\" href=\"https:\/\/www.prnewswire.com\/br\/comunicados-para-a-imprensa\/o-papa-leao-xiv-e-andrea-bocelli-unem-se-num-historico-cantico-da-paz-com-o-apoio-da-banvelca-302852042.html\" target=\"_blank\">https:\/\/www.prnewswire.com\/br\/comunicados-para-a-imprensa\/o-papa-leao-xiv-e-andrea-bocelli-unem-se-num-historico-cantico-da-paz-com-o-apoio-da-banvelca-302852042.html<\/a><\/p>\n<p>FONTE Banvelca<\/p>\n<\/div>\n<p>  <img decoding=\"async\" alt=\"\" src=\"https:\/\/rt.prnewswire.com\/rt.gif?NewsItemId=PT26563&amp;Transmission_Id=202608141313PR_NEWS_LATAM____PT26563&amp;DateId=20260814\" style=\"border:0px;width:1px;height:1px\" \/><\/p>\n<p><strong>T\u00f3picos Relacionados:<\/strong> Sem Fins Lucrativos, Religi\u00e3o, M\u00fasica, Not\u00edcias Orientadas para Hisp\u00e2nicos, Arte, Cultura e Design, Diversidade, Equidade e Inclus\u00e3o, Not\u00edcias de Interesse P\u00fablico, Entretenimento<\/p>\n<p>A <b>OESP<\/b> n\u00e3o \u00e9(s\u00e3o) respons\u00e1vel(is) por erros, incorre\u00e7\u00f5es, atrasos ou quaisquer decis\u00f5es tomadas por seus clientes com base nos Conte\u00fados ora disponibilizados, bem como tais Conte\u00fados n\u00e3o representam a opini\u00e3o da <b>OESP<\/b> e s\u00e3o de inteira responsabilidade da <b>PR Newswire Ltda<\/b><\/p>\n","protected":false},"excerpt":{"rendered":"164 jovens de comunidades vulner\u00e1veis participaram de um encontro de m\u00fasica, espiritualidade e confraterniza\u00e7\u00e3o. NOVA IORQUE, 14 de agosto de 2026 \/PRNewswire\/ &#8212; A m\u00fasica, como linguagem","protected":false},"author":1,"featured_media":135644,"comment_status":"open","ping_status":"closed","sticky":false,"template":"","format":"standard","meta":{"_acf_changed":false,"inline_featured_image":false,"_monsterinsights_skip_tracking":false,"_monsterinsights_sitenote_active":false,"_monsterinsights_sitenote_note":"","_monsterinsights_sitenote_category":0,"footnotes":""},"categories":[27],"tags":[12380,12381,12382,12383],"class_list":["post-135643","post","type-post","status-publish","format-standard","has-post-thumbnail","hentry","category-prnewswire","tag-a-musica","tag-como-linguagem-universal-capaz-de-transcender-fronteiras-e-promover-a-paz","tag-esteve-no-centro-do-cantico-da-paz","tag-um-encontro-de-oracao-e-confraternizacao-liderado"],"acf":[],"_links":{"self":[{"href":"https:\/\/bluestudio.estadao.com.br\/agencia-de-comunicacao\/wp-json\/wp\/v2\/posts\/135643","targetHints":{"allow":["GET"]}}],"collection":[{"href":"https:\/\/bluestudio.estadao.com.br\/agencia-de-comunicacao\/wp-json\/wp\/v2\/posts"}],"about":[{"href":"https:\/\/bluestudio.estadao.com.br\/agencia-de-comunicacao\/wp-json\/wp\/v2\/types\/post"}],"author":[{"embeddable":true,"href":"https:\/\/bluestudio.estadao.com.br\/agencia-de-comunicacao\/wp-json\/wp\/v2\/users\/1"}],"replies":[{"embeddable":true,"href":"https:\/\/bluestudio.estadao.com.br\/agencia-de-comunicacao\/wp-json\/wp\/v2\/comments?post=135643"}],"version-history":[{"count":0,"href":"https:\/\/bluestudio.estadao.com.br\/agencia-de-comunicacao\/wp-json\/wp\/v2\/posts\/135643\/revisions"}],"wp:featuredmedia":[{"embeddable":true,"href":"https:\/\/bluestudio.estadao.com.br\/agencia-de-comunicacao\/wp-json\/wp\/v2\/media\/135644"}],"wp:attachment":[{"href":"https:\/\/bluestudio.estadao.com.br\/agencia-de-comunicacao\/wp-json\/wp\/v2\/media?parent=135643"}],"wp:term":[{"taxonomy":"category","embeddable":true,"href":"https:\/\/bluestudio.estadao.com.br\/agencia-de-comunicacao\/wp-json\/wp\/v2\/categories?post=135643"},{"taxonomy":"post_tag","embeddable":true,"href":"https:\/\/bluestudio.estadao.com.br\/agencia-de-comunicacao\/wp-json\/wp\/v2\/tags?post=135643"}],"curies":[{"name":"wp","href":"https:\/\/api.w.org\/{rel}","templated":true}]}}