{"id":135627,"date":"2026-08-14T13:57:00","date_gmt":"2026-08-14T16:57:00","guid":{"rendered":"https:\/\/bluestudio.estadao.com.br\/agencia-de-comunicacao\/prnewswire\/relatorio-anual-20-f-de-2025\/"},"modified":"2026-08-14T13:57:00","modified_gmt":"2026-08-14T16:57:00","slug":"relatorio-anual-20-f-de-2025","status":"publish","type":"post","link":"https:\/\/bluestudio.estadao.com.br\/agencia-de-comunicacao\/prnewswire\/relatorio-anual-20-f-de-2025\/","title":{"rendered":"Relat\u00f3rio anual 20-F de 2025"},"content":{"rendered":"\n<div class=\"xn-content\">\n<span class=\"legendSpanClass\">CURITIBA, Brasil<\/span>, <span class=\"legendSpanClass\">14 de agosto de 2026<\/span> \/PRNewswire\/ &#8212;<b> A Companhia Paranaense de Energia &#8211; Copel (B3: CPLE3 | NYSE: ELPC)<\/b> anuncia que seu relat\u00f3rio anual 20-F 2025 foi arquivado  em 16 de abril de 2026 na <i>U.S. Securities and Exchange Commission &#8211; SEC<\/i>. Os detentores de valores mobili\u00e1rios da empresa podem receber c\u00f3pias impressas do Relat\u00f3rio Anual, incluindo suas demonstra\u00e7\u00f5es financeiras auditadas, gratuitamente, mediante solicita\u00e7\u00e3o enviada para: <a href=\"mailto:ri@copel.com\" target=\"_blank\" rel=\"nofollow\">ri@copel.com<\/a>. Este documento tamb\u00e9m est\u00e1 dispon\u00edvel no site da Copel (<a href=\"https:\/\/ri.copel.com\/en\/\" target=\"_blank\" rel=\"nofollow\">https:\/\/ri.copel.com\/en\/<\/a>).<\/p>\n<p>Rela\u00e7\u00f5es com Investidores<br \/>COPEL<br \/>+55 41 3331-4011<br \/><a href=\"mailto:ri@copel.com\" target=\"_blank\" rel=\"nofollow\">ri@copel.com<\/a><\/p>\n<p id=\"PURL\"><img loading=\"lazy\" decoding=\"async\" title=\"Cision\" width=\"12\" height=\"12\" alt=\"Cision\" src=\"https:\/\/edge.prnewswire.com\/c\/img\/favicon.png?sn=PT26817&amp;sd=2026-08-14\" \/> View original content:<a id=\"PRNURL\" rel=\"nofollow\" href=\"https:\/\/www.prnewswire.com\/br\/comunicados-para-a-imprensa\/relatorio-anual-20-f-de-2025-302852025.html\" target=\"_blank\">https:\/\/www.prnewswire.com\/br\/comunicados-para-a-imprensa\/relatorio-anual-20-f-de-2025-302852025.html<\/a><\/p>\n<p>FONTE Copel &#8211; Companhia Paranaense de Energia<\/p>\n<\/div>\n<p>  <img decoding=\"async\" alt=\"\" src=\"https:\/\/rt.prnewswire.com\/rt.gif?NewsItemId=PT26817&amp;Transmission_Id=202608141253PR_NEWS_LATAM____PT26817&amp;DateId=20260814\" style=\"border:0px;width:1px;height:1px\" \/><\/p>\n<p><strong>T\u00f3picos Relacionados:<\/strong> Ganhos, OTC\/Pequena Capitaliza\u00e7\u00e3o, Servi\u00e7os P\u00fablicos, Petr\u00f3leo\/Energia<\/p>\n<p>A <b>OESP<\/b> n\u00e3o \u00e9(s\u00e3o) respons\u00e1vel(is) por erros, incorre\u00e7\u00f5es, atrasos ou quaisquer decis\u00f5es tomadas por seus clientes com base nos Conte\u00fados ora disponibilizados, bem como tais Conte\u00fados n\u00e3o representam a opini\u00e3o da <b>OESP<\/b> e s\u00e3o de inteira responsabilidade da <b>PR Newswire Ltda<\/b><\/p>\n","protected":false},"excerpt":{"rendered":"CURITIBA, Brasil, 14 de agosto de 2026 \/PRNewswire\/ &#8212; A Companhia Paranaense de Energia &#8211; Copel (B3: CPLE3 | NYSE: ELPC) anuncia que seu relat\u00f3rio anual 20-F 2025 foi arquivado em 16 de","protected":false},"author":1,"featured_media":135628,"comment_status":"open","ping_status":"closed","sticky":false,"template":"","format":"standard","meta":{"_acf_changed":false,"inline_featured_image":false,"_monsterinsights_skip_tracking":false,"_monsterinsights_sitenote_active":false,"_monsterinsights_sitenote_note":"","_monsterinsights_sitenote_category":0,"footnotes":""},"categories":[27],"tags":[12368],"class_list":["post-135627","post","type-post","status-publish","format-standard","has-post-thumbnail","hentry","category-prnewswire","tag-a-companhia-paranaense-de-energia-copel-b3-cple3-nyse-elpc-anuncia-que-seu-relatorio-anual-20-f-2025-foi-arquivado-em-16-de-abril-de-2026-na-u-s-securities-and"],"acf":[],"_links":{"self":[{"href":"https:\/\/bluestudio.estadao.com.br\/agencia-de-comunicacao\/wp-json\/wp\/v2\/posts\/135627","targetHints":{"allow":["GET"]}}],"collection":[{"href":"https:\/\/bluestudio.estadao.com.br\/agencia-de-comunicacao\/wp-json\/wp\/v2\/posts"}],"about":[{"href":"https:\/\/bluestudio.estadao.com.br\/agencia-de-comunicacao\/wp-json\/wp\/v2\/types\/post"}],"author":[{"embeddable":true,"href":"https:\/\/bluestudio.estadao.com.br\/agencia-de-comunicacao\/wp-json\/wp\/v2\/users\/1"}],"replies":[{"embeddable":true,"href":"https:\/\/bluestudio.estadao.com.br\/agencia-de-comunicacao\/wp-json\/wp\/v2\/comments?post=135627"}],"version-history":[{"count":0,"href":"https:\/\/bluestudio.estadao.com.br\/agencia-de-comunicacao\/wp-json\/wp\/v2\/posts\/135627\/revisions"}],"wp:featuredmedia":[{"embeddable":true,"href":"https:\/\/bluestudio.estadao.com.br\/agencia-de-comunicacao\/wp-json\/wp\/v2\/media\/135628"}],"wp:attachment":[{"href":"https:\/\/bluestudio.estadao.com.br\/agencia-de-comunicacao\/wp-json\/wp\/v2\/media?parent=135627"}],"wp:term":[{"taxonomy":"category","embeddable":true,"href":"https:\/\/bluestudio.estadao.com.br\/agencia-de-comunicacao\/wp-json\/wp\/v2\/categories?post=135627"},{"taxonomy":"post_tag","embeddable":true,"href":"https:\/\/bluestudio.estadao.com.br\/agencia-de-comunicacao\/wp-json\/wp\/v2\/tags?post=135627"}],"curies":[{"name":"wp","href":"https:\/\/api.w.org\/{rel}","templated":true}]}}