{"id":135567,"date":"2026-08-13T16:00:00","date_gmt":"2026-08-13T19:00:00","guid":{"rendered":"https:\/\/bluestudio.estadao.com.br\/agencia-de-comunicacao\/saftec-digital\/universalizacao-do-saneamento-vai-alem-de-levar-agua-ate-a-porta-de-casa-explica-marcio-velho-da-silva\/"},"modified":"2026-08-13T16:00:00","modified_gmt":"2026-08-13T19:00:00","slug":"universalizacao-do-saneamento-vai-alem-de-levar-agua-ate-a-porta-de-casa-explica-marcio-velho-da-silva","status":"publish","type":"post","link":"https:\/\/bluestudio.estadao.com.br\/agencia-de-comunicacao\/saftec-digital\/universalizacao-do-saneamento-vai-alem-de-levar-agua-ate-a-porta-de-casa-explica-marcio-velho-da-silva\/","title":{"rendered":"Universaliza\u00e7\u00e3o do saneamento vai al\u00e9m de levar \u00e1gua at\u00e9 a porta de casa, explica M\u00e1rcio Velho da Silva"},"content":{"rendered":"<p><b>Consultor t\u00e9cnico defende que continuidade, qualidade e regularidade do servi\u00e7o s\u00e3o t\u00e3o decisivas quanto a cobertura da rede.<\/b><\/p>\n<p>A universaliza\u00e7\u00e3o do saneamento b\u00e1sico costuma ser medida, no debate p\u00fablico, por um \u00fanico indicador: quantos quil\u00f4metros de rede de \u00e1gua foram instalados e quantos novos domic\u00edlios passaram a ter acesso formal ao servi\u00e7o. Para M\u00e1rcio Velho da Silva, consultor t\u00e9cnico especializado em infraestrutura ambiental, esse recorte \u00e9 insuficiente para explicar o que o conceito realmente exige de um sistema de saneamento maduro.<\/p>\n<p>Reduzir a universaliza\u00e7\u00e3o a metros de tubula\u00e7\u00e3o instalada mascara falhas que s\u00f3 se tornam vis\u00edveis depois que o servi\u00e7o j\u00e1 est\u00e1 em uso, quando fam\u00edlias e empresas que tecnicamente t\u00eam acesso \u00e0 rede enfrentam interrup\u00e7\u00f5es, quedas de press\u00e3o ou varia\u00e7\u00f5es na qualidade da \u00e1gua entregue. O indicador de cobertura, isoladamente, n\u00e3o captura esse tipo de problema.<\/p>\n<p><b>Cobertura geogr\u00e1fica \u00e9 apenas o ponto de partida<\/b><\/p>\n<p>A instala\u00e7\u00e3o f\u00edsica da rede resolve a pergunta sobre acesso, mas n\u00e3o responde se o servi\u00e7o funciona de forma confi\u00e1vel ao longo do tempo. Um sistema pode apresentar \u00edndices elevados de cobertura e, ainda assim, falhar em entregar \u00e1gua com frequ\u00eancia previs\u00edvel, o que corr\u00f3i a confian\u00e7a do usu\u00e1rio, mesmo quando ele j\u00e1 est\u00e1 formalmente conectado \u00e0 infraestrutura.<\/p>\n<p>Essa distin\u00e7\u00e3o entre acesso formal e servi\u00e7o efetivo \u00e9 o ponto de partida para entender por que sistemas de saneamento avaliados apenas por extens\u00e3o de rede podem esconder problemas estruturais relevantes. A conex\u00e3o existir no papel n\u00e3o garante, por si s\u00f3, que ela cumpra sua fun\u00e7\u00e3o social plena junto \u00e0 popula\u00e7\u00e3o atendida.<\/p>\n<p><b>Continuidade, regularidade e qualidade formam um trip\u00e9<\/b><\/p>\n<p>Continuidade significa que o servi\u00e7o n\u00e3o para de forma imprevis\u00edvel, evitando comprometer rotinas dom\u00e9sticas, comerciais e de sa\u00fade p\u00fablica. Regularidade envolve previsibilidade de hor\u00e1rios, press\u00e3o e volume fornecido, permitindo que fam\u00edlias e empresas organizem seu pr\u00f3prio planejamento em torno do servi\u00e7o. Sem esses dois pilares, a cobertura formal se transforma em uma promessa apenas parcialmente cumprida diante da rotina real dos usu\u00e1rios.<\/p>\n<p>A qualidade, por sua vez, determina se a \u00e1gua entregue \u00e9 segura para consumo direto, sem depender de tratamento adicional realizado pelo pr\u00f3prio morador. Segundo M\u00e1rcio Velho da Silva, esses tr\u00eas elementos precisam ser avaliados em conjunto para que o termo universaliza\u00e7\u00e3o tenha sentido pr\u00e1tico, e n\u00e3o apenas estat\u00edstico, dentro do planejamento de pol\u00edticas p\u00fablicas do setor.<\/p>\n<p><b>Avaliar pela experi\u00eancia do usu\u00e1rio muda a prioridade dos investimentos<\/b><\/p>\n<p>Deslocar o foco de metros de tubula\u00e7\u00e3o instalada para a rotina real de quem depende da \u00e1gua todos os dias exp\u00f5e gargalos que indicadores de cobertura simplesmente n\u00e3o capturam, como cortes intermitentes em regi\u00f5es j\u00e1 formalmente atendidas pela rede. Essa mudan\u00e7a de perspectiva altera diretamente a forma como investimentos p\u00fablicos e privados no setor deveriam ser priorizados.<\/p>\n<p>Regi\u00f5es com cobertura consolidada, mas com hist\u00f3rico recorrente de interrup\u00e7\u00f5es, passam a competir por recursos junto com \u00e1reas ainda sem acesso formal \u00e0 rede, o que exige crit\u00e9rios claros de compara\u00e7\u00e3o entre necessidades distintas. Sem esses crit\u00e9rios bem definidos, a manuten\u00e7\u00e3o do que j\u00e1 foi constru\u00eddo corre o risco de ser tratada como prioridade secund\u00e1ria diante da expans\u00e3o de novos trechos, decis\u00e3o que tende a comprometer a qualidade do servi\u00e7o j\u00e1 entregue \u00e0 popula\u00e7\u00e3o.<\/p>\n<p><b>O que a pr\u00f3xima etapa do saneamento exige do setor?<\/b><\/p>\n<p>Tratar a universaliza\u00e7\u00e3o como sin\u00f4nimo de cobertura geogr\u00e1fica simplifica um problema que \u00e9, na pr\u00e1tica, multidimensional. Continuidade, qualidade e regularidade formam a base que transforma o acesso formal em um servi\u00e7o que efetivamente cumpre sua fun\u00e7\u00e3o social, e ignorar essas dimens\u00f5es, como refor\u00e7a o consultor t\u00e9cnico, significa medir o sucesso de uma pol\u00edtica p\u00fablica pela m\u00e9trica errada.<\/p>\n<p>O avan\u00e7o real do saneamento b\u00e1sico no pa\u00eds depende de sistemas capazes de sustentar o que j\u00e1 foi constru\u00eddo, n\u00e3o apenas de expandir seus limites f\u00edsicos ano ap\u00f3s ano. Essa \u00e9, em \u00faltima an\u00e1lise, a diferen\u00e7a entre ampliar n\u00fameros de cobertura e entregar um servi\u00e7o que resiste ao uso di\u00e1rio, \u00e0 varia\u00e7\u00e3o de demanda e \u00e0 passagem do tempo, crit\u00e9rio que tende a ganhar mais peso no debate sobre pol\u00edticas p\u00fablicas de saneamento \u00e0 medida que o pa\u00eds avan\u00e7a em dire\u00e7\u00e3o \u00e0s metas de universaliza\u00e7\u00e3o previstas em lei.<\/p>\n<p>A <b>OESP<\/b> n\u00e3o \u00e9(s\u00e3o) respons\u00e1vel(is) por erros, incorre\u00e7\u00f5es, atrasos ou quaisquer decis\u00f5es tomadas por seus clientes com base nos Conte\u00fados ora disponibilizados, bem como tais Conte\u00fados n\u00e3o representam a opini\u00e3o da <b>OESP<\/b> e s\u00e3o de inteira responsabilidade da <b>Ag\u00eancia Saftec<\/b><\/p>\n","protected":false},"excerpt":{"rendered":"Consultor t\u00e9cnico defende que continuidade, qualidade e regularidade do servi\u00e7o s\u00e3o t\u00e3o decisivas quanto a cobertura da rede. A universaliza\u00e7\u00e3o do saneamento b\u00e1sico costuma ser medida, no","protected":false},"author":1,"featured_media":135568,"comment_status":"open","ping_status":"closed","sticky":false,"template":"","format":"standard","meta":{"_acf_changed":false,"inline_featured_image":false,"_monsterinsights_skip_tracking":false,"_monsterinsights_sitenote_active":false,"_monsterinsights_sitenote_note":"","_monsterinsights_sitenote_category":0,"footnotes":""},"categories":[525],"tags":[],"class_list":["post-135567","post","type-post","status-publish","format-standard","has-post-thumbnail","hentry","category-saftec-digital"],"acf":[],"_links":{"self":[{"href":"https:\/\/bluestudio.estadao.com.br\/agencia-de-comunicacao\/wp-json\/wp\/v2\/posts\/135567","targetHints":{"allow":["GET"]}}],"collection":[{"href":"https:\/\/bluestudio.estadao.com.br\/agencia-de-comunicacao\/wp-json\/wp\/v2\/posts"}],"about":[{"href":"https:\/\/bluestudio.estadao.com.br\/agencia-de-comunicacao\/wp-json\/wp\/v2\/types\/post"}],"author":[{"embeddable":true,"href":"https:\/\/bluestudio.estadao.com.br\/agencia-de-comunicacao\/wp-json\/wp\/v2\/users\/1"}],"replies":[{"embeddable":true,"href":"https:\/\/bluestudio.estadao.com.br\/agencia-de-comunicacao\/wp-json\/wp\/v2\/comments?post=135567"}],"version-history":[{"count":0,"href":"https:\/\/bluestudio.estadao.com.br\/agencia-de-comunicacao\/wp-json\/wp\/v2\/posts\/135567\/revisions"}],"wp:featuredmedia":[{"embeddable":true,"href":"https:\/\/bluestudio.estadao.com.br\/agencia-de-comunicacao\/wp-json\/wp\/v2\/media\/135568"}],"wp:attachment":[{"href":"https:\/\/bluestudio.estadao.com.br\/agencia-de-comunicacao\/wp-json\/wp\/v2\/media?parent=135567"}],"wp:term":[{"taxonomy":"category","embeddable":true,"href":"https:\/\/bluestudio.estadao.com.br\/agencia-de-comunicacao\/wp-json\/wp\/v2\/categories?post=135567"},{"taxonomy":"post_tag","embeddable":true,"href":"https:\/\/bluestudio.estadao.com.br\/agencia-de-comunicacao\/wp-json\/wp\/v2\/tags?post=135567"}],"curies":[{"name":"wp","href":"https:\/\/api.w.org\/{rel}","templated":true}]}}