{"id":135566,"date":"2026-08-13T16:21:45","date_gmt":"2026-08-13T19:21:45","guid":{"rendered":"https:\/\/bluestudio.estadao.com.br\/agencia-de-comunicacao\/?p=135566"},"modified":"2026-08-13T16:26:00","modified_gmt":"2026-08-13T19:26:00","slug":"editora-jabuticabytes-mais-de-30-portais","status":"publish","type":"post","link":"https:\/\/bluestudio.estadao.com.br\/agencia-de-comunicacao\/releases\/releases-geral\/editora-jabuticabytes-mais-de-30-portais\/","title":{"rendered":"Editora Jabuticabytes, a mais nova media tech brasileira re\u00fane mais de 30 portais pr\u00f3prios e segue em crescimento"},"content":{"rendered":"\n<p class=\"wp-block-paragraph\"><em>Media tech brasileira expande rede para mais de 30 portais e refor\u00e7a brand safety com revis\u00e3o editorial humana<\/em><\/p>\n\n\n\n<figure class=\"wp-block-image size-full\"><img loading=\"lazy\" decoding=\"async\" width=\"1000\" height=\"667\" src=\"https:\/\/bluestudio.estadao.com.br\/agencia-de-comunicacao\/wp-content\/uploads\/2026\/08\/editora-jabuticabytes-mais-de-30-portais.jpg\" alt=\"\" class=\"wp-image-135576\" srcset=\"https:\/\/bluestudio.estadao.com.br\/agencia-de-comunicacao\/wp-content\/uploads\/2026\/08\/editora-jabuticabytes-mais-de-30-portais.jpg 1000w, https:\/\/bluestudio.estadao.com.br\/agencia-de-comunicacao\/wp-content\/uploads\/2026\/08\/editora-jabuticabytes-mais-de-30-portais-300x200.jpg 300w, https:\/\/bluestudio.estadao.com.br\/agencia-de-comunicacao\/wp-content\/uploads\/2026\/08\/editora-jabuticabytes-mais-de-30-portais-768x512.jpg 768w\" sizes=\"auto, (max-width: 1000px) 100vw, 1000px\" \/><\/figure>\n\n\n\n<p class=\"wp-block-paragraph\">A <a href=\"https:\/\/jabuticabytes.com\/\" target=\"_blank\" rel=\"noreferrer noopener\">Editora Jabuticabytes<\/a> , media tech brasileira especializada em conte\u00fado editorial, audi\u00eancia segmentada e brand safety, anuncia a expans\u00e3o de seu ecossistema de portais pr\u00f3prios, que j\u00e1 re\u00fane mais de 30 t\u00edtulos distribu\u00eddos em cinco verticais estrat\u00e9gicas. Com foco em conte\u00fado especializado e curadoria humana, a empresa busca conectar marcas a p\u00fablicos altamente qualificados no momento de maior inten\u00e7\u00e3o de consumo.<\/p>\n\n\n\n<p class=\"wp-block-paragraph\">Em vez de priorizar exclusivamente alcance massivo, a Jabuticabytes estrutura sua rede em torno de comunidades de interesse espec\u00edficas, atendidas por portais com linguagem, pauta e contexto editorial pr\u00f3prios. A estrat\u00e9gia parte de uma l\u00f3gica comercial clara: para muitos anunciantes, uma audi\u00eancia que procura ativamente por colora\u00e7\u00e3o capilar, ERP corporativo ou decora\u00e7\u00e3o de apartamentos compactos gera mais valor do que um p\u00fablico generalista significativamente maior.<\/p>\n\n\n\n<p class=\"wp-block-paragraph\">Essa vis\u00e3o sustenta a arquitetura da rede: t\u00edtulos especializados, organizados por vertical, com produ\u00e7\u00e3o orientada por dados e revis\u00e3o editorial humana obrigat\u00f3ria, criando um ambiente de conte\u00fado mais seguro, relevante e alinhado \u00e0s exig\u00eancias atuais de brand safety.<\/p>\n\n\n\n<p class=\"wp-block-paragraph\">&#8220;<em>Combinamos an\u00e1lise de dados e ferramentas avan\u00e7adas para otimizar nossa produ\u00e7\u00e3o, mas o cora\u00e7\u00e3o do nosso neg\u00f3cio \u00e9 humano. Cada artigo passa por uma rigorosa revis\u00e3o editorial, garantindo informa\u00e7\u00e3o precisa, tom de voz aut\u00eantico e total seguran\u00e7a para as marcas parceiras<\/em>&#8220;, afirma <a href=\"https:\/\/www.linkedin.com\/in\/silviarehn\/\" target=\"_blank\" rel=\"noreferrer noopener\">Silvia Rehn<\/a>, CEO e fundadora da Editora Jabuticabytes.<\/p>\n\n\n\n<p class=\"wp-block-paragraph\">A revis\u00e3o editorial humana obrigat\u00f3ria \u2014 modelo conhecido no setor como <em>human-in-the-loop<\/em> \u2014 \u00e9 apresentada pela empresa como resposta a uma preocupa\u00e7\u00e3o crescente das marcas. Com o volume de conte\u00fado produzido em escala no ambiente digital, anunciantes passaram a exigir garantias sobre o ambiente em que suas campanhas s\u00e3o veiculadas, e a seguran\u00e7a de marca deixou de ser cl\u00e1usula contratual para virar crit\u00e9rio de sele\u00e7\u00e3o de invent\u00e1rio.<\/p>\n\n\n\n<h2 class=\"wp-block-heading\"><strong>As cinco verticais<\/strong><\/h2>\n\n\n\n<p class=\"wp-block-paragraph\"><strong>Women &amp; Lifestyle<\/strong> \u2014 liderada por <a href=\"https:\/\/daquidali.com.br\/\" target=\"_blank\" rel=\"noreferrer noopener\">DaquiDali<\/a>, portal de comportamento, carreira e bem-estar, e <a href=\"https:\/\/antoniettasp.com.br\/\" target=\"_blank\" rel=\"noreferrer noopener\">Antoniettasp<\/a>, voltado a tend\u00eancias urbanas e estilo para o p\u00fablico paulistano. A vertical inclui ainda <a href=\"https:\/\/modices.com.br\/\" target=\"_blank\" rel=\"noreferrer noopener\">Modices<\/a>, tradicional marca nacional de moda e comportamento, e portais dedicados a beleza e est\u00e9tica capilar.<\/p>\n\n\n\n<p class=\"wp-block-paragraph\"><strong>Casa, Fam\u00edlia &amp; Gastronomia<\/strong> \u2014 tem em <a href=\"https:\/\/artesanatoecia.com.br\/\" target=\"_blank\" rel=\"noreferrer noopener\">Artesanato e Cia<\/a>, especializado em tutoriais de artesanato e DIY, seu t\u00edtulo de maior audi\u00eancia, ao lado de <a href=\"https:\/\/acasanomade.com.br\/\" target=\"_blank\" rel=\"noreferrer noopener\">ACasaNomade<\/a> (decora\u00e7\u00e3o e estilo de vida flex\u00edvel) e <a href=\"https:\/\/decoracaosimples.com.br\/\" target=\"_blank\" rel=\"noreferrer noopener\">Decora\u00e7\u00e3o Simples<\/a> (arquitetura e design de interiores).<\/p>\n\n\n\n<p class=\"wp-block-paragraph\"><strong>Business, Tech &amp; Inova\u00e7\u00e3o (B2B)<\/strong> \u2014 re\u00fane os portais de maior conte\u00fado especializadodesempenho em audi\u00eancia qualificada: <a href=\"https:\/\/inteligenciasetorial.com.br\/\" target=\"_blank\" rel=\"noreferrer noopener\">Inteligencia Setorial<\/a> (an\u00e1lises de mercado e intelig\u00eancia corporativa), <a href=\"http:\/\/expandenegocios.com.br\" target=\"_blank\" rel=\"noreferrer noopener\">Expante Neg\u00f3cios<\/a> (B2B e B2C),\u00a0 <a href=\"https:\/\/prophp.com.br\/\" target=\"_blank\" rel=\"noreferrer noopener\">ProPHP<\/a> (desenvolvimento web), <a href=\"https:\/\/techload.com.br\/\" target=\"_blank\" rel=\"noreferrer noopener\">TechLoad<\/a>\u00a0 (gadgets e hardware).<\/p>\n\n\n\n<p class=\"wp-block-paragraph\"><strong>News &amp; Regional<\/strong> \u2014 cobertura jornal\u00edstica local em pra\u00e7as com baixa densidade de ve\u00edculos, com Cenario Tocantins (Tocantins e regi\u00e3o Norte) e Noticias Vale Do Itajai (Vale do Itaja\u00ed, em Santa Catarina), al\u00e9m de Projeto Meu Brasil, dedicado a turismo e cultura nacional.<\/p>\n\n\n\n<p class=\"wp-block-paragraph\"><strong>Hub de Variedades &amp; Entretenimento<\/strong> \u2014 formado por Mhais, Labra, O2Multi e RevistaHomem, voltados a entretenimento, cotidiano e estilo de vida masculino.<\/p>\n\n\n\n<p class=\"wp-block-paragraph\">A proposta da Jabuticabytes \u00e9 resolver a complexidade da presen\u00e7a digital das marcas: conectar empresas a ecossistemas de conte\u00fado maduros e especializados, inserindo campanhas no cotidiano de audi\u00eancias qualificadas, unindo intelig\u00eancia de dados a um rigor editorial que gera identifica\u00e7\u00e3o, potencializa o Brand Equity e fortalece o posicionamento de longo prazo.<\/p>\n\n\n\n<h2 class=\"wp-block-heading\"><strong>Sobre a Editora Jabuticabytes<\/strong><\/h2>\n\n\n\n<p class=\"wp-block-paragraph\">A Editora Jabuticabytes \u00e9 uma media tech que une intelig\u00eancia de dados, rigor editorial e curadoria humana para conectar marcas a audi\u00eancias segmentadas e engajadas. Com um ecossistema de mais de 30 portais pr\u00f3prios em verticais como lifestyle, tecnologia, neg\u00f3cios, gastronomia e regional, a empresa entrega conte\u00fado especializado no momento de decis\u00e3o do consumidor. Mant\u00e9m pol\u00edtica editorial e documento de governan\u00e7a p\u00fablicos.<\/p>\n","protected":false},"excerpt":{"rendered":"Editora Jabuticabytes amplia rede para mais de 30 portais e aposta em audi\u00eancia segmentada, curadoria humana e brand safety.","protected":false},"author":17,"featured_media":0,"comment_status":"open","ping_status":"closed","sticky":false,"template":"","format":"standard","meta":{"_acf_changed":false,"inline_featured_image":false,"_monsterinsights_skip_tracking":false,"_monsterinsights_sitenote_active":false,"_monsterinsights_sitenote_note":"","_monsterinsights_sitenote_category":0,"footnotes":""},"categories":[132,34],"tags":[],"class_list":["post-135566","post","type-post","status-publish","format-standard","hentry","category-releases","category-releases-geral"],"acf":[],"_links":{"self":[{"href":"https:\/\/bluestudio.estadao.com.br\/agencia-de-comunicacao\/wp-json\/wp\/v2\/posts\/135566","targetHints":{"allow":["GET"]}}],"collection":[{"href":"https:\/\/bluestudio.estadao.com.br\/agencia-de-comunicacao\/wp-json\/wp\/v2\/posts"}],"about":[{"href":"https:\/\/bluestudio.estadao.com.br\/agencia-de-comunicacao\/wp-json\/wp\/v2\/types\/post"}],"author":[{"embeddable":true,"href":"https:\/\/bluestudio.estadao.com.br\/agencia-de-comunicacao\/wp-json\/wp\/v2\/users\/17"}],"replies":[{"embeddable":true,"href":"https:\/\/bluestudio.estadao.com.br\/agencia-de-comunicacao\/wp-json\/wp\/v2\/comments?post=135566"}],"version-history":[{"count":2,"href":"https:\/\/bluestudio.estadao.com.br\/agencia-de-comunicacao\/wp-json\/wp\/v2\/posts\/135566\/revisions"}],"predecessor-version":[{"id":135577,"href":"https:\/\/bluestudio.estadao.com.br\/agencia-de-comunicacao\/wp-json\/wp\/v2\/posts\/135566\/revisions\/135577"}],"wp:attachment":[{"href":"https:\/\/bluestudio.estadao.com.br\/agencia-de-comunicacao\/wp-json\/wp\/v2\/media?parent=135566"}],"wp:term":[{"taxonomy":"category","embeddable":true,"href":"https:\/\/bluestudio.estadao.com.br\/agencia-de-comunicacao\/wp-json\/wp\/v2\/categories?post=135566"},{"taxonomy":"post_tag","embeddable":true,"href":"https:\/\/bluestudio.estadao.com.br\/agencia-de-comunicacao\/wp-json\/wp\/v2\/tags?post=135566"}],"curies":[{"name":"wp","href":"https:\/\/api.w.org\/{rel}","templated":true}]}}