{"id":135485,"date":"2026-08-13T09:12:00","date_gmt":"2026-08-13T12:12:00","guid":{"rendered":"https:\/\/bluestudio.estadao.com.br\/agencia-de-comunicacao\/prnewswire\/traton-financial-services-amplia-presenca-na-america-do-sul\/"},"modified":"2026-08-13T09:12:00","modified_gmt":"2026-08-13T12:12:00","slug":"traton-financial-services-amplia-presenca-na-america-do-sul","status":"publish","type":"post","link":"https:\/\/bluestudio.estadao.com.br\/agencia-de-comunicacao\/prnewswire\/traton-financial-services-amplia-presenca-na-america-do-sul\/","title":{"rendered":"TRATON Financial Services amplia presen\u00e7a na Am\u00e9rica do Sul"},"content":{"rendered":"\n<div class=\"xn-content\">\n<ul type=\"disc\">\n<li><i>TFS Brasil refor\u00e7a solu\u00e7\u00f5es financeiras para o transporte de passageiros na Lat.Bus 2026<\/i><\/li>\n<\/ul>\n<p><span class=\"legendSpanClass\">SAO PAULO<\/span>, <span class=\"legendSpanClass\">13 de agosto de 2026<\/span> \/PRNewswire\/ &#8212; A TRATON Financial Services avan\u00e7a em sua estrat\u00e9gia de crescimento na Am\u00e9rica do Sul e anuncia a expans\u00e3o de suas opera\u00e7\u00f5es para mais quatro mercados da regi\u00e3o: Argentina, Chile, Col\u00f4mbia e Peru. Ap\u00f3s iniciar suas atividades no M\u00e9xico e no Brasil em 2025, a institui\u00e7\u00e3o fortalece sua presen\u00e7a no continente, amplia a oferta de produtos financeiros para clientes das marcas do GRUPO TRATON e refor\u00e7a sua atua\u00e7\u00e3o junto ao segmento de transporte.<\/p>\n<div class=\"PRN_ImbeddedAssetReference\" id=\"DivAssetPlaceHolder1\">\n  <img decoding=\"async\" src=\"https:\/\/mmx.prnewswire.com\/media\/MS1969221\/IMGL0156.jpg?id=OA2882052\" title=\"\" alt=\"\" \/>\n <\/p>\n<\/p><\/div>\n<p>Como parte desse movimento de expans\u00e3o e proximidade com o mercado, a TRATON Financial Services Brasil leva suas solu\u00e7\u00f5es pela primeira vez \u00e0 Lat.Bus 2026, principal feira de mobilidade urbana e transporte coletivo da Am\u00e9rica Latina. O evento representa uma oportunidade estrat\u00e9gica para estreitar o relacionamento com o mercado de transporte de passageiros e apresentar ao p\u00fablico especializado sua proposta de valor.<\/p>\n<p>Durante a feira, a TFS Brasil apresenta suas solu\u00e7\u00f5es financeiras voltadas ao segmento de transporte de passageiros, com condi\u00e7\u00f5es e modalidades desenvolvidas para apoiar a aquisi\u00e7\u00e3o e a renova\u00e7\u00e3o de frotas de \u00f4nibus em diferentes aplica\u00e7\u00f5es. Entre os produtos dispon\u00edveis, est\u00e3o o Cr\u00e9dito Direto ao Consumidor (CDC), modalidade tradicional de financiamento para chassis e carrocerias; o Finame BNDES, com linhas especializadas para as diversas opera\u00e7\u00f5es do setor; e o Refrota, programa destinado \u00e0 renova\u00e7\u00e3o da frota do transporte p\u00fablico urbano, contribuindo para a moderniza\u00e7\u00e3o e a efici\u00eancia operacional dos sistemas de mobilidade.<\/p>\n<p>Al\u00e9m das solu\u00e7\u00f5es financeiras, a institui\u00e7\u00e3o oferece atendimento especializado e consultivo, com uma equipe preparada para apoiar os clientes em todas as etapas do processo de financiamento, desde a an\u00e1lise das necessidades at\u00e9 a contrata\u00e7\u00e3o.<\/p>\n<p>&#8220;A Lat.Bus 2026 \u00e9 uma excelente oportunidade para estreitarmos o relacionamento com clientes, operadores e parceiros do setor. Estar presente neste importante encontro do transporte coletivo consolida nosso compromisso de oferecer solu\u00e7\u00f5es financeiras competitivas, atendimento especializado e suporte para o crescimento dos neg\u00f3cios de nossos clientes&#8221;, destaca Eduardo Portas, CEO da TFS Brasil.<\/p>\n<p>A estreia da TFS Brasil na Lat.Bus 2026 refor\u00e7a o compromisso da institui\u00e7\u00e3o com o desenvolvimento do transporte de passageiros e aproxima clientes, operadores e concession\u00e1rios de solu\u00e7\u00f5es alinhadas aos desafios e \u00e0s oportunidades do setor.<\/p>\n<p><b>Sobre a TRATON Financial Services <br \/><\/b>A TRATON Financial Services, fundada em 2023 como parte do GRUPO TRATON, \u00e9 uma fornecedora l\u00edder global de servi\u00e7os financeiros projetados especificamente para a ind\u00fastria de ve\u00edculos comerciais. Ao integrar os servi\u00e7os financeiros da Volkswagen Caminh\u00f5es e \u00d4nibus, Scania, MAN e International, a TRATON Financial Services dedica-se a oferecer solu\u00e7\u00f5es inovadoras e focadas no cliente que impulsionem o crescimento e a sustentabilidade de suas marcas e clientes em todo o mundo.<\/p>\n<p><a href=\"https:\/\/vwtbpress.com\/\" target=\"_blank\" rel=\"nofollow\">Volkswagen Caminh\u00f5es e \u00d4nibus &#8211; Sala de Imprensa<\/a><\/p>\n<p class=\"prntac\"><b>Um membro do GRUPO TRATON<\/b><\/p>\n<p><b>Grupo TRATON <\/b><\/p>\n<p>Com suas marcas Scania, MAN, International e Volkswagen Caminh\u00f5es e \u00d4nibus, a TRATON SE \u00e9 a controladora e holding do GRUPO TRATON e uma das principais fabricantes mundiais de ve\u00edculos comerciais. O portf\u00f3lio de produtos do Grupo inclui caminh\u00f5es, \u00f4nibus e ve\u00edculos comerciais leves. &#8220;Transformando o Transporte Juntos. Por um mundo sustent\u00e1vel.&#8221;: essa inten\u00e7\u00e3o ressalta a ambi\u00e7\u00e3o da empresa de ter um impacto duradouro e sustent\u00e1vel no neg\u00f3cio de ve\u00edculos comerciais e no crescimento comercial do Grupo.<\/p>\n<p><b>Sobre a VW Caminh\u00f5es e \u00d4nibus<\/b><\/p>\n<p>Membro do Grupo TRATON, a VW Caminh\u00f5es e \u00d4nibus \u00e9 a fabricante dos ve\u00edculos comerciais Volkswagen, uma das maiores montadoras de caminh\u00f5es e \u00f4nibus da Am\u00e9rica Latina. Desde 1981, quando iniciou suas opera\u00e7\u00f5es, chegar ao topo do mercado, respeitando e satisfazendo as necessidades dos clientes, sempre foi o foco da montadora. E \u00e9 exatamente isso que oferece a seus clientes: produtos sob medida e um excelente servi\u00e7o de p\u00f3s-vendas. A empresa tamb\u00e9m \u00e9 refer\u00eancia em inova\u00e7\u00f5es tecnol\u00f3gicas, sendo pioneira no desenvolvimento e produ\u00e7\u00e3o de um caminh\u00e3o 100% el\u00e9trico na Am\u00e9rica Latina. A empresa busca sempre solu\u00e7\u00f5es que reduzam o impacto ambiental e ajudem a preservar o meio ambiente. H\u00e1 mais de 40 anos, a fabricante mant\u00e9m seu compromisso de desenvolver ve\u00edculos que superem as exig\u00eancias dos clientes &#8211; onde quer que eles rodem, seja pelas estradas brasileiras, latino-americanas, africanas ou asi\u00e1ticas.<\/p>\n<p><b>Volkswagen Caminh\u00f5es e \u00d4nibus<\/b><br \/><b>Comunica\u00e7\u00e3o <\/b><br \/>(11) 5582-5335 \/ (24) 3381-1063<br \/><a href=\"mailto:comunicacao@volkswagen.com.br\" target=\"_blank\" rel=\"nofollow\">comunicacao@volkswagen.com.br<\/a><\/p>\n<p id=\"PURL\"><img loading=\"lazy\" decoding=\"async\" title=\"Cision\" width=\"12\" height=\"12\" alt=\"Cision\" src=\"https:\/\/edge.prnewswire.com\/c\/img\/favicon.png?sn=PT25862&amp;sd=2026-08-13\" \/> View original content to download multimedia:<a id=\"PRNURL\" rel=\"nofollow\" href=\"https:\/\/www.prnewswire.com\/br\/comunicados-para-a-imprensa\/traton-financial-services-amplia-presenca-na-america-do-sul-302850838.html\" target=\"_blank\">https:\/\/www.prnewswire.com\/br\/comunicados-para-a-imprensa\/traton-financial-services-amplia-presenca-na-america-do-sul-302850838.html<\/a><\/p>\n<p>FONTE Volkswagen Caminh\u00f5es e \u00d4nibus<\/p>\n<\/div>\n<p>  <img decoding=\"async\" alt=\"\" src=\"https:\/\/rt.prnewswire.com\/rt.gif?NewsItemId=PT25862&amp;Transmission_Id=202608130802PR_NEWS_LATAM____PT25862&amp;DateId=20260813\" style=\"border:0px;width:1px;height:1px\" \/><\/p>\n<p><strong>T\u00f3picos Relacionados:<\/strong> Transporte Rodovi\u00e1rio e de Caminh\u00f5es, Transporte \/ Caminh\u00f5es \/ Ferrovias, Servi\u00e7os Banc\u00e1rios\/Financeiros, Expans\u00e3o Corporativa<\/p>\n<p>A <b>OESP<\/b> n\u00e3o \u00e9(s\u00e3o) respons\u00e1vel(is) por erros, incorre\u00e7\u00f5es, atrasos ou quaisquer decis\u00f5es tomadas por seus clientes com base nos Conte\u00fados ora disponibilizados, bem como tais Conte\u00fados n\u00e3o representam a opini\u00e3o da <b>OESP<\/b> e s\u00e3o de inteira responsabilidade da <b>PR Newswire Ltda<\/b><\/p>\n","protected":false},"excerpt":{"rendered":"TFS Brasil refor\u00e7a solu\u00e7\u00f5es financeiras para o transporte de passageiros na Lat.Bus 2026 SAO PAULO, 13 de agosto de 2026 \/PRNewswire\/ &#8212; A TRATON Financial Services avan\u00e7a em sua estrat\u00e9gia","protected":false},"author":1,"featured_media":135486,"comment_status":"open","ping_status":"closed","sticky":false,"template":"","format":"standard","meta":{"_acf_changed":false,"inline_featured_image":false,"_monsterinsights_skip_tracking":false,"_monsterinsights_sitenote_active":false,"_monsterinsights_sitenote_note":"","_monsterinsights_sitenote_category":0,"footnotes":""},"categories":[27],"tags":[5639],"class_list":["post-135485","post","type-post","status-publish","format-standard","has-post-thumbnail","hentry","category-prnewswire","tag-um-membro-do-grupo-traton"],"acf":[],"_links":{"self":[{"href":"https:\/\/bluestudio.estadao.com.br\/agencia-de-comunicacao\/wp-json\/wp\/v2\/posts\/135485","targetHints":{"allow":["GET"]}}],"collection":[{"href":"https:\/\/bluestudio.estadao.com.br\/agencia-de-comunicacao\/wp-json\/wp\/v2\/posts"}],"about":[{"href":"https:\/\/bluestudio.estadao.com.br\/agencia-de-comunicacao\/wp-json\/wp\/v2\/types\/post"}],"author":[{"embeddable":true,"href":"https:\/\/bluestudio.estadao.com.br\/agencia-de-comunicacao\/wp-json\/wp\/v2\/users\/1"}],"replies":[{"embeddable":true,"href":"https:\/\/bluestudio.estadao.com.br\/agencia-de-comunicacao\/wp-json\/wp\/v2\/comments?post=135485"}],"version-history":[{"count":0,"href":"https:\/\/bluestudio.estadao.com.br\/agencia-de-comunicacao\/wp-json\/wp\/v2\/posts\/135485\/revisions"}],"wp:featuredmedia":[{"embeddable":true,"href":"https:\/\/bluestudio.estadao.com.br\/agencia-de-comunicacao\/wp-json\/wp\/v2\/media\/135486"}],"wp:attachment":[{"href":"https:\/\/bluestudio.estadao.com.br\/agencia-de-comunicacao\/wp-json\/wp\/v2\/media?parent=135485"}],"wp:term":[{"taxonomy":"category","embeddable":true,"href":"https:\/\/bluestudio.estadao.com.br\/agencia-de-comunicacao\/wp-json\/wp\/v2\/categories?post=135485"},{"taxonomy":"post_tag","embeddable":true,"href":"https:\/\/bluestudio.estadao.com.br\/agencia-de-comunicacao\/wp-json\/wp\/v2\/tags?post=135485"}],"curies":[{"name":"wp","href":"https:\/\/api.w.org\/{rel}","templated":true}]}}