{"id":135478,"date":"2026-08-13T08:57:00","date_gmt":"2026-08-13T11:57:00","guid":{"rendered":"https:\/\/bluestudio.estadao.com.br\/agencia-de-comunicacao\/releases\/releases-geral\/iherb-comemora-30-anos-tornando-a-saude-e-o-bem-estar-acessiveis-com-venda-global-de-aniversario\/"},"modified":"2026-08-13T08:57:00","modified_gmt":"2026-08-13T11:57:00","slug":"iherb-comemora-30-anos-tornando-a-saude-e-o-bem-estar-acessiveis-com-venda-global-de-aniversario","status":"publish","type":"post","link":"https:\/\/bluestudio.estadao.com.br\/agencia-de-comunicacao\/releases\/releases-geral\/iherb-comemora-30-anos-tornando-a-saude-e-o-bem-estar-acessiveis-com-venda-global-de-aniversario\/","title":{"rendered":"iHerb Comemora 30 Anos Tornando a Sa\u00fade e o Bem-Estar Acess\u00edveis com Venda Global de Anivers\u00e1rio"},"content":{"rendered":"<p>IRVINE, Calif\u00f3rnia, Aug.  13, 2026  (GLOBE NEWSWIRE) &#8212; A <a href=\"https:\/\/www.globenewswire.com\/Tracker?data=Ns9uGwKJcQKFCx4YicqCP2-MxdHyhPvBRBsfrV8tRX7bOkHBiullPb8X3cKqA--JLJH4Mn-W8BQ0fk9aBY9CRg==\" rel=\"nofollow\" target=\"_blank\">iHerb<\/a>, um varejista l\u00edder global de com\u00e9rcio eletr\u00f4nico de vitaminas, minerais, suplementos e outros produtos de sa\u00fade e bem-estar, anunciou hoje a comemora\u00e7\u00e3o global do seu 30\u00ba anivers\u00e1rio. A comemora\u00e7\u00e3o \u00e9 marcada pelo maior evento de vendas do ano da empresa e pela inclus\u00e3o de 10 novos idiomas na sua plataforma de compras, para um total de 46 idiomas. Essa comemora\u00e7\u00e3o ocorre em um momento quando os consumidores de todo o mundo est\u00e3o cada vez mais priorizando a sa\u00fade e o bem-estar de forma proativa, uma mudan\u00e7a que ajudou a impulsionar o crescimento da iHerb em uma plataforma que agora atende a mais de 16 milh\u00f5es de clientes em aproximadamente 180 pa\u00edses.<\/p>\n<p>H\u00e1 30 anos a iHerb vem se esfor\u00e7ando para capacitar as pessoas em todo o mundo para tornar a sa\u00fade e o bem-estar uma prioridade alcan\u00e7\u00e1vel. Esta conquista \u00e9 dos nossos clientes e membros da equipe que cresceram conosco, disse Emun Zabihi, Diretor Executivo da iHerb. Continuamos comprometidos em aprimorar a experi\u00eancia do cliente, e continuar investindo na confian\u00e7a, no acesso e na conveni\u00eancia que definem a proposta de valor da iHerb.<\/p>\n<p><strong>Venda do 30\u00ba Anivers\u00e1rio: Descontos em mais de 600 marcas<\/strong><br \/>As promo\u00e7\u00f5es de anivers\u00e1rio da iHerb come\u00e7am em 19 de agosto, antes da data oficial em setembro. O in\u00edcio antecipado est\u00e1 programado para uma das temporadas de compras mais movimentadas do ano, para que os clientes possam come\u00e7ar a economizar mais cedo nos itens essenciais para o bem-estar di\u00e1rio. Destaques dos descontos:<\/p>\n<ul type=\"disc\">\n<li style=\"margin-top:0in;margin-bottom:6pt\"><strong>Evento de Destaque do Anivers\u00e1rio <\/strong> at\u00e9 30% de desconto em mais de 600 das principais marcas, como <a href=\"https:\/\/www.iherb.com\/c\/california-gold-nutrition\" rel=\"nofollow\" target=\"_blank\">California Gold Nutrition<\/a><a href=\"https:\/\/www.iherb.com\/c\/nutricost\" rel=\"nofollow\" target=\"_blank\">Nutricost<\/a>, <a href=\"https:\/\/www.iherb.com\/c\/doctors-best\" rel=\"nofollow\" target=\"_blank\">Doctor&#8217;s Best<\/a>, <a href=\"https:\/\/www.iherb.com\/c\/swanson-vitamins\" rel=\"nofollow\" target=\"_blank\">Swanson Vitamins<\/a>, <a href=\"https:\/\/www.iherb.com\/c\/metagenics\" rel=\"nofollow\" target=\"_blank\">Metagenics<\/a>, <a href=\"https:\/\/www.iherb.com\/c\/advanced-clinicals\" rel=\"nofollow\" target=\"_blank\">Advanced Clinicals<\/a> e muito mais, nas categorias de bem-estar, nutri\u00e7\u00e3o, beleza, mercearia e fam\u00edlia.<\/li>\n<li style=\"margin-top:0in;margin-bottom:6pt\"><strong>Ofertas Rel\u00e2mpago Di\u00e1rias <\/strong> 40% a 50% de desconto em produtos selecionados, atualizados diariamente durante toda a comemora\u00e7\u00e3o.<\/li>\n<li style=\"margin-top:0in;margin-bottom:6pt\"><strong>B\u00f4nus de Recompensas<\/strong>  Recompensas adicionais em compras de U$ 80 ou mais, resgat\u00e1veis em uma compra futura.<\/li>\n<li style=\"margin-top:0in;margin-bottom:6pt\"><strong>Incentivo de Boas-Vindas<\/strong>  Novos clientes e primeiras compras de aplicativo receber\u00e3o 25% de desconto em toda a compra.<\/li>\n<li style=\"margin-top:0in;margin-bottom:12pt\"><strong>Ofertas iHerb<\/strong>  Descontos cont\u00ednuos de at\u00e9 70% em milhares de produtos, dispon\u00edveis durante todo o ano em <a href=\"https:\/\/www.iherb.com\/deals\" rel=\"nofollow\" target=\"_blank\">iherb.com\/deals<\/a>.<\/li>\n<\/ul>\n<p><strong>Expans\u00e3o do Acesso ao Bem-Estar em 10 Novos Idiomas<\/strong><br \/>Como parte do seu investimento cont\u00ednuo no atendimento a clientes em todo o mundo, a iHerb est\u00e1 expandindo o suporte da plataforma de 36 para 46 idiomas  uma das mais amplas ofertas de idiomas entre os varejistas globais de com\u00e9rcio eletr\u00f4nico.<\/p>\n<p>Cada experi\u00eancia lingu\u00edstica \u00e9 totalmente localizada, como \u00e9 naturalmente falada e escrita. Isso possibilita que clientes nas Am\u00e9ricas, Europa, Oriente M\u00e9dio e \u00c1sia pesquisem produtos, descubram solu\u00e7\u00f5es de bem-estar e fa\u00e7am compras no idioma mais familiar para eles.<\/p>\n<p><strong>Novos Idiomas<\/strong><\/p>\n<table style=\"border-collapse: collapse;width:100%;border-collapse:collapse\">\n<tr>\n<td style=\"max-width:33%;width:33%;min-width:33%;vertical-align: middle;text-align: left;padding-left: 10.0px;border-top: solid black 1pt;border-right: solid black 1pt;border-bottom: solid black 1pt;border-left: solid black 1pt;vertical-align: top\"><strong>Idioma<\/strong><\/td>\n<td style=\"max-width:34%;width:34%;min-width:34%;vertical-align: middle;text-align: left;padding-left: 10.0px;border-top: solid black 1pt;border-right: solid black 1pt;border-bottom: solid black 1pt;vertical-align: top\"><strong>End\u00f4nimo<\/strong><\/td>\n<td style=\"max-width:33%;width:33%;min-width:33%;vertical-align: middle;text-align: left;padding-left: 10.0px;border-top: solid black 1pt;border-right: solid black 1pt;border-bottom: solid black 1pt;vertical-align: top\"><strong>Translitera\u00e7\u00e3o<\/strong><\/td>\n<\/tr>\n<tr>\n<td style=\"vertical-align: middle;text-align: left;padding-left: 10.0px;border-right: solid black 1pt;border-bottom: solid black 1pt;border-left: solid black 1pt;vertical-align: top\">Espanhol da Europa<\/td>\n<td style=\"vertical-align: middle;text-align: left;padding-left: 10.0px;border-right: solid black 1pt;border-bottom: solid black 1pt;vertical-align: top\">Espa\u00f1ol (Espa\u00f1a)<\/td>\n<td style=\"vertical-align: middle;text-align: left;padding-left: 10.0px;border-right: solid black 1pt;border-bottom: solid black 1pt;vertical-align: top\">Espa\u00f1ol<\/td>\n<\/tr>\n<tr>\n<td style=\"vertical-align: middle;text-align: left;padding-left: 10.0px;border-right: solid black 1pt;border-bottom: solid black 1pt;border-left: solid black 1pt;vertical-align: top\">Portugu\u00eas da Europa<\/td>\n<td style=\"vertical-align: middle;text-align: left;padding-left: 10.0px;border-right: solid black 1pt;border-bottom: solid black 1pt;vertical-align: top\">Portugu\u00eas (Portugal)<\/td>\n<td style=\"vertical-align: middle;text-align: left;padding-left: 10.0px;border-right: solid black 1pt;border-bottom: solid black 1pt;vertical-align: top\">Portugu\u00eas<\/td>\n<\/tr>\n<tr>\n<td style=\"vertical-align: middle;text-align: left;padding-left: 10.0px;border-right: solid black 1pt;border-bottom: solid black 1pt;border-left: solid black 1pt;vertical-align: top\">Georgiano<\/td>\n<td style=\"vertical-align: middle;text-align: left;padding-left: 10.0px;border-right: solid black 1pt;border-bottom: solid black 1pt;vertical-align: top\"><\/td>\n<td style=\"vertical-align: middle;text-align: left;padding-left: 10.0px;border-right: solid black 1pt;border-bottom: solid black 1pt;vertical-align: top\">Kartuli<\/td>\n<\/tr>\n<tr>\n<td style=\"vertical-align: middle;text-align: left;padding-left: 10.0px;border-right: solid black 1pt;border-bottom: solid black 1pt;border-left: solid black 1pt;vertical-align: top\">B\u00f3snio<\/td>\n<td style=\"vertical-align: middle;text-align: left;padding-left: 10.0px;border-right: solid black 1pt;border-bottom: solid black 1pt;vertical-align: top\">Bosanski<\/td>\n<td style=\"vertical-align: middle;text-align: left;padding-left: 10.0px;border-right: solid black 1pt;border-bottom: solid black 1pt;vertical-align: top\">Bosanski<\/td>\n<\/tr>\n<tr>\n<td style=\"vertical-align: middle;text-align: left;padding-left: 10.0px;border-right: solid black 1pt;border-bottom: solid black 1pt;border-left: solid black 1pt;vertical-align: top\">Azerbaijano<\/td>\n<td style=\"vertical-align: middle;text-align: left;padding-left: 10.0px;border-right: solid black 1pt;border-bottom: solid black 1pt;vertical-align: top\">Azrbaycanca<\/td>\n<td style=\"vertical-align: middle;text-align: left;padding-left: 10.0px;border-right: solid black 1pt;border-bottom: solid black 1pt;vertical-align: top\">Azrbaycanca<\/td>\n<\/tr>\n<tr>\n<td style=\"vertical-align: middle;text-align: left;padding-left: 10.0px;border-right: solid black 1pt;border-bottom: solid black 1pt;border-left: solid black 1pt;vertical-align: top\">Kazakh<\/td>\n<td style=\"vertical-align: middle;text-align: left;padding-left: 10.0px;border-right: solid black 1pt;border-bottom: solid black 1pt;vertical-align: top\"> <\/td>\n<td style=\"vertical-align: middle;text-align: left;padding-left: 10.0px;border-right: solid black 1pt;border-bottom: solid black 1pt;vertical-align: top\">Qazaq tili<\/td>\n<\/tr>\n<tr>\n<td style=\"vertical-align: middle;text-align: left;padding-left: 10.0px;border-right: solid black 1pt;border-bottom: solid black 1pt;border-left: solid black 1pt;vertical-align: top\">Arm\u00eanio<\/td>\n<td style=\"vertical-align: middle;text-align: left;padding-left: 10.0px;border-right: solid black 1pt;border-bottom: solid black 1pt;vertical-align: top\"><\/td>\n<td style=\"vertical-align: middle;text-align: left;padding-left: 10.0px;border-right: solid black 1pt;border-bottom: solid black 1pt;vertical-align: top\">Hayeren<\/td>\n<\/tr>\n<tr>\n<td style=\"vertical-align: middle;text-align: left;padding-left: 10.0px;border-right: solid black 1pt;border-bottom: solid black 1pt;border-left: solid black 1pt;vertical-align: top\">Farsi (persa)<\/td>\n<td style=\"vertical-align: middle;text-align: left;padding-left: 10.0px;border-right: solid black 1pt;border-bottom: solid black 1pt;vertical-align: top\"><\/td>\n<td style=\"vertical-align: middle;text-align: left;padding-left: 10.0px;border-right: solid black 1pt;border-bottom: solid black 1pt;vertical-align: top\">Frs<\/td>\n<\/tr>\n<tr>\n<td style=\"vertical-align: middle;text-align: left;padding-left: 10.0px;border-right: solid black 1pt;border-bottom: solid black 1pt;border-left: solid black 1pt;vertical-align: top\">Hindi<\/td>\n<td style=\"vertical-align: middle;text-align: left;padding-left: 10.0px;border-right: solid black 1pt;border-bottom: solid black 1pt;vertical-align: top\"><\/td>\n<td style=\"vertical-align: middle;text-align: left;padding-left: 10.0px;border-right: solid black 1pt;border-bottom: solid black 1pt;vertical-align: top\">Hindi<\/td>\n<\/tr>\n<tr>\n<td style=\"vertical-align: middle;text-align: left;padding-left: 10.0px;border-right: solid black 1pt;border-bottom: solid black 1pt;border-left: solid black 1pt;vertical-align: top\">Canton\u00eas<\/td>\n<td style=\"vertical-align: middle;text-align: left;padding-left: 10.0px;border-right: solid black 1pt;border-bottom: solid black 1pt;vertical-align: top\"> \/ <\/td>\n<td style=\"vertical-align: middle;text-align: left;padding-left: 10.0px;border-right: solid black 1pt;border-bottom: solid black 1pt;vertical-align: top\">Gw\u00f3ngdngw\u00e1 \/ Yu\u00e8y<\/td>\n<\/tr>\n<\/table>\n<p>A expans\u00e3o \u00e9 um exemplo do compromisso de longa data da iHerb de reduzir as barreiras ao bem-estar e de criar uma plataforma de compras mais acess\u00edvel para os clientes, independentemente do idioma.<\/p>\n<p><strong>De Um Produto a Uma Plataforma Global de Bem-estar<\/strong><br \/>H\u00e1 trinta anos, em setembro, o fundador da iHerb vendeu seu primeiro suplemento online em um apartamento em Pasadena, Calif\u00f3rnia, refletindo uma mudan\u00e7a inicial para o com\u00e9rcio eletr\u00f4nico. A partir da\u00ed ela se tornou uma das maiores plataformas do mundo diretas de bem-estar ao consumidor. Atualmente a iHerb oferece produtos aut\u00eanticos de sa\u00fade e bem-estar a clientes em aproximadamente 180 pa\u00edses, atrav\u00e9s de uma rede log\u00edstica global de instala\u00e7\u00f5es climatizadas, compat\u00edveis com GMP e\/ou ISO, garantindo que todos os produtos cheguem com a qualidade e frescor que os clientes esperam.<\/p>\n<p><strong>Sobre a iHerb, LLC<\/strong><br \/>A iHerb \u00e9 um varejista l\u00edder global de com\u00e9rcio eletr\u00f4nico especializado em sa\u00fade e bem-estar, fornecendo produtos em nutri\u00e7\u00e3o esportiva, beleza, banho e cuidados pessoais, mercearia, cuidados com beb\u00eas e animais de estima\u00e7\u00e3o de aproximadamente 2.000 marcas. Apoiada por uma for\u00e7a de trabalho global, a iHerb atende 16 milh\u00f5es de clientes globais em aproximadamente 180 pa\u00edses e 46 idiomas. A sofisticada cadeia de fornecimento global da iHerb \u00e9 ancorada por nove centros de log\u00edstica com controle clim\u00e1tico localizados nos EUA, \u00c1sia e Oriente M\u00e9dio, oferecendo aos clientes uma experi\u00eancia de compra integral e confi\u00e1vel. Fundada em 1996 e sediada em Irvine, Calif\u00f3rnia, a iHerb tem a miss\u00e3o de tornar a sa\u00fade e o bem-estar acess\u00edveis a todos. Para mais informa\u00e7\u00f5es, visite <a href=\"https:\/\/www.globenewswire.com\/Tracker?data=dtu9N4h3r-5vkXSGguipD0bDPbfLM_1xfXxzD5CYHW7haog5fATdC9q0k4o_jcHb65DSDDyWeULMWlCXce7xbNset6VIKL_g3HmAdSCPgEM=\" rel=\"nofollow\" target=\"_blank\">corporate.iherb.com<\/a>.<\/p>\n<p> <img decoding=\"async\" alt=\"\" class=\"__GNW8366DE3E__IMG\" src=\"https:\/\/www.globenewswire.com\/newsroom\/ti?nf=OTgwOTQ4NiM3NzcyMTkwIzIyMzI2MjY=\" \/> <br \/><img decoding=\"async\" alt=\"\" src=\"https:\/\/ml.globenewswire.com\/media\/ZDI2NDdmN2MtZDFlNS00MzE3LTg1YmQtODQ0YWRiOTA0ZGUyLTEyNDQxNzktMjAyNi0wOC0xMy1wdA==\/tiny\/iHerb-Holdings-Inc-.png\" \/><\/p>\n<pre>Contato com a M\u00eddia\npress@iherb.com<\/pre>\n<p><a href=\"https:\/\/www.globenewswire.com\/NewsRoom\/AttachmentNg\/7f1e1a33-3b35-4864-bdc0-338a80685c17\"><img loading=\"lazy\" decoding=\"async\" src=\"https:\/\/ml.globenewswire.com\/media\/7f1e1a33-3b35-4864-bdc0-338a80685c17\/small\/iherb-logo-jpg.jpg\" border=\"0\" width=\"150\" height=\"64\" alt=\"Primary Logo\" \/><\/a><\/p>\n<p>A <b>OESP<\/b> nao e(sao) responsavel(is) por erros, incorrecoes, atrasos ou quaisquer decisoes tomadas por seus clientes com base nos Conteudos ora disponibilizados, bem como tais Conteudos nao representam a opiniao da <b>OESP<\/b> e sao de inteira responsabilidade da <b>GlobeNewswire<\/b><\/p>\n","protected":false},"excerpt":{"rendered":"IRVINE, Calif\u00f3rnia, Aug.  13, 2026  (GLOBE NEWSWIRE) &#8212; A iHerb, um varejista l\u00edder global de com\u00e9rcio eletr\u00f4nico de vitaminas, minerais, suplementos e outros produtos de s","protected":false},"author":1,"featured_media":0,"comment_status":"open","ping_status":"closed","sticky":false,"template":"","format":"standard","meta":{"_acf_changed":false,"inline_featured_image":false,"_monsterinsights_skip_tracking":false,"_monsterinsights_sitenote_active":false,"_monsterinsights_sitenote_note":"","_monsterinsights_sitenote_category":0,"footnotes":""},"categories":[34],"tags":[],"class_list":["post-135478","post","type-post","status-publish","format-standard","hentry","category-releases-geral"],"acf":[],"_links":{"self":[{"href":"https:\/\/bluestudio.estadao.com.br\/agencia-de-comunicacao\/wp-json\/wp\/v2\/posts\/135478","targetHints":{"allow":["GET"]}}],"collection":[{"href":"https:\/\/bluestudio.estadao.com.br\/agencia-de-comunicacao\/wp-json\/wp\/v2\/posts"}],"about":[{"href":"https:\/\/bluestudio.estadao.com.br\/agencia-de-comunicacao\/wp-json\/wp\/v2\/types\/post"}],"author":[{"embeddable":true,"href":"https:\/\/bluestudio.estadao.com.br\/agencia-de-comunicacao\/wp-json\/wp\/v2\/users\/1"}],"replies":[{"embeddable":true,"href":"https:\/\/bluestudio.estadao.com.br\/agencia-de-comunicacao\/wp-json\/wp\/v2\/comments?post=135478"}],"version-history":[{"count":0,"href":"https:\/\/bluestudio.estadao.com.br\/agencia-de-comunicacao\/wp-json\/wp\/v2\/posts\/135478\/revisions"}],"wp:attachment":[{"href":"https:\/\/bluestudio.estadao.com.br\/agencia-de-comunicacao\/wp-json\/wp\/v2\/media?parent=135478"}],"wp:term":[{"taxonomy":"category","embeddable":true,"href":"https:\/\/bluestudio.estadao.com.br\/agencia-de-comunicacao\/wp-json\/wp\/v2\/categories?post=135478"},{"taxonomy":"post_tag","embeddable":true,"href":"https:\/\/bluestudio.estadao.com.br\/agencia-de-comunicacao\/wp-json\/wp\/v2\/tags?post=135478"}],"curies":[{"name":"wp","href":"https:\/\/api.w.org\/{rel}","templated":true}]}}