{"id":134833,"date":"2026-08-04T19:57:00","date_gmt":"2026-08-04T22:57:00","guid":{"rendered":"https:\/\/bluestudio.estadao.com.br\/agencia-de-comunicacao\/prnewswire\/gerdau-s-a-informacoes-consolidadas-22\/"},"modified":"2026-08-04T19:57:00","modified_gmt":"2026-08-04T22:57:00","slug":"gerdau-s-a-informacoes-consolidadas-22","status":"publish","type":"post","link":"https:\/\/bluestudio.estadao.com.br\/agencia-de-comunicacao\/prnewswire\/gerdau-s-a-informacoes-consolidadas-22\/","title":{"rendered":"GERDAU S.A. &#8211; INFORMA\u00c7\u00d5ES CONSOLIDADAS"},"content":{"rendered":"\n<div class=\"xn-content\">\n<span class=\"legendSpanClass\">S\u00c3O PAULO<\/span>, <span class=\"legendSpanClass\">4 de agosto de 2026<\/span> \/PRNewswire\/ &#8212; <b>Destaques do 2\u00ba trimestre de 2026:<\/b><\/p>\n<ul type=\"disc\">\n<li><b>EBITDA Ajustado<\/b> (lucro antes de juros, impostos, deprecia\u00e7\u00f5es e amortiza\u00e7\u00f5es) de R$ 3,4 bilh\u00f5es no 2T26, 16% superior ao 1T26, com <b>crescimento sequencial em todos os segmentos report\u00e1veis<\/b> da Companhia. Destaque para o EBITDA da Am\u00e9rica do Norte, que representou <b>74% do EBITDA Consolidado<\/b> da Companhia no segundo trimestre de 2026.\n<\/li>\n<li><b>Lucro l\u00edquido ajustado de R$ 1,5 bilh\u00e3o no 2T26<\/b>, 45% e 70% superior ao 1T26 e 2T25, respectivamente, em fun\u00e7\u00e3o das din\u00e2micas dos resultados operacionais e financeiros da Companhia.\n<\/li>\n<li><b>Investimentos (CAPEX)<\/b> de R$ 1,0 bilh\u00e3o no 2T26, atingindo, no acumulado de 6M26, 45% do <i>guidance<\/i> de R$ 4,7 bilh\u00f5es para 2026.\n<\/li>\n<li><b>Retorno aos acionistas: <\/b>a Companhia aprovou a<b> distribui\u00e7\u00e3o de dividendos de R$ 0,23 por a\u00e7\u00e3o<\/b>, totalizando R$ 451,3 milh\u00f5es, a serem pagos em 11 de setembro de 2026. Al\u00e9m disso, avan\u00e7ou com o <b>Programa de Recompra 2026<\/b>, com aquisi\u00e7\u00e3o 31% das a\u00e7\u00f5es autorizadas na Gerdau S.A.\n<\/li>\n<li><b>Gerdau avan\u00e7ou na aquisi\u00e7\u00e3o na Dona Francisca Energ\u00e9tica (DFESA),<\/b> com acordos que podem resultar em 100% de controle do ativo e elevar a autoprodu\u00e7\u00e3o para<b> mais de 50% do consumo de energia da Companhia no Brasil.<\/b><\/li>\n<\/ul>\n<p><b>Informa\u00e7\u00f5es adicionais<\/b><\/p>\n<p>A Gerdau S.A. comunica que est\u00e1 arquivando hoje o documento contendo os Resultados do 2T26 na <i>Securities and Exchange Commission<\/i> (SEC) e na Comiss\u00e3o de Valores Mobili\u00e1rios (CVM) e se encontra dispon\u00edvel em nosso site. Para acessar o referido documento clique em: <a href=\"https:\/\/ri.gerdau.com\/divulgacao-e-resultados\/central-de-resultados\/\" target=\"_blank\" rel=\"nofollow\">https:\/\/ri.gerdau.com\/divulgacao-e-resultados\/central-de-resultados\/<\/a>.<\/p>\n<p>O Guia de Modelagem referente ao 2T26 tamb\u00e9m se encontra dispon\u00edvel no site da Gerdau. <a href=\"https:\/\/ri.gerdau.com\/informacoes-financeiras\/guia-de-modelagem\/\" target=\"_blank\" rel=\"nofollow\">https:\/\/ri.gerdau.com\/informacoes-financeiras\/guia-de-modelagem\/<\/a><\/p>\n<\/p>\n<p id=\"PURL\"><img loading=\"lazy\" decoding=\"async\" title=\"Cision\" width=\"12\" height=\"12\" alt=\"Cision\" src=\"https:\/\/edge.prnewswire.com\/c\/img\/favicon.png?sn=PT19466&amp;sd=2026-08-04\" \/> View original content:<a id=\"PRNURL\" rel=\"nofollow\" href=\"https:\/\/www.prnewswire.com\/br\/comunicados-para-a-imprensa\/gerdau-sa--informacoes-consolidadas-302843059.html\" target=\"_blank\">https:\/\/www.prnewswire.com\/br\/comunicados-para-a-imprensa\/gerdau-sa&#8211;informacoes-consolidadas-302843059.html<\/a><\/p>\n<p>FONTE Gerdau S.A.<\/p>\n<\/div>\n<p>  <img decoding=\"async\" alt=\"\" src=\"https:\/\/rt.prnewswire.com\/rt.gif?NewsItemId=PT19466&amp;Transmission_Id=202608041853PR_NEWS_LATAM____PT19466&amp;DateId=20260804\" style=\"border:0px;width:1px;height:1px\" \/><\/p>\n<p><strong>T\u00f3picos Relacionados:<\/strong> Ganhos, Dividendos, Minera\u00e7\u00e3o\/Metais<\/p>\n<p>A <b>OESP<\/b> n\u00e3o \u00e9(s\u00e3o) respons\u00e1vel(is) por erros, incorre\u00e7\u00f5es, atrasos ou quaisquer decis\u00f5es tomadas por seus clientes com base nos Conte\u00fados ora disponibilizados, bem como tais Conte\u00fados n\u00e3o representam a opini\u00e3o da <b>OESP<\/b> e s\u00e3o de inteira responsabilidade da <b>PR Newswire Ltda<\/b><\/p>\n","protected":false},"excerpt":{"rendered":"S\u00c3O PAULO, 4 de agosto de 2026 \/PRNewswire\/ &#8212; Destaques do 2\u00ba trimestre de 2026: EBITDA Ajustado (lucro antes de juros, impostos, deprecia\u00e7\u00f5es e amortiza\u00e7\u00f5es) de R$ 3,4 bilh\u00f5es no 2T26,","protected":false},"author":1,"featured_media":134834,"comment_status":"open","ping_status":"closed","sticky":false,"template":"","format":"standard","meta":{"_acf_changed":false,"inline_featured_image":false,"_monsterinsights_skip_tracking":false,"_monsterinsights_sitenote_active":false,"_monsterinsights_sitenote_note":"","_monsterinsights_sitenote_category":0,"footnotes":""},"categories":[27],"tags":[12009,12008,9124,12007,3934],"class_list":["post-134833","post","type-post","status-publish","format-standard","has-post-thumbnail","hentry","category-prnewswire","tag-16-superior-ao-1t26","tag-4-bilhoes-no-2t26","tag-depreciacoes-e-amortizacoes-de-r-3","tag-destaques-do-2o-trimestre-de-2026ebitda-ajustado-lucro-antes-de-juros","tag-impostos"],"acf":[],"_links":{"self":[{"href":"https:\/\/bluestudio.estadao.com.br\/agencia-de-comunicacao\/wp-json\/wp\/v2\/posts\/134833","targetHints":{"allow":["GET"]}}],"collection":[{"href":"https:\/\/bluestudio.estadao.com.br\/agencia-de-comunicacao\/wp-json\/wp\/v2\/posts"}],"about":[{"href":"https:\/\/bluestudio.estadao.com.br\/agencia-de-comunicacao\/wp-json\/wp\/v2\/types\/post"}],"author":[{"embeddable":true,"href":"https:\/\/bluestudio.estadao.com.br\/agencia-de-comunicacao\/wp-json\/wp\/v2\/users\/1"}],"replies":[{"embeddable":true,"href":"https:\/\/bluestudio.estadao.com.br\/agencia-de-comunicacao\/wp-json\/wp\/v2\/comments?post=134833"}],"version-history":[{"count":0,"href":"https:\/\/bluestudio.estadao.com.br\/agencia-de-comunicacao\/wp-json\/wp\/v2\/posts\/134833\/revisions"}],"wp:featuredmedia":[{"embeddable":true,"href":"https:\/\/bluestudio.estadao.com.br\/agencia-de-comunicacao\/wp-json\/wp\/v2\/media\/134834"}],"wp:attachment":[{"href":"https:\/\/bluestudio.estadao.com.br\/agencia-de-comunicacao\/wp-json\/wp\/v2\/media?parent=134833"}],"wp:term":[{"taxonomy":"category","embeddable":true,"href":"https:\/\/bluestudio.estadao.com.br\/agencia-de-comunicacao\/wp-json\/wp\/v2\/categories?post=134833"},{"taxonomy":"post_tag","embeddable":true,"href":"https:\/\/bluestudio.estadao.com.br\/agencia-de-comunicacao\/wp-json\/wp\/v2\/tags?post=134833"}],"curies":[{"name":"wp","href":"https:\/\/api.w.org\/{rel}","templated":true}]}}