{"id":134569,"date":"2026-07-31T15:12:00","date_gmt":"2026-07-31T18:12:00","guid":{"rendered":"https:\/\/bluestudio.estadao.com.br\/agencia-de-comunicacao\/prnewswire\/cctv-horario-de-pequim-um-dia-no-compasso-de-pequim\/"},"modified":"2026-07-31T15:12:00","modified_gmt":"2026-07-31T18:12:00","slug":"cctv-horario-de-pequim-um-dia-no-compasso-de-pequim","status":"publish","type":"post","link":"https:\/\/bluestudio.estadao.com.br\/agencia-de-comunicacao\/prnewswire\/cctv-horario-de-pequim-um-dia-no-compasso-de-pequim\/","title":{"rendered":"CCTV+: Hor\u00e1rio de Pequim: um dia no compasso de Pequim"},"content":{"rendered":"\n<div class=\"xn-content\">\n<span class=\"legendSpanClass\">PEQUIM<\/span>, <span class=\"legendSpanClass\">31 de julho de 2026<\/span> \/PRNewswire\/ &#8212; Qual \u00e9 a verdadeira sensa\u00e7\u00e3o de vivenciar o &#8220;Hor\u00e1rio de Pequim&#8221;?<\/p>\n<div id=\"prni_dvprnevidea40left\" dir=\"ltr\" style=\"width: 100%;text-align: left\" title=\" \"><\/div>\n<p>Dos tambores matinais na Torre do Tambor \u00e0s lojas escondidas nos antigos hutongs, de um caf\u00e9 da manh\u00e3 cl\u00e1ssico de Pequim \u00e0 vibrante atmosfera do Templo Longfu e \u00e0s sess\u00f5es de cinema ao ar livre depois do anoitecer &#8212; desacelere e descubra como Pequim transforma a hist\u00f3ria em parte da vida cotidiana.<\/p>\n<p>V\u00eddeo &#8211; <a href=\"https:\/\/mma.prnewswire.com\/media\/3008441\/7_31.mp4\" target=\"_blank\" rel=\"nofollow\">https:\/\/mma.prnewswire.com\/media\/3008441\/7_31.mp4<\/a><\/p>\n<\/p>\n<p id=\"PURL\"><img loading=\"lazy\" decoding=\"async\" title=\"Cision\" width=\"12\" height=\"12\" alt=\"Cision\" src=\"https:\/\/edge.prnewswire.com\/c\/img\/favicon.png?sn=PT16546&amp;sd=2026-07-31\" \/> View original content:<a id=\"PRNURL\" rel=\"nofollow\" href=\"https:\/\/www.prnewswire.com\/br\/comunicados-para-a-imprensa\/cctv-horario-de-pequim-um-dia-no-compasso-de-pequim-302840258.html\" target=\"_blank\">https:\/\/www.prnewswire.com\/br\/comunicados-para-a-imprensa\/cctv-horario-de-pequim-um-dia-no-compasso-de-pequim-302840258.html<\/a><\/p>\n<p>FONTE CCTV+<\/p>\n<\/div>\n<p>  <img decoding=\"async\" alt=\"\" src=\"https:\/\/rt.prnewswire.com\/rt.gif?NewsItemId=PT16546&amp;Transmission_Id=202607311403PR_NEWS_LATAM____PT16546&amp;DateId=20260731\" style=\"border:0px;width:1px;height:1px\" \/><\/p>\n<p><strong>T\u00f3picos Relacionados:<\/strong> Tecnologia de Transmiss\u00e3o, Arte, Cultura e Design, Publica\u00e7\u00e3o \/ Servi\u00e7os de Informa\u00e7\u00e3o, Computador\/Eletr\u00f4nica, Entretenimento<\/p>\n<p>A <b>OESP<\/b> n\u00e3o \u00e9(s\u00e3o) respons\u00e1vel(is) por erros, incorre\u00e7\u00f5es, atrasos ou quaisquer decis\u00f5es tomadas por seus clientes com base nos Conte\u00fados ora disponibilizados, bem como tais Conte\u00fados n\u00e3o representam a opini\u00e3o da <b>OESP<\/b> e s\u00e3o de inteira responsabilidade da <b>PR Newswire Ltda<\/b><\/p>\n","protected":false},"excerpt":{"rendered":"PEQUIM, 31 de julho de 2026 \/PRNewswire\/ &#8212; Qual \u00e9 a verdadeira sensa\u00e7\u00e3o de vivenciar o &#8220;Hor\u00e1rio de Pequim&#8221;? Dos tambores matinais na Torre do Tambor \u00e0s lojas escondidas nos","protected":false},"author":1,"featured_media":134570,"comment_status":"open","ping_status":"closed","sticky":false,"template":"","format":"standard","meta":{"_acf_changed":false,"inline_featured_image":false,"_monsterinsights_skip_tracking":false,"_monsterinsights_sitenote_active":false,"_monsterinsights_sitenote_note":"","_monsterinsights_sitenote_category":0,"footnotes":""},"categories":[27],"tags":[11933,11932],"class_list":["post-134569","post","type-post","status-publish","format-standard","has-post-thumbnail","hentry","category-prnewswire","tag-de-um-cafe-da-manha-classico","tag-qual-e-a-verdadeira-sensacao-de-vivenciar-o-horario-de-pequim-dos-tambores-matinais-na-torre-do-tambor-as-lojas-escondidas-nos-antigos-hutongs"],"acf":[],"_links":{"self":[{"href":"https:\/\/bluestudio.estadao.com.br\/agencia-de-comunicacao\/wp-json\/wp\/v2\/posts\/134569","targetHints":{"allow":["GET"]}}],"collection":[{"href":"https:\/\/bluestudio.estadao.com.br\/agencia-de-comunicacao\/wp-json\/wp\/v2\/posts"}],"about":[{"href":"https:\/\/bluestudio.estadao.com.br\/agencia-de-comunicacao\/wp-json\/wp\/v2\/types\/post"}],"author":[{"embeddable":true,"href":"https:\/\/bluestudio.estadao.com.br\/agencia-de-comunicacao\/wp-json\/wp\/v2\/users\/1"}],"replies":[{"embeddable":true,"href":"https:\/\/bluestudio.estadao.com.br\/agencia-de-comunicacao\/wp-json\/wp\/v2\/comments?post=134569"}],"version-history":[{"count":0,"href":"https:\/\/bluestudio.estadao.com.br\/agencia-de-comunicacao\/wp-json\/wp\/v2\/posts\/134569\/revisions"}],"wp:featuredmedia":[{"embeddable":true,"href":"https:\/\/bluestudio.estadao.com.br\/agencia-de-comunicacao\/wp-json\/wp\/v2\/media\/134570"}],"wp:attachment":[{"href":"https:\/\/bluestudio.estadao.com.br\/agencia-de-comunicacao\/wp-json\/wp\/v2\/media?parent=134569"}],"wp:term":[{"taxonomy":"category","embeddable":true,"href":"https:\/\/bluestudio.estadao.com.br\/agencia-de-comunicacao\/wp-json\/wp\/v2\/categories?post=134569"},{"taxonomy":"post_tag","embeddable":true,"href":"https:\/\/bluestudio.estadao.com.br\/agencia-de-comunicacao\/wp-json\/wp\/v2\/tags?post=134569"}],"curies":[{"name":"wp","href":"https:\/\/api.w.org\/{rel}","templated":true}]}}