{"id":13432,"date":"2020-10-26T17:58:00","date_gmt":"2020-10-26T17:58:00","guid":{"rendered":"http:\/\/patrocinados.estadao.com.br\/medialab\/prnewswire\/prnewsinternacional\/pr-newswire-internacional-covid-19-faz-o-brasil-ter-maior-taxa-de-desemprego-dos-ultimos-30-anos\/"},"modified":"2020-10-26T17:58:00","modified_gmt":"2020-10-26T17:58:00","slug":"pr-newswire-internacional-covid-19-faz-o-brasil-ter-maior-taxa-de-desemprego-dos-ultimos-30-anos","status":"publish","type":"post","link":"https:\/\/bluestudio.estadao.com.br\/agencia-de-comunicacao\/prnewswire\/prnewsinternacional\/pr-newswire-internacional-covid-19-faz-o-brasil-ter-maior-taxa-de-desemprego-dos-ultimos-30-anos\/","title":{"rendered":"PR NEWSWIRE &#8211; INTERNACIONAL :: Covid-19 faz o Brasil ter maior taxa de desemprego dos \u00faltimos 30 anos"},"content":{"rendered":"<div class=\"xn-newslines\">\n<h1 class=\"xn-hedline\">Covid-19 faz o Brasil ter maior taxa de desemprego dos \u00faltimos 30 anos<\/h1>\n<h2 class=\"xn-hedline\">N\u00famero de desempregados foi de 10,1 milh\u00f5es em maio a 12,9 milh\u00f5es em agosto<\/h2>\n<p class=\"xn-distributor\">PR Newswire<\/p>\n<p class=\"xn-dateline\">RIO DE JANEIRO, Brasil, 26 de outubro de 2020<\/p>\n<\/div>\n<div class=\"xn-content\">\n<span class=\"xn-location\">RIO DE JANEIRO<\/span>, Brasil, 26 de outubro de 2020 \/PRNewswire\/ &#8212; Somente nos \u00faltimos quatro meses de pandemia a taxa de desemprego aumentou 27,6% atingindo seu maior patamar em agosto, da s\u00e9rie hist\u00f3rica da Pesquisa Nacional por Amostra de Domic\u00edlios (Pnad) Covid-19, iniciada em maio desse ano.<\/p>\n<p>Para entender o crescente n\u00famero deve mos considerar que no in\u00edcio de maio, todo mundo estava afastado, em distanciamento social, e as pessoas n\u00e3o puderam se empenhar numa forte procura por emprego. O mercado de trabalho estava congelado para ver como as coisas iriam se desenrolar. As empresas foram obrigadas a se manter fechadas e n\u00e3o tinha sequer local onde essas pessoas pudessem trabalhar. <\/p>\n<p>Ent\u00e3o, \u00e0 medida que o per\u00edodo de distanciamento social se estendeu muitas empresas n\u00e3o conseguiram manter funcion\u00e1rios em seus postos e passaram a fazer acordos de desligamento. Al\u00e9m disso, a grande parcela da popula\u00e7\u00e3o que se ocupava com empregos informais, perdeu completamente seu espa\u00e7o durante esse per\u00edodo.\u00a0 Assim, taxa de desocupados, que era de 10,5% no in\u00edcio de maio, sofreu um crescimento progressivo que explica a alta, tanto das varia\u00e7\u00f5es negativas da popula\u00e7\u00e3o ocupada quanto ao aumento de pessoas que passaram a buscar trabalho.<\/p>\n<p>De acordo com a \u00faltima estimativa divulgada pelo\u00a0Instituto Brasileiro de Geografia e Estat\u00edstica (IBGE), o contingente de desempregados em busca de uma oportunidade\u00a0no mercado de trabalho chega a 12,9 milh\u00f5es. Todavia, o IBGE considera que houve estabilidade do indicador e atribui o crescimento da popula\u00e7\u00e3o desocupada \u00e0 retomada da busca por emprego diante da crescente retomada das atividades econ\u00f4micas pelo pa\u00eds.<\/p>\n<p>Com o afrouxamento do isolamento social, e o retorno das atividades, ainda que com restri\u00e7\u00f5es, o empres\u00e1rio <span class=\"xn-person\">Wilson Borges Pereira IV<\/span> v\u00ea o cen\u00e1rio com positivismo. &#8220;Apesar de a crise estar longe de acabar, j\u00e1 h\u00e1 uma esperan\u00e7a no ar de que ainda possamos recuperar um pouco das perdas deste ano. Os n\u00fameros da produ\u00e7\u00e3o e do emprego come\u00e7aram a mostrar sinais positivos, e a previs\u00e3o \u00e9 de aquecimento na economia, o que vai gerar mais empregos produtivos e at\u00e9 mesmo a realoca\u00e7\u00e3o daqueles que perderam suas posi\u00e7\u00f5es&#8221;.<\/p>\n<p>Fonte: <span class=\"xn-person\">Wilson Borges Pereira IV<\/span><\/p>\n<p>FONTE  Wilson Borges Pereira IV<\/p>\n<\/div>\n<p><img decoding=\"async\" alt=\"\" src=\"https:\/\/rt.prnewswire.com\/rt.gif?NewsItemId=PT71058&amp;Transmission_Id=202010261653PR_NEWS_LATAM____PT71058&amp;DateId=20201026\" \/><\/p>\n<p>PR NEWSWIRE<\/p>\n","protected":false},"excerpt":{"rendered":"Covid-19 faz o Brasil ter maior taxa de desemprego dos \u00faltimos 30 anos N\u00famero de desempregados foi de 10,1 milh\u00f5es em maio a 12,9 milh\u00f5es em agosto PR Newswire RIO DE JANEIRO, Brasil, 26 de","protected":false},"author":1,"featured_media":0,"comment_status":"closed","ping_status":"closed","sticky":false,"template":"","format":"standard","meta":{"_acf_changed":false,"inline_featured_image":false,"_monsterinsights_skip_tracking":false,"_monsterinsights_sitenote_active":false,"_monsterinsights_sitenote_note":"","_monsterinsights_sitenote_category":0,"footnotes":""},"categories":[31],"tags":[],"class_list":["post-13432","post","type-post","status-publish","format-standard","hentry","category-prnewsinternacional"],"acf":[],"_links":{"self":[{"href":"https:\/\/bluestudio.estadao.com.br\/agencia-de-comunicacao\/wp-json\/wp\/v2\/posts\/13432","targetHints":{"allow":["GET"]}}],"collection":[{"href":"https:\/\/bluestudio.estadao.com.br\/agencia-de-comunicacao\/wp-json\/wp\/v2\/posts"}],"about":[{"href":"https:\/\/bluestudio.estadao.com.br\/agencia-de-comunicacao\/wp-json\/wp\/v2\/types\/post"}],"author":[{"embeddable":true,"href":"https:\/\/bluestudio.estadao.com.br\/agencia-de-comunicacao\/wp-json\/wp\/v2\/users\/1"}],"replies":[{"embeddable":true,"href":"https:\/\/bluestudio.estadao.com.br\/agencia-de-comunicacao\/wp-json\/wp\/v2\/comments?post=13432"}],"version-history":[{"count":0,"href":"https:\/\/bluestudio.estadao.com.br\/agencia-de-comunicacao\/wp-json\/wp\/v2\/posts\/13432\/revisions"}],"wp:attachment":[{"href":"https:\/\/bluestudio.estadao.com.br\/agencia-de-comunicacao\/wp-json\/wp\/v2\/media?parent=13432"}],"wp:term":[{"taxonomy":"category","embeddable":true,"href":"https:\/\/bluestudio.estadao.com.br\/agencia-de-comunicacao\/wp-json\/wp\/v2\/categories?post=13432"},{"taxonomy":"post_tag","embeddable":true,"href":"https:\/\/bluestudio.estadao.com.br\/agencia-de-comunicacao\/wp-json\/wp\/v2\/tags?post=13432"}],"curies":[{"name":"wp","href":"https:\/\/api.w.org\/{rel}","templated":true}]}}