{"id":134231,"date":"2026-07-28T09:12:00","date_gmt":"2026-07-28T12:12:00","guid":{"rendered":"https:\/\/bluestudio.estadao.com.br\/agencia-de-comunicacao\/prnewswire\/quaker-aposta-em-calendario-de-21-dias-feito-de-aveia-para-incentivar-novos-habitos\/"},"modified":"2026-07-28T09:12:00","modified_gmt":"2026-07-28T12:12:00","slug":"quaker-aposta-em-calendario-de-21-dias-feito-de-aveia-para-incentivar-novos-habitos","status":"publish","type":"post","link":"https:\/\/bluestudio.estadao.com.br\/agencia-de-comunicacao\/prnewswire\/quaker-aposta-em-calendario-de-21-dias-feito-de-aveia-para-incentivar-novos-habitos\/","title":{"rendered":"QUAKER\u00ae aposta em calend\u00e1rio de 21 dias feito de aveia para incentivar novos h\u00e1bitos"},"content":{"rendered":"\n<div class=\"xn-content\">\n<p class=\"prntac\"><i>Campanha &#8220;Comece o Dia com um Q a Mais&#8221; convida o p\u00fablico a incluir aveia QUAKER\u00ae no caf\u00e9 da manh\u00e3<\/i><\/p>\n<div class=\"PRN_ImbeddedAssetReference\" id=\"DivAssetPlaceHolder8758\">\n<img decoding=\"async\" src=\"https:\/\/mmx.prnewswire.com\/media\/MS1959469\/Picture1-PepsiCo.jpg?id=OA2796715\" title=\"\" alt=\"\" \/><\/p>\n<\/div>\n<p><span class=\"legendSpanClass\">S\u00c3O PAULO<\/span>, <span class=\"legendSpanClass\">28 de julho de 2026<\/span> \/PRNewswire\/ &#8212; Em um momento em que os brasileiros buscam cada vez mais saudabilidade, QUAKER\u00ae, marca de aveia n\u00ba 1 do mundo*, apresenta um calend\u00e1rio de 21 dias com p\u00e1ginas feitas com o pr\u00f3prio gr\u00e3o. Criada como uma edi\u00e7\u00e3o exclusiva para embaixadores, a a\u00e7\u00e3o \u00e9 a principal iniciativa da nova campanha &#8220;Comece o Dia com um Q a Mais&#8221;, desenvolvida para destacar os benef\u00edcios da aveia e incentivar o consumo no caf\u00e9 da manh\u00e3.<\/p>\n<p>A escolha dos 21 dias foi pautada na ci\u00eancia por tr\u00e1s da forma\u00e7\u00e3o de h\u00e1bitos. Pela repeti\u00e7\u00e3o, o c\u00e9rebro cria atalhos mentais e reduz o esfor\u00e7o consciente. Assim, a marca transformou o calend\u00e1rio em um elemento l\u00fadico para materializar essa jornada de mudan\u00e7a.<\/p>\n<p>O material foi desenvolvido para ir al\u00e9m de um item gr\u00e1fico. A produtora Magic Lab testou aveia QUAKER\u00ae e \u00e1gua, assando as &#8220;p\u00e1ginas&#8221; para garantir consist\u00eancia e formato exatos. Quando destacadas, elas servem de base para diferentes receitas no caf\u00e9 da manh\u00e3.<\/p>\n<p>&#8220;<i>Desde sua origem, QUAKER\u00ae inspira o p\u00fablico a &#8216;mudar sua vida por dentro&#8217; por meio da alimenta\u00e7\u00e3o. O calend\u00e1rio ganha vida ao estimular nossos embaixadores a trazerem a aveia para o caf\u00e9 da manh\u00e3 de forma din\u00e2mica e l\u00fadica &#8212; um movimento que convida tamb\u00e9m seus seguidores a come\u00e7arem o dia com um Q a mais.&#8221;<\/i>, destaca Simone Sim\u00f5es, Diretora S\u00eanior de Marketing da PepsiCo Brasil Alimentos.<\/p>\n<p>Criada pela Bakery by Ampfy, do ecossistema Biosphera.ntwk, a campanha acompanha transforma\u00e7\u00f5es do mercado. Dados da WGSN mostram que 91% dos brasileiros buscam estilo de vida mais saud\u00e1vel, impulsionando a categoria de aveia, reconhecida por fornecer energia, fibras e ajudar na redu\u00e7\u00e3o do colesterol.<\/p>\n<p>Entre os embaixadores est\u00e3o Otaviano Costa, Betto Auge, Bruna Ianhez e outros nomes do universo da sa\u00fade. A a\u00e7\u00e3o inclui parceria estrat\u00e9gica com o Steal The Look, que traduzir\u00e1 o desafio na reda\u00e7\u00e3o por meio de editoriais e vlogs nas redes sociais. Para apoiar o p\u00fablico na pr\u00e1tica, a marca disponibiliza um BOT no WhatsApp com receitas e card\u00e1pio semanal, acess\u00edvel pelas embalagens e redes sociais da marca.<\/p>\n<p>*Fonte: Euromonitor International Limited, Staple Foods 2025 edi\u00e7\u00e3o, para defini\u00e7\u00e3o de cereais quentes, valores de venda no varejo; rsp, todos os canais do varejo, 2024 data.<\/p>\n<div class=\"PRN_ImbeddedAssetReference\" id=\"DivAssetPlaceHolder0\"><\/div>\n<p id=\"PURL\"><img loading=\"lazy\" decoding=\"async\" title=\"Cision\" width=\"12\" height=\"12\" alt=\"Cision\" src=\"https:\/\/edge.prnewswire.com\/c\/img\/favicon.png?sn=PT13227&amp;sd=2026-07-28\" \/> View original content to download multimedia:<a id=\"PRNURL\" rel=\"nofollow\" href=\"https:\/\/www.prnewswire.com\/br\/comunicados-para-a-imprensa\/quaker-aposta-em-calendario-de-21-dias-feito-de-aveia-para-incentivar-novos-habitos-302835724.html\" target=\"_blank\">https:\/\/www.prnewswire.com\/br\/comunicados-para-a-imprensa\/quaker-aposta-em-calendario-de-21-dias-feito-de-aveia-para-incentivar-novos-habitos-302835724.html<\/a><\/p>\n<p>FONTE QUAKER<\/p>\n<\/div>\n<p>  <img decoding=\"async\" alt=\"\" src=\"https:\/\/rt.prnewswire.com\/rt.gif?NewsItemId=PT13227&amp;Transmission_Id=202607280800PR_NEWS_LATAM____PT13227&amp;DateId=20260728\" style=\"border:0px;width:1px;height:1px\" \/><\/p>\n<p><strong>T\u00f3picos Relacionados:<\/strong> Novos Produtos\/Servi\u00e7os, Fitness \/ Bem-estar, Alimentos, Publicidade<\/p>\n<p>A <b>OESP<\/b> n\u00e3o \u00e9(s\u00e3o) respons\u00e1vel(is) por erros, incorre\u00e7\u00f5es, atrasos ou quaisquer decis\u00f5es tomadas por seus clientes com base nos Conte\u00fados ora disponibilizados, bem como tais Conte\u00fados n\u00e3o representam a opini\u00e3o da <b>OESP<\/b> e s\u00e3o de inteira responsabilidade da <b>PR Newswire Ltda<\/b><\/p>\n","protected":false},"excerpt":{"rendered":"Campanha &#8220;Comece o Dia com um Q a Mais&#8221; convida o p\u00fablico a incluir aveia QUAKER\u00ae no caf\u00e9 da manh\u00e3 S\u00c3O PAULO, 28 de julho de 2026 \/PRNewswire\/ &#8212; Em um momento em que os","protected":false},"author":1,"featured_media":134232,"comment_status":"open","ping_status":"closed","sticky":false,"template":"","format":"standard","meta":{"_acf_changed":false,"inline_featured_image":false,"_monsterinsights_skip_tracking":false,"_monsterinsights_sitenote_active":false,"_monsterinsights_sitenote_note":"","_monsterinsights_sitenote_category":0,"footnotes":""},"categories":[27],"tags":[11842],"class_list":["post-134231","post","type-post","status-publish","format-standard","has-post-thumbnail","hentry","category-prnewswire","tag-campanha-comece-o-dia-com-um-q-a-mais-convida-o-publico-a-incluir-aveia-quaker-no-cafe-da-manha"],"acf":[],"_links":{"self":[{"href":"https:\/\/bluestudio.estadao.com.br\/agencia-de-comunicacao\/wp-json\/wp\/v2\/posts\/134231","targetHints":{"allow":["GET"]}}],"collection":[{"href":"https:\/\/bluestudio.estadao.com.br\/agencia-de-comunicacao\/wp-json\/wp\/v2\/posts"}],"about":[{"href":"https:\/\/bluestudio.estadao.com.br\/agencia-de-comunicacao\/wp-json\/wp\/v2\/types\/post"}],"author":[{"embeddable":true,"href":"https:\/\/bluestudio.estadao.com.br\/agencia-de-comunicacao\/wp-json\/wp\/v2\/users\/1"}],"replies":[{"embeddable":true,"href":"https:\/\/bluestudio.estadao.com.br\/agencia-de-comunicacao\/wp-json\/wp\/v2\/comments?post=134231"}],"version-history":[{"count":0,"href":"https:\/\/bluestudio.estadao.com.br\/agencia-de-comunicacao\/wp-json\/wp\/v2\/posts\/134231\/revisions"}],"wp:featuredmedia":[{"embeddable":true,"href":"https:\/\/bluestudio.estadao.com.br\/agencia-de-comunicacao\/wp-json\/wp\/v2\/media\/134232"}],"wp:attachment":[{"href":"https:\/\/bluestudio.estadao.com.br\/agencia-de-comunicacao\/wp-json\/wp\/v2\/media?parent=134231"}],"wp:term":[{"taxonomy":"category","embeddable":true,"href":"https:\/\/bluestudio.estadao.com.br\/agencia-de-comunicacao\/wp-json\/wp\/v2\/categories?post=134231"},{"taxonomy":"post_tag","embeddable":true,"href":"https:\/\/bluestudio.estadao.com.br\/agencia-de-comunicacao\/wp-json\/wp\/v2\/tags?post=134231"}],"curies":[{"name":"wp","href":"https:\/\/api.w.org\/{rel}","templated":true}]}}