{"id":134218,"date":"2026-07-28T07:12:00","date_gmt":"2026-07-28T10:12:00","guid":{"rendered":"https:\/\/bluestudio.estadao.com.br\/agencia-de-comunicacao\/prnewswire\/acao-coletiva-de-valores-mobiliarios-da-trq-no-canada-aviso-de-proposta-de-acordo\/"},"modified":"2026-07-28T07:12:00","modified_gmt":"2026-07-28T10:12:00","slug":"acao-coletiva-de-valores-mobiliarios-da-trq-no-canada-aviso-de-proposta-de-acordo","status":"publish","type":"post","link":"https:\/\/bluestudio.estadao.com.br\/agencia-de-comunicacao\/prnewswire\/acao-coletiva-de-valores-mobiliarios-da-trq-no-canada-aviso-de-proposta-de-acordo\/","title":{"rendered":"A\u00c7\u00c3O COLETIVA DE VALORES MOBILI\u00c1RIOS DA TRQ NO CANAD\u00c1 &#8212; AVISO DE PROPOSTA DE ACORDO"},"content":{"rendered":"\n<div class=\"xn-content\">\n<p class=\"prntac\">Voc\u00ea adquiriu t\u00edtulos da Turquoise Hill Resources Ltd. entre 31 de julho de 2018 e 31 de julho de 2019?<\/p>\n<p><span class=\"legendSpanClass\">TORONTO<\/span>, <span class=\"legendSpanClass\">28 de julho de 2026<\/span> \/PRNewswire\/ &#8212; Este aviso refere-se a uma a\u00e7\u00e3o coletiva proposta no Canad\u00e1 (a &#8220;<b>A\u00e7\u00e3o Coletiva<\/b>&#8220;) iniciada contra os Requeridos: (&#8220;<b>TRQ<\/b>&#8220;), Rio Tinto plc, Rio Tinto Limited, Rio Tinto International Holdings Limited (coletivamente &#8220;<b>Rio<\/b> <b>Tinto<\/b>&#8220;) e Ulf Quellmann, Luke Colton, Brendan Lane, Jean-S\u00e9bastien Jacques e Arnaud Soirat (coletivamente os &#8220;<b>Requeridos Individuais<\/b>&#8220;).<\/p>\n<p>O Autor Representante e todos os Recorridos chegaram a uma proposta de acordo para a reclama\u00e7\u00e3o, que est\u00e1 sujeita \u00e0 aprova\u00e7\u00e3o do Tribunal Superior de Quebec (o <b>&#8220;Acordo&#8221;<\/b>). Salvo disposi\u00e7\u00e3o em contr\u00e1rio neste documento, todos os termos em mai\u00fasculas ter\u00e3o o significado que lhes \u00e9 atribu\u00eddo no acordo de concilia\u00e7\u00e3o datado de 2 de dezembro de 2025, celebrado entre o Autor Representante (Requerente) e os Requeridos (o &#8220;<b>Acordo de Concilia\u00e7\u00e3o&#8221;<\/b>).<\/p>\n<p>A a\u00e7\u00e3o coletiva foi autorizada pelo Tribunal Superior de Quebec apenas para fins de acordo. Este aviso fornece informa\u00e7\u00f5es sobre este Acordo proposto e assuntos relacionados e como voc\u00ea pode se excluir (&#8220;<b>opt-out<\/b>&#8220;) da A\u00e7\u00e3o Coletiva.<\/p>\n<p><b>Seus direitos legais s\u00e3o afetados mesmo que voc\u00ea n\u00e3o fa\u00e7a nada<\/b>. Por favor, leia este aviso atentamente.<\/p>\n<p class=\"prntac\"><b><u>VOC\u00ca N\u00c3O PRECISA PAGAR NADA PARA PARTICIPAR DESTA A\u00c7\u00c3O COLETIVA E\/OU DO ACORDO PROPOSTO. <\/u><\/b><\/p>\n<p><b>A a\u00e7\u00e3o coletiva foi autorizada apenas para fins de acordo em nome de todas as pessoas f\u00edsicas e jur\u00eddicas, onde quer que residam ou sejam domiciliadas, que durante o per\u00edodo de 31 de julho de 2018 a 31 de julho de 2019, inclusive (o &#8220;Per\u00edodo da Classe&#8221;), compraram ou adquiriram de outra forma t\u00edtulos da TRQ em transa\u00e7\u00f5es fora dos EUA ou em uma bolsa de valores fora dos Estados Unidos, e mantiveram todos ou alguns desses t\u00edtulos at\u00e9 depois de 15 de julho de 2019 ou 31 de julho de 2019, exceto as &#8220;Pessoas Exclu\u00eddas&#8221; (os &#8220;Membros da Classe&#8221;).<\/b><\/p>\n<p><b>&#8220;Pessoas Exclu\u00eddas&#8221;<\/b> significa os Requeridos, membros das fam\u00edlias imediatas dos Requeridos Individuais, qualquer entidade na qual os Requeridos Individuais detivessem uma participa\u00e7\u00e3o de controle, os diretores, executivos, subsidi\u00e1rias e afiliadas da TRQ e suas subsidi\u00e1rias, e a Rio Tinto e seus diretores, executivos, subsidi\u00e1rias e afiliadas e qualquer entidade na qual os diretores ou executivos da Rio Tinto detivessem uma participa\u00e7\u00e3o de controle.<\/p>\n<p>Observe que, se voc\u00ea enviou uma reivindica\u00e7\u00e3o eleg\u00edvel para compensa\u00e7\u00e3o em &#8220;<i>In re Turquoise Hill Resources Ltd. Securities Litigation<\/i>&#8221; perante o Tribunal Distrital dos EUA para o Distrito Sul de Nova York, A\u00e7\u00e3o n\u00ba 1:20-cv-08585-LJL (a <b>&#8220;A\u00e7\u00e3o Coletiva dos EUA&#8221;<\/b>), as compras, aquisi\u00e7\u00f5es ou vendas eleg\u00edveis na A\u00e7\u00e3o Coletiva dos EUA est\u00e3o exclu\u00eddas da compensa\u00e7\u00e3o neste Acordo<\/p>\n<p>O valor proposto para o acordo \u00e9 de CAD$ 22.663.980,00, incluindo todos os valores, como honor\u00e1rios dos advogados da classe, impostos e despesas aplic\u00e1veis e custos de administra\u00e7\u00e3o do acordo. <b>Os Recorridos negam qualquer irregularidade ou responsabilidade<\/b><b>. O Acordo n\u00e3o constitui uma admiss\u00e3o de irregularidade ou responsabilidade por parte da TRQ, da Rio Tinto  ou de qualquer Respondente Individual<\/b>. Ao concordarem com o acordo proposto, as partes evitam os custos e a incerteza de um julgamento, bem como as demoras na obten\u00e7\u00e3o de uma senten\u00e7a.<\/p>\n<p>Se voc\u00ea n\u00e3o deseja estar vinculado \u00e0 A\u00e7\u00e3o Coletiva e n\u00e3o deseja participar do Acordo, voc\u00ea deve optar por n\u00e3o participar da A\u00e7\u00e3o Coletiva. Uma c\u00f3pia do formul\u00e1rio de cancelamento est\u00e1 dispon\u00edvel em:<\/p>\n<p class=\"prntac\"><a href=\"https:\/\/edge.prnewswire.com\/c\/link\/?t=0&amp;l=pt&amp;o=4737858-1&amp;h=2986872384&amp;u=https%3A%2F%2Fedge.prnewswire.com%2Fc%2Flink%2F%3Ft%3D0%26l%3Den%26o%3D4737858-1%26h%3D2388019481%26u%3Dhttps%253A%252F%252Fwww.trqsettlement.com%252F%26a%3Dwww.TRQSettlement.com&amp;a=www.TRQSettlement.com\" target=\"_blank\" rel=\"nofollow\">www.TRQSettlement.com<\/a><\/p>\n<p>O Tribunal Superior de Quebec deve decidir se aprova o Acordo proposto, o pedido de honor\u00e1rios advocat\u00edcios da classe no valor de 33% do valor do Acordo, acrescido de $917.792,31 em despesas, e os impostos aplic\u00e1veis, bem como um plano para alocar e distribuir o valor do Acordo. O plano de aloca\u00e7\u00e3o proposto est\u00e1 dispon\u00edvel em: <a href=\"https:\/\/edge.prnewswire.com\/c\/link\/?t=0&amp;l=pt&amp;o=4737858-1&amp;h=2986872384&amp;u=https%3A%2F%2Fedge.prnewswire.com%2Fc%2Flink%2F%3Ft%3D0%26l%3Den%26o%3D4737858-1%26h%3D2388019481%26u%3Dhttps%253A%252F%252Fwww.trqsettlement.com%252F%26a%3Dwww.TRQSettlement.com&amp;a=www.TRQSettlement.com\" target=\"_blank\" rel=\"nofollow\">www.TRQSettlement.com<\/a>. Os advogados da classe tamb\u00e9m estimam que o custo da Notifica\u00e7\u00e3o e da Administra\u00e7\u00e3o do Acordo (para processar todas as submiss\u00f5es de reclama\u00e7\u00f5es e administrar os pagamentos a todos os membros da classe que apresentarem uma reclama\u00e7\u00e3o) ser\u00e1 equivalente a aproximadamente 1,78% a 2,38% do Valor do Acordo, dependendo de quantas reclama\u00e7\u00f5es forem apresentadas. O Tribunal ouvir\u00e1 as alega\u00e7\u00f5es sobre a aprova\u00e7\u00e3o do Acordo proposto em <b>20 de outubro de 2026.<\/b> Os pagamentos s\u00f3 ser\u00e3o disponibilizados se o Tribunal aprovar o Acordo proposto, ap\u00f3s eventuais recursos e ap\u00f3s a conclus\u00e3o do processo de reclama\u00e7\u00e3o. Caso o Tribunal aprove o pedido dos Advogados da Classe para o pagamento de seus honor\u00e1rios e reembolso de suas despesas diretas, e ap\u00f3s a dedu\u00e7\u00e3o do Custo de Administra\u00e7\u00e3o do Acordo, estima-se que haver\u00e1 um saldo l\u00edquido de aproximadamente US$ 13.672.238,43 a US$ 13.808.709,52 nos Fundos do Acordo. Se o Acordo e o Plano de Aloca\u00e7\u00e3o proposto forem aprovados, o Administrador de Reclama\u00e7\u00f5es calcular\u00e1 o direito de cada Membro da Classe do Acordo de forma <i>pro rata<\/i>  com base no valor de sua perda indeniz\u00e1vel, at\u00e9 o valor de sua perda calculada, e far\u00e1 o pagamento. Em outras palavras, cada Requerente receber\u00e1 a mesma porcentagem de suas perdas indeniz\u00e1veis, at\u00e9 um m\u00e1ximo de 100%, dependendo do montante dos fundos restantes e do valor total das perdas indeniz\u00e1veis apresentadas por todos os Requerentes.<\/p>\n<p><b>Seus direitos e op\u00e7\u00f5es legais:<\/b><\/p>\n<ol type=\"1\">\n<li><b>Permane\u00e7a na a\u00e7\u00e3o coletiva e n\u00e3o fa\u00e7a nada: <\/b>Voc\u00ea n\u00e3o precisa fazer nada e <b>n\u00e3o precisa pagar nada<\/b> para permanecer na A\u00e7\u00e3o Coletiva. Se voc\u00ea permanecer na A\u00e7\u00e3o Coletiva e o Acordo for aprovado, voc\u00ea ficar\u00e1 vinculado aos termos do Acordo, renunciar\u00e1 ao seu direito de processar os R\u00e9us individualmente e n\u00e3o ter\u00e1 permiss\u00e3o para iniciar outros processos judiciais relacionados \u00e0s quest\u00f5es alegadas na a\u00e7\u00e3o contra os R\u00e9us ou qualquer pessoa liberada pelo Acordo aprovado. Caso o Tribunal aprove o Acordo, o Valor do Acordo ser\u00e1 distribu\u00eddo proporcionalmente de acordo com os termos do Plano de Aloca\u00e7\u00e3o. Se voc\u00ea for eleg\u00edvel e enviar um Formul\u00e1rio de Reclama\u00e7\u00e3o v\u00e1lido e dentro do prazo, receber\u00e1 sua parte do Valor L\u00edquido do Acordo.<\/li>\n<li><b>Permane\u00e7a na a\u00e7\u00e3o coletiva e apresente obje\u00e7\u00f5es ou coment\u00e1rios sobre o acordo proposto:<\/b> Caso deseje apresentar obje\u00e7\u00e3o ou coment\u00e1rio sobre o Acordo proposto, voc\u00ea dever\u00e1 enviar uma obje\u00e7\u00e3o ou coment\u00e1rio informando seu nome, quando e quantas a\u00e7\u00f5es eleg\u00edveis da TRQ voc\u00ea adquiriu durante o Per\u00edodo da A\u00e7\u00e3o Coletiva, bem como seu coment\u00e1rio ou o motivo da sua obje\u00e7\u00e3o. Solicitamos que envie sua obje\u00e7\u00e3o ou coment\u00e1rio por e-mail para <a href=\"mailto:TRQ@conciliainc.com\" target=\"_blank\" rel=\"nofollow\">TRQ@conciliainc.com<\/a> at\u00e9 <b>2 de outubro de 2026 \u00e0s 23:59 ET<\/b>. No entanto, voc\u00ea ainda poder\u00e1 comparecer \u00e0 Audi\u00eancia de Aprova\u00e7\u00e3o do Acordo e expressar sua obje\u00e7\u00e3o ou coment\u00e1rio, mesmo que n\u00e3o envie sua obje\u00e7\u00e3o ou coment\u00e1rio por e-mail at\u00e9 esta data. Caso o Acordo seja aprovado apesar de sua obje\u00e7\u00e3o ou coment\u00e1rio, voc\u00ea ainda estar\u00e1 sujeito aos termos do Acordo, renunciar\u00e1 ao seu direito de processar os R\u00e9us por conta pr\u00f3pria e n\u00e3o ter\u00e1 permiss\u00e3o para iniciar outros processos judiciais relacionados \u00e0s quest\u00f5es alegadas na a\u00e7\u00e3o contra os R\u00e9us ou qualquer pessoa liberada pelo acordo aprovado.<\/li>\n<li><b>Op\u00e7\u00e3o de n\u00e3o participar da a\u00e7\u00e3o coletiva:<\/b>Voc\u00ea pode se excluir da A\u00e7\u00e3o Coletiva e do Acordo proposto preenchendo um formul\u00e1rio de exclus\u00e3o dispon\u00edvel em: <a href=\"https:\/\/edge.prnewswire.com\/c\/link\/?t=0&amp;l=pt&amp;o=4737858-1&amp;h=2986872384&amp;u=https%3A%2F%2Fedge.prnewswire.com%2Fc%2Flink%2F%3Ft%3D0%26l%3Den%26o%3D4737858-1%26h%3D2388019481%26u%3Dhttps%253A%252F%252Fwww.trqsettlement.com%252F%26a%3Dwww.TRQSettlement.com&amp;a=www.TRQSettlement.com\" target=\"_blank\" rel=\"nofollow\">www.TRQSettlement.com<\/a>. Voc\u00ea deve enviar seu formul\u00e1rio de cancelamento por e-mail para <a href=\"mailto:TRQ@conciliainc.com\" target=\"_blank\" rel=\"nofollow\">TRQ@conciliainc.com<\/a> at\u00e9 <b>1\u00ba de setembro de 2026 <\/b>para que ele seja v\u00e1lido. <b>Qualquer membro da classe que deseje optar por n\u00e3o participar da a\u00e7\u00e3o coletiva deve enviar um formul\u00e1rio de exclus\u00e3o preenchido por e-mail. O formul\u00e1rio de recusa deve ser recebido at\u00e9 \u00e0s 23h59 (hor\u00e1rio do leste dos EUA) do dia 1\u00ba de setembro de 2026 para ser v\u00e1lido.<\/b> Caso opte por n\u00e3o participar, n\u00e3o poder\u00e1 apresentar obje\u00e7\u00f5es nem coment\u00e1rios sobre o Acordo proposto.<\/li>\n<\/ol>\n<p>Esses direitos e op\u00e7\u00f5es, bem como os prazos para exerc\u00ea-los e mais informa\u00e7\u00f5es sobre o Acordo proposto, s\u00e3o explicados em um aviso mais detalhado dispon\u00edvel em:<\/p>\n<p class=\"prntac\"><a href=\"https:\/\/edge.prnewswire.com\/c\/link\/?t=0&amp;l=pt&amp;o=4737858-1&amp;h=2986872384&amp;u=https%3A%2F%2Fedge.prnewswire.com%2Fc%2Flink%2F%3Ft%3D0%26l%3Den%26o%3D4737858-1%26h%3D2388019481%26u%3Dhttps%253A%252F%252Fwww.trqsettlement.com%252F%26a%3Dwww.TRQSettlement.com&amp;a=www.TRQSettlement.com\" target=\"_blank\" rel=\"nofollow\">www.TRQSettlement.com<\/a><\/p>\n<p>Os membros da classe de acordo <b><u>n\u00e3o<\/u><\/b> s\u00e3o obrigados a intervir, apresentar obje\u00e7\u00f5es ou comparecer \u00e0 audi\u00eancia de aprova\u00e7\u00e3o do acordo para permanecerem na a\u00e7\u00e3o coletiva.<\/p>\n<p>Mais detalhes podem ser encontrados no Acordo de Concilia\u00e7\u00e3o. Voc\u00ea pode obter uma c\u00f3pia do Acordo de Concilia\u00e7\u00e3o em <a href=\"https:\/\/edge.prnewswire.com\/c\/link\/?t=0&amp;l=pt&amp;o=4737858-1&amp;h=2986872384&amp;u=https%3A%2F%2Fedge.prnewswire.com%2Fc%2Flink%2F%3Ft%3D0%26l%3Den%26o%3D4737858-1%26h%3D2388019481%26u%3Dhttps%253A%252F%252Fwww.trqsettlement.com%252F%26a%3Dwww.TRQSettlement.com&amp;a=www.TRQSettlement.com\" target=\"_blank\" rel=\"nofollow\">www.TRQSettlement.com<\/a>. Voc\u00ea pode enviar suas perguntas por e-mail para <a href=\"mailto:TRQ@conciliainc.com\" target=\"_blank\" rel=\"nofollow\">TRQ@conciliainc.com<\/a> ou ligando gratuitamente para 1-888-885-7703.<\/p>\n<p>Os advogados do Autor Representante e da Classe nesta A\u00e7\u00e3o Coletiva s\u00e3o a KND Complex Litigation e a Lex Group Inc.<\/p>\n<p>Voc\u00ea pode entrar em contato com os advogados da classe por fax ou e-mail, enviando a mensagem para:<\/p>\n<p class=\"prnml40\"><b>TRQ Advogado de A\u00e7\u00f5es Coletivas<\/b><br \/>Lit\u00edgios Complexos KND<br \/>c\/o Taek Soo Shin<br \/>E-mail: <a href=\"mailto:TRQ@knd.law\" target=\"_blank\" rel=\"nofollow\">TRQ@knd.law<\/a><br \/>Fax: (416) 352-7638<\/p>\n<p class=\"prntac\"><b>O Tribunal Superior de Quebec autorizou a distribui\u00e7\u00e3o deste Aviso.<\/b><\/p>\n<p class=\"prntac\"><b>Quest\u00f5es sobre este Aviso devem ser dirigidas aos Advogados da Classe e <\/b><b><u>N\u00c3O<\/u><\/b><b> devem ser dirigidas ao Tribunal.<\/b><\/p>\n<p id=\"PURL\"><img loading=\"lazy\" decoding=\"async\" title=\"Cision\" width=\"12\" height=\"12\" alt=\"Cision\" src=\"https:\/\/edge.prnewswire.com\/c\/img\/favicon.png?sn=PT11104&amp;sd=2026-07-28\" \/> View original content:<a id=\"PRNURL\" rel=\"nofollow\" href=\"https:\/\/www.prnewswire.com\/br\/comunicados-para-a-imprensa\/acao-coletiva-de-valores-mobiliarios-da-trq-no-canada--aviso-de-proposta-de-acordo-302835796.html\" target=\"_blank\">https:\/\/www.prnewswire.com\/br\/comunicados-para-a-imprensa\/acao-coletiva-de-valores-mobiliarios-da-trq-no-canada&#8211;aviso-de-proposta-de-acordo-302835796.html<\/a><\/p>\n<p>FONTE Concilia Services Inc.<\/p>\n<\/div>\n<p>  <img decoding=\"async\" alt=\"\" src=\"https:\/\/rt.prnewswire.com\/rt.gif?NewsItemId=PT11104&amp;Transmission_Id=202607280600PR_NEWS_LATAM____PT11104&amp;DateId=20260728\" style=\"border:0px;width:1px;height:1px\" \/><\/p>\n<p><strong>T\u00f3picos Relacionados:<\/strong> Quest\u00f5es Jur\u00eddicas, Servi\u00e7os Jur\u00eddicos<\/p>\n<p>A <b>OESP<\/b> n\u00e3o \u00e9(s\u00e3o) respons\u00e1vel(is) por erros, incorre\u00e7\u00f5es, atrasos ou quaisquer decis\u00f5es tomadas por seus clientes com base nos Conte\u00fados ora disponibilizados, bem como tais Conte\u00fados n\u00e3o representam a opini\u00e3o da <b>OESP<\/b> e s\u00e3o de inteira responsabilidade da <b>PR Newswire Ltda<\/b><\/p>\n","protected":false},"excerpt":{"rendered":"Voc\u00ea adquiriu t\u00edtulos da Turquoise Hill Resources Ltd. entre 31 de julho de 2018 e 31 de julho de 2019? TORONTO, 28 de julho de 2026 \/PRNewswire\/ &#8212; Este aviso refere-se a uma a\u00e7\u00e3o coletiva","protected":false},"author":1,"featured_media":134219,"comment_status":"open","ping_status":"closed","sticky":false,"template":"","format":"standard","meta":{"_acf_changed":false,"inline_featured_image":false,"_monsterinsights_skip_tracking":false,"_monsterinsights_sitenote_active":false,"_monsterinsights_sitenote_note":"","_monsterinsights_sitenote_category":0,"footnotes":""},"categories":[27],"tags":[11833],"class_list":["post-134218","post","type-post","status-publish","format-standard","has-post-thumbnail","hentry","category-prnewswire","tag-voce-nao-precisa-pagar-nada-para-participar-desta-acao-coletiva-e-ou-do-acordo-proposto"],"acf":[],"_links":{"self":[{"href":"https:\/\/bluestudio.estadao.com.br\/agencia-de-comunicacao\/wp-json\/wp\/v2\/posts\/134218","targetHints":{"allow":["GET"]}}],"collection":[{"href":"https:\/\/bluestudio.estadao.com.br\/agencia-de-comunicacao\/wp-json\/wp\/v2\/posts"}],"about":[{"href":"https:\/\/bluestudio.estadao.com.br\/agencia-de-comunicacao\/wp-json\/wp\/v2\/types\/post"}],"author":[{"embeddable":true,"href":"https:\/\/bluestudio.estadao.com.br\/agencia-de-comunicacao\/wp-json\/wp\/v2\/users\/1"}],"replies":[{"embeddable":true,"href":"https:\/\/bluestudio.estadao.com.br\/agencia-de-comunicacao\/wp-json\/wp\/v2\/comments?post=134218"}],"version-history":[{"count":0,"href":"https:\/\/bluestudio.estadao.com.br\/agencia-de-comunicacao\/wp-json\/wp\/v2\/posts\/134218\/revisions"}],"wp:featuredmedia":[{"embeddable":true,"href":"https:\/\/bluestudio.estadao.com.br\/agencia-de-comunicacao\/wp-json\/wp\/v2\/media\/134219"}],"wp:attachment":[{"href":"https:\/\/bluestudio.estadao.com.br\/agencia-de-comunicacao\/wp-json\/wp\/v2\/media?parent=134218"}],"wp:term":[{"taxonomy":"category","embeddable":true,"href":"https:\/\/bluestudio.estadao.com.br\/agencia-de-comunicacao\/wp-json\/wp\/v2\/categories?post=134218"},{"taxonomy":"post_tag","embeddable":true,"href":"https:\/\/bluestudio.estadao.com.br\/agencia-de-comunicacao\/wp-json\/wp\/v2\/tags?post=134218"}],"curies":[{"name":"wp","href":"https:\/\/api.w.org\/{rel}","templated":true}]}}