{"id":134200,"date":"2026-07-27T17:12:00","date_gmt":"2026-07-27T20:12:00","guid":{"rendered":"https:\/\/bluestudio.estadao.com.br\/agencia-de-comunicacao\/prnewswire\/maria-klaumann-esta-de-volta-a-vogue\/"},"modified":"2026-07-27T17:12:00","modified_gmt":"2026-07-27T20:12:00","slug":"maria-klaumann-esta-de-volta-a-vogue","status":"publish","type":"post","link":"https:\/\/bluestudio.estadao.com.br\/agencia-de-comunicacao\/prnewswire\/maria-klaumann-esta-de-volta-a-vogue\/","title":{"rendered":"Maria Klaumann est\u00e1 de volta \u00e0 Vogue"},"content":{"rendered":"\n<div class=\"xn-content\">\nS\u00c3O PAULO, <span class=\"legendSpanClass\">27 de julho de 2026<\/span> \/PRNewswire\/ &#8212; Desta vez, a modelo brasileira \u00e9 a capa da edi\u00e7\u00e3o de agosto da Vogue Latinoam\u00e9rica, em um editorial que traduz o esp\u00edrito do ver\u00e3o no continente por meio de uma moda leve, sofisticada e conectada \u00e0 natureza.<\/p>\n<div class=\"PRN_ImbeddedAssetReference\" id=\"DivAssetPlaceHolder1\">\n  <img decoding=\"async\" src=\"https:\/\/mmx.prnewswire.com\/media\/MS1959262\/capa-vogue-julho2026-3.jpg?id=OA2796140\" title=\"\" alt=\"\" \/>\n <\/p>\n<\/p><\/div>\n<p>Sob as lentes do fot\u00f3grafo Santiago Sierra Soler, Maria protagoniza uma narrativa visual em que a luz, a \u00e1gua e a vegeta\u00e7\u00e3o conduzem uma proposta baseada na liberdade de vestir e viver o ver\u00e3o em plenitude.<\/p>\n<p>A publica\u00e7\u00e3o marca mais um importante cap\u00edtulo na trajet\u00f3ria internacional de Maria Klaumann, que j\u00e1 esteve presente nas principais publica\u00e7\u00f5es do mundo da moda. A brasileira j\u00e1 foi capa da Vogue Brasil, Vogue Portugal, Vogue M\u00e9xico e Vogue Turquia. Tamb\u00e9m protagonizou capas e editoriais da V Magazine e da Perfect Magazine em diferentes edi\u00e7\u00f5es.<\/p>\n<p>Nas passarelas, um dos destaques de sua carreira foi a abertura do desfile de Susan Fang na Semana de Moda de Mil\u00e3o, que marcou a estreia da estilista na passarela italiana. Maria tamb\u00e9m abriu a apresenta\u00e7\u00e3o da cole\u00e7\u00e3o primavera\/ver\u00e3o 2026 do badalado Christian Cowan durante a New York Fashion Week e retornou ao desfile da marca na temporada de inverno deste ano.<\/p>\n<p>O reconhecimento de sua trajet\u00f3ria ultrapassa as passarelas. Maria Klaumann j\u00e1 recebeu, em Nova York, o pr\u00eamio de Modelo Revela\u00e7\u00e3o do Ano no Fashion Media Awards. No Brasil, integrou a lista Forbes Under 30, que destaca jovens de diferentes \u00e1reas com atua\u00e7\u00e3o de destaque.<\/p>\n<p>Representada pela The Lions, em Nova York, e pela Elite Paris, Maria Klaumann segue ampliando sua presen\u00e7a entre os principais nomes da nova gera\u00e7\u00e3o da moda internacional.<\/p>\n<p id=\"PURL\"><img loading=\"lazy\" decoding=\"async\" title=\"Cision\" width=\"12\" height=\"12\" alt=\"Cision\" src=\"https:\/\/edge.prnewswire.com\/c\/img\/favicon.png?sn=PT13039&amp;sd=2026-07-27\" \/> View original content to download multimedia:<a id=\"PRNURL\" rel=\"nofollow\" href=\"https:\/\/www.prnewswire.com\/br\/comunicados-para-a-imprensa\/maria-klaumann-esta-de-volta-a-vogue-302835612.html\" target=\"_blank\">https:\/\/www.prnewswire.com\/br\/comunicados-para-a-imprensa\/maria-klaumann-esta-de-volta-a-vogue-302835612.html<\/a><\/p>\n<p>FONTE Maria Klaumann<\/p>\n<\/div>\n<p>  <img decoding=\"async\" alt=\"\" src=\"https:\/\/rt.prnewswire.com\/rt.gif?NewsItemId=PT13039&amp;Transmission_Id=202607271600PR_NEWS_LATAM____PT13039&amp;DateId=20260727\" style=\"border:0px;width:1px;height:1px\" \/><\/p>\n<p><strong>T\u00f3picos Relacionados:<\/strong> Moda, Varejo, Arte, Cultura e Design, Publica\u00e7\u00e3o \/ Servi\u00e7os de Informa\u00e7\u00e3o, Revistas, Dom\u00e9stico\/Consumidor\/Cosm\u00e9ticos, Entretenimento<\/p>\n<p>A <b>OESP<\/b> n\u00e3o \u00e9(s\u00e3o) respons\u00e1vel(is) por erros, incorre\u00e7\u00f5es, atrasos ou quaisquer decis\u00f5es tomadas por seus clientes com base nos Conte\u00fados ora disponibilizados, bem como tais Conte\u00fados n\u00e3o representam a opini\u00e3o da <b>OESP<\/b> e s\u00e3o de inteira responsabilidade da <b>PR Newswire Ltda<\/b><\/p>\n","protected":false},"excerpt":{"rendered":"S\u00c3O PAULO, 27 de julho de 2026 \/PRNewswire\/ &#8212; Desta vez, a modelo brasileira \u00e9 a capa da edi\u00e7\u00e3o de agosto da Vogue Latinoam\u00e9rica, em um editorial que traduz o esp\u00edrito do ver\u00e3o no","protected":false},"author":1,"featured_media":134201,"comment_status":"open","ping_status":"closed","sticky":false,"template":"","format":"standard","meta":{"_acf_changed":false,"inline_featured_image":false,"_monsterinsights_skip_tracking":false,"_monsterinsights_sitenote_active":false,"_monsterinsights_sitenote_note":"","_monsterinsights_sitenote_category":0,"footnotes":""},"categories":[27],"tags":[11824,11823,11825,11826],"class_list":["post-134200","post","type-post","status-publish","format-standard","has-post-thumbnail","hentry","category-prnewswire","tag-a-modelo-brasileira-e-a-capa-da-edicao-de-agosto-da-vogue-latinoamerica","tag-desta-vez","tag-em-um-editorial-que-traduz-o-espirito-do-verao-no-continente-por-meio-de-uma-moda-leve","tag-sofisti"],"acf":[],"_links":{"self":[{"href":"https:\/\/bluestudio.estadao.com.br\/agencia-de-comunicacao\/wp-json\/wp\/v2\/posts\/134200","targetHints":{"allow":["GET"]}}],"collection":[{"href":"https:\/\/bluestudio.estadao.com.br\/agencia-de-comunicacao\/wp-json\/wp\/v2\/posts"}],"about":[{"href":"https:\/\/bluestudio.estadao.com.br\/agencia-de-comunicacao\/wp-json\/wp\/v2\/types\/post"}],"author":[{"embeddable":true,"href":"https:\/\/bluestudio.estadao.com.br\/agencia-de-comunicacao\/wp-json\/wp\/v2\/users\/1"}],"replies":[{"embeddable":true,"href":"https:\/\/bluestudio.estadao.com.br\/agencia-de-comunicacao\/wp-json\/wp\/v2\/comments?post=134200"}],"version-history":[{"count":0,"href":"https:\/\/bluestudio.estadao.com.br\/agencia-de-comunicacao\/wp-json\/wp\/v2\/posts\/134200\/revisions"}],"wp:featuredmedia":[{"embeddable":true,"href":"https:\/\/bluestudio.estadao.com.br\/agencia-de-comunicacao\/wp-json\/wp\/v2\/media\/134201"}],"wp:attachment":[{"href":"https:\/\/bluestudio.estadao.com.br\/agencia-de-comunicacao\/wp-json\/wp\/v2\/media?parent=134200"}],"wp:term":[{"taxonomy":"category","embeddable":true,"href":"https:\/\/bluestudio.estadao.com.br\/agencia-de-comunicacao\/wp-json\/wp\/v2\/categories?post=134200"},{"taxonomy":"post_tag","embeddable":true,"href":"https:\/\/bluestudio.estadao.com.br\/agencia-de-comunicacao\/wp-json\/wp\/v2\/tags?post=134200"}],"curies":[{"name":"wp","href":"https:\/\/api.w.org\/{rel}","templated":true}]}}