{"id":13320,"date":"2020-10-22T14:58:00","date_gmt":"2020-10-22T14:58:00","guid":{"rendered":"http:\/\/patrocinados.estadao.com.br\/medialab\/prnewswire\/prnewsinternacional\/pr-newswire-internacional-guia-de-cuidados-com-as-unhas-conheca-os-melhores-habitos-para-mante-las-fortes-e-saudaveis\/"},"modified":"2020-10-22T14:58:00","modified_gmt":"2020-10-22T14:58:00","slug":"pr-newswire-internacional-guia-de-cuidados-com-as-unhas-conheca-os-melhores-habitos-para-mante-las-fortes-e-saudaveis","status":"publish","type":"post","link":"https:\/\/bluestudio.estadao.com.br\/agencia-de-comunicacao\/prnewswire\/prnewsinternacional\/pr-newswire-internacional-guia-de-cuidados-com-as-unhas-conheca-os-melhores-habitos-para-mante-las-fortes-e-saudaveis\/","title":{"rendered":"PR NEWSWIRE &#8211; INTERNACIONAL :: Guia de cuidados com as unhas: conhe\u00e7a os melhores h\u00e1bitos para mant\u00ea-las fortes e saud\u00e1veis"},"content":{"rendered":"<div class=\"xn-newslines\">\n<h1 class=\"xn-hedline\">Guia de cuidados com as unhas: conhe\u00e7a os melhores h\u00e1bitos para mant\u00ea-las fortes e saud\u00e1veis<\/h1>\n<p class=\"xn-distributor\">PR Newswire<\/p>\n<p class=\"xn-dateline\">S\u00c3O PAULO, 22 de outubro de 2020<\/p>\n<\/div>\n<div class=\"xn-content\">\nS\u00c3O PAULO, 22 de outubro de 2020 \/PRNewswire\/ &#8212; Quem nunca sofreu com unhas fracas e quebradi\u00e7as? Alguns h\u00e1bitos podem ser incorporados \u00e0 nossa rotina para deix\u00e1-las protegidas e fortalecidas. S\u00e3o pequenas a\u00e7\u00f5es que ajudam a evitar que enfraque\u00e7am ou mesmo sejam infectadas por fungos causadores de doen\u00e7as.<\/p>\n<p>&#8220;Um dos cuidados essenciais \u00e9 hidratar as cut\u00edculas&#8221;, indica a dermatologista Dra. Ana Paula Mesquita Antoniassi (CRM 95384 SP). &#8220;Se voc\u00ea estiver com as unhas pintadas, passe apenas em volta; sen\u00e3o, utilize cremes e lo\u00e7\u00f5es em toda a unha. O esmalte atrapalha a penetra\u00e7\u00e3o efetiva do hidratante utilizado.&#8221;<\/p>\n<p>Cortar e lixar as unhas s\u00e3o outro passo fundamental para evitar que enfraque\u00e7am. A Sociedade Brasileira de Dermatologia tamb\u00e9m recomenda n\u00e3o polir a superf\u00edcie da unha nem utilizar com frequ\u00eancia removedores de esmalte com acetona. &#8220;Sempre consulte seu dermatologista para saber os melhores procedimentos indicados para seu caso&#8221;, diz Mesquita.<\/p>\n<p>A dermatologista conta que a cut\u00edcula n\u00e3o deve ser retirada por facilitar a entrada de fungos e bact\u00e9rias, que podem causar doen\u00e7as como as micoses. O tratamento da micose de unha ? cientificamente chamada de onicomicose ? \u00e9 algo simples em termos de execu\u00e7\u00e3o. O esmalte antif\u00fangico Loceryl\u00ae forma um filme protetor eficaz contra os fungos mic\u00f3ticos, podendo ser usado apenas uma ou duas vezes por semana.<\/p>\n<p>Ainda, a Dra. <span class=\"xn-person\">Ana Paula<\/span> indica aliar esses h\u00e1bitos a uma rotina de alimenta\u00e7\u00e3o saud\u00e1vel. &#8220;Refei\u00e7\u00f5es com boa quantidade de vitaminas A, B, D e E devem ser sua aposta, porque fortalecem as unhas&#8221;, ela explica. Outros alimentos recomendados s\u00e3o aqueles com Vitamina C (como laranja, morango e espinafre), ovo, carne, feij\u00e3o e banana.<\/p>\n<p>Loceryl\u00ae Esmalte (cloridrato de amorolfina) \u00e9 indicado para o tratamento de micoses de unha (onicomicoses).\u00a0 Reg. MS 1.2916.0036. GALDERMA BRASIL LTDA.\/LOCERYLESM-MB01_20\/SAC: 0800-155552. LOCERYL\u00ae ESMALTE \u00c9 UM MEDICAMENTO. SEU USO PODE TRAZER RISCOS. PROCURE O M\u00c9DICO E O FARMAC\u00caUTICO. LEIA A BULA. SE PERSISTIREM OS SINTOMAS, O M\u00c9DICO DEVER\u00c1 SER CONSULTADO.<\/p>\n<p><b>Sobre a Galderma <\/b><\/p>\n<p>A Galderma, maior empresa global independente de dermatologia do mundo, foi criada em 1981 e atualmente est\u00e1 presente em mais de 100 pa\u00edses. Com um extenso portf\u00f3lio de medicamentos prescritos, solu\u00e7\u00f5es est\u00e9ticas e ao consumidor, a empresa faz parceria com profissionais de sa\u00fade em todo o mundo para atender as necessidades de sa\u00fade da pele das pessoas ao longo da vida. A Galderma \u00e9 l\u00edder em pesquisa e desenvolvimento de solu\u00e7\u00f5es cientificamente definidas e clinicamente comprovadas para a pele. Para mais informa\u00e7\u00f5es, visite <a target=\"_blank\" href=\"http:\/\/www.galderma.com\/\" rel=\"noopener\">www.galderma.com<\/a>.<\/p>\n<p>FONTE  Galderma<\/p>\n<\/div>\n<p><img decoding=\"async\" alt=\"\" src=\"https:\/\/rt.prnewswire.com\/rt.gif?NewsItemId=PT67892&amp;Transmission_Id=202010221347PR_NEWS_LATAM____PT67892&amp;DateId=20201022\" \/><\/p>\n<p>PR NEWSWIRE<\/p>\n","protected":false},"excerpt":{"rendered":"Guia de cuidados com as unhas: conhe\u00e7a os melhores h\u00e1bitos para mant\u00ea-las fortes e saud\u00e1veis PR Newswire S\u00c3O PAULO, 22 de outubro de 2020 S\u00c3O PAULO, 22 de outubro de 2020 \/PRNewswire\/ &#8212;","protected":false},"author":1,"featured_media":0,"comment_status":"closed","ping_status":"closed","sticky":false,"template":"","format":"standard","meta":{"_acf_changed":false,"inline_featured_image":false,"_monsterinsights_skip_tracking":false,"_monsterinsights_sitenote_active":false,"_monsterinsights_sitenote_note":"","_monsterinsights_sitenote_category":0,"footnotes":""},"categories":[31],"tags":[],"class_list":["post-13320","post","type-post","status-publish","format-standard","hentry","category-prnewsinternacional"],"acf":[],"_links":{"self":[{"href":"https:\/\/bluestudio.estadao.com.br\/agencia-de-comunicacao\/wp-json\/wp\/v2\/posts\/13320","targetHints":{"allow":["GET"]}}],"collection":[{"href":"https:\/\/bluestudio.estadao.com.br\/agencia-de-comunicacao\/wp-json\/wp\/v2\/posts"}],"about":[{"href":"https:\/\/bluestudio.estadao.com.br\/agencia-de-comunicacao\/wp-json\/wp\/v2\/types\/post"}],"author":[{"embeddable":true,"href":"https:\/\/bluestudio.estadao.com.br\/agencia-de-comunicacao\/wp-json\/wp\/v2\/users\/1"}],"replies":[{"embeddable":true,"href":"https:\/\/bluestudio.estadao.com.br\/agencia-de-comunicacao\/wp-json\/wp\/v2\/comments?post=13320"}],"version-history":[{"count":0,"href":"https:\/\/bluestudio.estadao.com.br\/agencia-de-comunicacao\/wp-json\/wp\/v2\/posts\/13320\/revisions"}],"wp:attachment":[{"href":"https:\/\/bluestudio.estadao.com.br\/agencia-de-comunicacao\/wp-json\/wp\/v2\/media?parent=13320"}],"wp:term":[{"taxonomy":"category","embeddable":true,"href":"https:\/\/bluestudio.estadao.com.br\/agencia-de-comunicacao\/wp-json\/wp\/v2\/categories?post=13320"},{"taxonomy":"post_tag","embeddable":true,"href":"https:\/\/bluestudio.estadao.com.br\/agencia-de-comunicacao\/wp-json\/wp\/v2\/tags?post=13320"}],"curies":[{"name":"wp","href":"https:\/\/api.w.org\/{rel}","templated":true}]}}