{"id":133196,"date":"2026-07-10T12:12:00","date_gmt":"2026-07-10T15:12:00","guid":{"rendered":"https:\/\/bluestudio.estadao.com.br\/agencia-de-comunicacao\/prnewswire\/fp-markets-a-era-da-orientacao-futura-chega-ao-fim\/"},"modified":"2026-07-10T12:12:00","modified_gmt":"2026-07-10T15:12:00","slug":"fp-markets-a-era-da-orientacao-futura-chega-ao-fim","status":"publish","type":"post","link":"https:\/\/bluestudio.estadao.com.br\/agencia-de-comunicacao\/prnewswire\/fp-markets-a-era-da-orientacao-futura-chega-ao-fim\/","title":{"rendered":"FP Markets: A era da orienta\u00e7\u00e3o futura chega ao fim"},"content":{"rendered":"\n<div class=\"xn-content\">\n<span class=\"legendSpanClass\">LIMASSOL, Chipre<\/span>, <span class=\"legendSpanClass\">10 de julho de 2026<\/span> \/PRNewswire\/ &#8212; <span>O f\u00f3rum de Sintra do Banco Central Europeu (<\/span>BCE<span>) ocorreu recentemente entre 29 de junho e 1\u00ba de julho, reunindo v\u00e1rias autoridades importantes de bancos centrais que, individualmente, evitaram antecipar os rumos das taxas de juros.<\/span><\/p>\n<div class=\"PRN_ImbeddedAssetReference\" id=\"DivAssetPlaceHolder1\">\n  <img decoding=\"async\" src=\"https:\/\/mmx.prnewswire.com\/media\/MS1868904\/FP-Markets-Logo.jpg?id=OA2757344\" title=\"FP Markets Logo\" alt=\"FP Markets Logo\" \/>\n <\/p>\n<\/p><\/div>\n<p>O presidente do Federal Reserve (Fed), Kevin Warsh, a presidente do BCE, Christine Lagarde, o administrador do Banco da Inglaterra (BoE), Andrew Bailey, e o administrador do Banco do Canad\u00e1 (BoC), Tiff Macklem, apresentaram uma frente unida contra a orienta\u00e7\u00e3o futura, defendendo uma reformula\u00e7\u00e3o coordenada da maneira como interagem com os mercados.<\/p>\n<p>Warsh &#8212; um defensor de longa data da reforma do Fed &#8212; recusou-se explicitamente a oferecer proje\u00e7\u00f5es em sua primeira coletiva de imprensa como presidente, em 17 de junho, e enterrou ainda mais essa ideia no f\u00f3rum do BCE. Ele observou que o comprometimento pr\u00e9vio com uma trajet\u00f3ria espec\u00edfica deixa o banco central em uma posi\u00e7\u00e3o dif\u00edcil quando as condi\u00e7\u00f5es mudam &#8212; uma vis\u00e3o compartilhada por muitos de seus hom\u00f3logos globais.<\/p>\n<p>Lagarde, do BCE, expressou restri\u00e7\u00f5es semelhantes, dizendo que j\u00e1 havia se sentido &#8220;vinculada e compelida&#8221; por tais orienta\u00e7\u00f5es no passado. Bailey, do BoE, fez coro \u00e0 preocupa\u00e7\u00e3o de Lagarde, declarando que a &#8220;orienta\u00e7\u00e3o futura torna-se bastante problem\u00e1tica com o tempo&#8221; e acrescentou que \u00e9 &#8220;muito mais f\u00e1cil de implementar do que de retirar&#8221;. Macklem, do BoC, juntou-se aos seus colegas, migrando para a vis\u00e3o de que dar aos mercados um direcionamento altamente prescritivo j\u00e1 n\u00e3o \u00e9 mais vi\u00e1vel.<\/p>\n<p>Embora houvesse consenso, Lagarde afirmou que a mudan\u00e7a do BCE ofereceria maior transpar\u00eancia sobre como o banco central interpreta os dados recebidos, em vez de um afastamento total das orienta\u00e7\u00f5es &#8212; uma pr\u00e1tica que ela chamou de &#8220;orienta\u00e7\u00e3o baseada em estrutura&#8221;.<\/p>\n<p>O analista-chefe de mercado da <a href=\"https:\/\/www.fpmarkets.com\/\" target=\"_blank\" rel=\"nofollow\">FP Markets<\/a>, Aaron Hill, comentou: &#8220;O distanciamento da orienta\u00e7\u00e3o futura expl\u00edcita ao qual eu &#8212; e muitos investidores &#8212; nos acostumamos ao longo dos anos significa que revertemos efetivamente de uma estrutura de transpar\u00eancia de Bernanke para a era Greenspan. Com os formuladores de pol\u00edticas adotando essa nova forma de comunica\u00e7\u00e3o, os participantes do mercado se deparar\u00e3o com uma situa\u00e7\u00e3o na qual o foco muda para os dados brutos. Naturalmente, na aus\u00eancia de orienta\u00e7\u00f5es, teremos de adivinhar como um banco central poder\u00e1 reagir aos dados recebidos, o que aumentar\u00e1 a volatilidade em torno de eventos de risco de primeira linha (tier-1)&#8221;.<\/p>\n<p><b>Sobre a FP Markets:<\/b><\/p>\n<p>A <a href=\"https:\/\/www.fpmarkets.com\/\" target=\"_blank\" rel=\"nofollow\">FP Markets<\/a> \u00e9 uma corretora global, multirregulamentada e <a href=\"https:\/\/www.fpmarkets.com\/why-fp-markets\/\" target=\"_blank\" rel=\"nofollow\">premiada<\/a>, estabelecida em Sydney, Austr\u00e1lia, em 2005. A corretora oferece mais de 10.000 instrumentos de CFD em sete classes de ativos, dispon\u00edveis em plataformas l\u00edderes do setor, incluindo o <a href=\"https:\/\/www.fpmarkets.com\/platforms\/mt4\/\" target=\"_blank\" rel=\"nofollow\">MetaTrader 4<\/a>, <a href=\"https:\/\/www.fpmarkets.com\/platforms\/mt5\/\" target=\"_blank\" rel=\"nofollow\">MetaTrader 5<\/a>, <a href=\"https:\/\/www.fpmarkets.com\/platforms\/tradingview\/\" target=\"_blank\" rel=\"nofollow\">TradingView<\/a> e <a href=\"https:\/\/www.fpmarkets.com\/platforms\/ctrader\/\" target=\"_blank\" rel=\"nofollow\">cTrader<\/a>.<\/p>\n<p>A presen\u00e7a regulat\u00f3ria da FP Markets inclui licen\u00e7as e supervis\u00e3o da Australian Securities and Investments Commission (ASIC), da Cyprus Securities and Exchange Commission (CySEC), da Financial Services Authority (FSA) das Seychelles, da Financial Sector Conduct Authority (FSCA) da \u00c1frica do Sul e da Capital Markets Authority (CMA) do Qu\u00eania.<\/p>\n<p>Para mais informa\u00e7\u00f5es, acesse <a href=\"http:\/\/www.fpmarkets.com\/\" target=\"_blank\" rel=\"nofollow\"><b>www.fpmarkets.com<\/b><\/a><\/p>\n<p id=\"PURL\"><img loading=\"lazy\" decoding=\"async\" title=\"Cision\" width=\"12\" height=\"12\" alt=\"Cision\" src=\"https:\/\/edge.prnewswire.com\/c\/img\/favicon.png?sn=PT01396&amp;sd=2026-07-10\" \/> View original content to download multimedia:<a id=\"PRNURL\" rel=\"nofollow\" href=\"https:\/\/www.prnewswire.com\/br\/comunicados-para-a-imprensa\/fp-markets-a-era-da-orientacao-futura-chega-ao-fim-302822873.html\" target=\"_blank\">https:\/\/www.prnewswire.com\/br\/comunicados-para-a-imprensa\/fp-markets-a-era-da-orientacao-futura-chega-ao-fim-302822873.html<\/a><\/p>\n<p>FONTE FP Markets<\/p>\n<\/div>\n<p>  <img decoding=\"async\" alt=\"\" src=\"https:\/\/rt.prnewswire.com\/rt.gif?NewsItemId=PT01396&amp;Transmission_Id=202607101109PR_NEWS_LATAM____PT01396&amp;DateId=20260710\" style=\"border:0px;width:1px;height:1px\" \/><\/p>\n<p><strong>T\u00f3picos Relacionados:<\/strong> Tecnologia Financeira, Computador\/Eletr\u00f4nica, Servi\u00e7os Banc\u00e1rios\/Financeiros<\/p>\n<p>A <b>OESP<\/b> n\u00e3o \u00e9(s\u00e3o) respons\u00e1vel(is) por erros, incorre\u00e7\u00f5es, atrasos ou quaisquer decis\u00f5es tomadas por seus clientes com base nos Conte\u00fados ora disponibilizados, bem como tais Conte\u00fados n\u00e3o representam a opini\u00e3o da <b>OESP<\/b> e s\u00e3o de inteira responsabilidade da <b>PR Newswire Ltda<\/b><\/p>\n","protected":false},"excerpt":{"rendered":"LIMASSOL, Chipre, 10 de julho de 2026 \/PRNewswire\/ &#8212; O f\u00f3rum de Sintra do Banco Central Europeu (BCE) ocorreu recentemente entre 29 de junho e 1\u00ba de julho, reunindo v\u00e1rias autoridades","protected":false},"author":1,"featured_media":133197,"comment_status":"open","ping_status":"closed","sticky":false,"template":"","format":"standard","meta":{"_acf_changed":false,"inline_featured_image":false,"_monsterinsights_skip_tracking":false,"_monsterinsights_sitenote_active":false,"_monsterinsights_sitenote_note":"","_monsterinsights_sitenote_category":0,"footnotes":""},"categories":[27],"tags":[11427,11425,11426],"class_list":["post-133196","post","type-post","status-publish","format-standard","has-post-thumbnail","hentry","category-prnewswire","tag-individualme","tag-o-forum-de-sintra-do-banco-central-europeu-bce-ocorreu-recentemente-entre-29-de-junho-e-1o-de-julho","tag-reunindo-varias-autoridades-importantes-de-bancos-centrais-que"],"acf":[],"_links":{"self":[{"href":"https:\/\/bluestudio.estadao.com.br\/agencia-de-comunicacao\/wp-json\/wp\/v2\/posts\/133196","targetHints":{"allow":["GET"]}}],"collection":[{"href":"https:\/\/bluestudio.estadao.com.br\/agencia-de-comunicacao\/wp-json\/wp\/v2\/posts"}],"about":[{"href":"https:\/\/bluestudio.estadao.com.br\/agencia-de-comunicacao\/wp-json\/wp\/v2\/types\/post"}],"author":[{"embeddable":true,"href":"https:\/\/bluestudio.estadao.com.br\/agencia-de-comunicacao\/wp-json\/wp\/v2\/users\/1"}],"replies":[{"embeddable":true,"href":"https:\/\/bluestudio.estadao.com.br\/agencia-de-comunicacao\/wp-json\/wp\/v2\/comments?post=133196"}],"version-history":[{"count":0,"href":"https:\/\/bluestudio.estadao.com.br\/agencia-de-comunicacao\/wp-json\/wp\/v2\/posts\/133196\/revisions"}],"wp:featuredmedia":[{"embeddable":true,"href":"https:\/\/bluestudio.estadao.com.br\/agencia-de-comunicacao\/wp-json\/wp\/v2\/media\/133197"}],"wp:attachment":[{"href":"https:\/\/bluestudio.estadao.com.br\/agencia-de-comunicacao\/wp-json\/wp\/v2\/media?parent=133196"}],"wp:term":[{"taxonomy":"category","embeddable":true,"href":"https:\/\/bluestudio.estadao.com.br\/agencia-de-comunicacao\/wp-json\/wp\/v2\/categories?post=133196"},{"taxonomy":"post_tag","embeddable":true,"href":"https:\/\/bluestudio.estadao.com.br\/agencia-de-comunicacao\/wp-json\/wp\/v2\/tags?post=133196"}],"curies":[{"name":"wp","href":"https:\/\/api.w.org\/{rel}","templated":true}]}}