{"id":133179,"date":"2026-07-10T10:42:00","date_gmt":"2026-07-10T13:42:00","guid":{"rendered":"https:\/\/bluestudio.estadao.com.br\/agencia-de-comunicacao\/prnewswire\/gac-acelera-vendas-globais-no-1o-semestre-com-forte-desempenho-em-diferentes-mercados\/"},"modified":"2026-07-10T10:42:00","modified_gmt":"2026-07-10T13:42:00","slug":"gac-acelera-vendas-globais-no-1o-semestre-com-forte-desempenho-em-diferentes-mercados","status":"publish","type":"post","link":"https:\/\/bluestudio.estadao.com.br\/agencia-de-comunicacao\/prnewswire\/gac-acelera-vendas-globais-no-1o-semestre-com-forte-desempenho-em-diferentes-mercados\/","title":{"rendered":"GAC acelera vendas globais no 1\u00ba semestre com forte desempenho em diferentes mercados"},"content":{"rendered":"\n<div class=\"xn-content\">\n<span class=\"legendSpanClass\">GUANGZHOU, China<\/span>, <span class=\"legendSpanClass\">10 de julho de 2026<\/span> \/PRNewswire\/ &#8212; No primeiro semestre de 2026, as vendas internacionais da GAC, tanto no atacado quanto ao consumidor final, mais que dobraram em rela\u00e7\u00e3o ao mesmo per\u00edodo do ano anterior. As exporta\u00e7\u00f5es somaram 121.483 ve\u00edculos, volume pr\u00f3ximo ao registrado em todo o ano anterior. O resultado representa alta de 132% na compara\u00e7\u00e3o anual e marca um salto nas vendas internacionais da empresa.<\/p>\n<div class=\"PRN_ImbeddedAssetReference\" id=\"DivAssetPlaceHolder2821\">\n<img decoding=\"async\" src=\"https:\/\/mmx.prnewswire.com\/media\/MS1880306\/f303cccb901948d9be2a65ee8d7f9718.jpg?id=OA2756953\" title=\"\" alt=\"\" \/><\/p>\n<\/div>\n<p>Nas Am\u00e9ricas, o M\u00e9xico registrou desempenho de destaque entre janeiro e maio. Os modelos AION ES e AION UT ficaram entre os dez ve\u00edculos el\u00e9tricos a bateria mais vendidos: o AION UT ocupou a terceira posi\u00e7\u00e3o no segmento B, enquanto o AION ES ficou em segundo lugar no segmento C. Na Bol\u00edvia, a GAC manteve resultados s\u00f3lidos e liderou, por meses consecutivos, as vendas entre as marcas chinesas de ve\u00edculos de passeio. No Brasil, as vendas de junho saltaram 1.129% em rela\u00e7\u00e3o a maio e cresceram 24% na compara\u00e7\u00e3o ano a ano. Na Col\u00f4mbia, as vendas de junho cresceram 804% em rela\u00e7\u00e3o a maio e 21% na compara\u00e7\u00e3o anual. No Uruguai, avan\u00e7aram 66% no m\u00eas e 254% ante junho do ano passado. No Paraguai, o aumento mensal foi de 469%. Al\u00e9m disso, as vendas ao consumidor final em maio cresceram 733% na Costa Rica e 223% na Venezuela, na compara\u00e7\u00e3o anual. No Uruguai, a GAC est\u00e1 entre as cinco marcas de ve\u00edculos el\u00e9tricos mais vendidas.<\/p>\n<p>Na regi\u00e3o \u00c1sia-Pac\u00edfico, a GAC liderou, em abril, as vendas de ve\u00edculos el\u00e9tricos de passeio para uso particular na Regi\u00e3o Administrativa Especial de Hong Kong. Entre janeiro e maio, sua participa\u00e7\u00e3o acumulada no mercado superou 11%. Em Singapura, as vendas de junho cresceram 77% em rela\u00e7\u00e3o a maio e 30% na compara\u00e7\u00e3o anual. Em abril, a GAC ficou em segundo lugar entre as marcas de ve\u00edculos totalmente el\u00e9tricos no mercado local, com participa\u00e7\u00e3o pr\u00f3xima de 7%. Na Tail\u00e2ndia, as vendas de junho cresceram 207% em rela\u00e7\u00e3o a maio e 15% na compara\u00e7\u00e3o anual. A GAC manteve a lideran\u00e7a isolada no segmento de t\u00e1xis el\u00e9tricos. Al\u00e9m disso, as vendas de abril cresceram 900% na Mal\u00e1sia e 338% na Indon\u00e9sia, na compara\u00e7\u00e3o anual. No Camboja, a GAC permanece entre as tr\u00eas marcas chinesas de autom\u00f3veis mais vendidas.<\/p>\n<p>No Oriente M\u00e9dio e na \u00c1frica, as vendas de junho cresceram 233% em rela\u00e7\u00e3o a maio e 33% na compara\u00e7\u00e3o anual na Costa do Marfim. Na Eti\u00f3pia, os volumes avan\u00e7aram 510% no m\u00eas e 118% ante junho de 2025. No L\u00edbano, as vendas ao consumidor final cresceram 50% em maio, na compara\u00e7\u00e3o anual. O EMZOOM liderou as vendas no segmento local de SUVs compactos. Iraque, Ar\u00e1bia Saudita e Emirados \u00c1rabes Unidos registraram crescimento de tr\u00eas d\u00edgitos.<\/p>\n<p>Para mais informa\u00e7\u00f5es sobre a GAC, acesse: <a href=\"https:\/\/www.gacgroup.com\/en\" target=\"_blank\" rel=\"nofollow\">https:\/\/www.gacgroup.com\/en<\/a> ou siga-nos nas redes sociais.<\/p>\n<\/p>\n<div class=\"PRN_ImbeddedAssetReference\" id=\"DivAssetPlaceHolder0\"><\/div>\n<p id=\"PURL\"><img loading=\"lazy\" decoding=\"async\" title=\"Cision\" width=\"12\" height=\"12\" alt=\"Cision\" src=\"https:\/\/edge.prnewswire.com\/c\/img\/favicon.png?sn=PT01262&amp;sd=2026-07-10\" \/> View original content to download multimedia:<a id=\"PRNURL\" rel=\"nofollow\" href=\"https:\/\/www.prnewswire.com\/br\/comunicados-para-a-imprensa\/gac-acelera-vendas-globais-no-1-semestre-com-forte-desempenho-em-diferentes-mercados-302822825.html\" target=\"_blank\">https:\/\/www.prnewswire.com\/br\/comunicados-para-a-imprensa\/gac-acelera-vendas-globais-no-1-semestre-com-forte-desempenho-em-diferentes-mercados-302822825.html<\/a><\/p>\n<p>FONTE GAC<\/p>\n<\/div>\n<p>  <img decoding=\"async\" alt=\"\" src=\"https:\/\/rt.prnewswire.com\/rt.gif?NewsItemId=PT01262&amp;Transmission_Id=202607100938PR_NEWS_LATAM____PT01262&amp;DateId=20260710\" style=\"border:0px;width:1px;height:1px\" \/><\/p>\n<p><strong>T\u00f3picos Relacionados:<\/strong> Pesquisa, Enquetes e Estudos, Transporte \/ Caminh\u00f5es \/ Ferrovias, Automotivo, Relat\u00f3rios de Vendas<\/p>\n<p>A <b>OESP<\/b> n\u00e3o \u00e9(s\u00e3o) respons\u00e1vel(is) por erros, incorre\u00e7\u00f5es, atrasos ou quaisquer decis\u00f5es tomadas por seus clientes com base nos Conte\u00fados ora disponibilizados, bem como tais Conte\u00fados n\u00e3o representam a opini\u00e3o da <b>OESP<\/b> e s\u00e3o de inteira responsabilidade da <b>PR Newswire Ltda<\/b><\/p>\n","protected":false},"excerpt":{"rendered":"GUANGZHOU, China, 10 de julho de 2026 \/PRNewswire\/ &#8212; No primeiro semestre de 2026, as vendas internacionais da GAC, tanto no atacado quanto ao consumidor final, mais que dobraram em rela\u00e7\u00e3o ao","protected":false},"author":1,"featured_media":133180,"comment_status":"open","ping_status":"closed","sticky":false,"template":"","format":"standard","meta":{"_acf_changed":false,"inline_featured_image":false,"_monsterinsights_skip_tracking":false,"_monsterinsights_sitenote_active":false,"_monsterinsights_sitenote_note":"","_monsterinsights_sitenote_category":0,"footnotes":""},"categories":[27],"tags":[11419,11421,11231,11420],"class_list":["post-133179","post","type-post","status-publish","format-standard","has-post-thumbnail","hentry","category-prnewswire","tag-as-vendas-internacionais-da-gac","tag-mais-que-dobraram-em-relacao-ao-mesmo-periodo-do-ano-anterior-as-expor","tag-no-primeiro-semestre-de-2026","tag-tanto-no-atacado-quanto-ao-consumidor-final"],"acf":[],"_links":{"self":[{"href":"https:\/\/bluestudio.estadao.com.br\/agencia-de-comunicacao\/wp-json\/wp\/v2\/posts\/133179","targetHints":{"allow":["GET"]}}],"collection":[{"href":"https:\/\/bluestudio.estadao.com.br\/agencia-de-comunicacao\/wp-json\/wp\/v2\/posts"}],"about":[{"href":"https:\/\/bluestudio.estadao.com.br\/agencia-de-comunicacao\/wp-json\/wp\/v2\/types\/post"}],"author":[{"embeddable":true,"href":"https:\/\/bluestudio.estadao.com.br\/agencia-de-comunicacao\/wp-json\/wp\/v2\/users\/1"}],"replies":[{"embeddable":true,"href":"https:\/\/bluestudio.estadao.com.br\/agencia-de-comunicacao\/wp-json\/wp\/v2\/comments?post=133179"}],"version-history":[{"count":0,"href":"https:\/\/bluestudio.estadao.com.br\/agencia-de-comunicacao\/wp-json\/wp\/v2\/posts\/133179\/revisions"}],"wp:featuredmedia":[{"embeddable":true,"href":"https:\/\/bluestudio.estadao.com.br\/agencia-de-comunicacao\/wp-json\/wp\/v2\/media\/133180"}],"wp:attachment":[{"href":"https:\/\/bluestudio.estadao.com.br\/agencia-de-comunicacao\/wp-json\/wp\/v2\/media?parent=133179"}],"wp:term":[{"taxonomy":"category","embeddable":true,"href":"https:\/\/bluestudio.estadao.com.br\/agencia-de-comunicacao\/wp-json\/wp\/v2\/categories?post=133179"},{"taxonomy":"post_tag","embeddable":true,"href":"https:\/\/bluestudio.estadao.com.br\/agencia-de-comunicacao\/wp-json\/wp\/v2\/tags?post=133179"}],"curies":[{"name":"wp","href":"https:\/\/api.w.org\/{rel}","templated":true}]}}