{"id":132744,"date":"2026-07-02T14:42:00","date_gmt":"2026-07-02T17:42:00","guid":{"rendered":"https:\/\/bluestudio.estadao.com.br\/agencia-de-comunicacao\/prnewswire\/estudo-da-alianca-empreendedora-aponta-que-apoio-a-microempreendedores-pode-injetar-r-180-bilhoes-na-economia\/"},"modified":"2026-07-02T14:42:00","modified_gmt":"2026-07-02T17:42:00","slug":"estudo-da-alianca-empreendedora-aponta-que-apoio-a-microempreendedores-pode-injetar-r-180-bilhoes-na-economia","status":"publish","type":"post","link":"https:\/\/bluestudio.estadao.com.br\/agencia-de-comunicacao\/prnewswire\/estudo-da-alianca-empreendedora-aponta-que-apoio-a-microempreendedores-pode-injetar-r-180-bilhoes-na-economia\/","title":{"rendered":"Estudo da Alian\u00e7a Empreendedora aponta que apoio a microempreendedores pode injetar R$ 180 bilh\u00f5es na economia"},"content":{"rendered":"\n<div class=\"xn-content\">\n<span class=\"legendSpanClass\">S\u00c3O PAULO<\/span>, <span class=\"legendSpanClass\">2 de julho de 2026<\/span> <span>\/PRNewswire\/ &#8212; <\/span>Investir em pol\u00edticas p\u00fablicas de apoio aos microempreendedores pode injetar pelo menos <b>R$ 180,7 bilh\u00f5es<\/b> na economia brasileira nos pr\u00f3ximos quatro anos. Esse \u00e9 o principal achado do estudo <b>&#8220;Todos Podem Empreender&#8221;<\/b>, lan\u00e7ado pelo Programa Empreender 360 da Alian\u00e7a Empreendedora. Baseada na PNAD Cont\u00ednua (Pesquisa Nacional por Amostra de Domic\u00edlios), a proje\u00e7\u00e3o estima o impacto financeiro caso o pa\u00eds consiga acelerar o ritmo de apoio e formaliza\u00e7\u00e3o de microneg\u00f3cios em 10 pontos percentuais acima da tend\u00eancia atual.<\/p>\n<p>Apresentado no 8\u00ba F\u00f3rum Brasileiro de Microempreendedorismo, em Bras\u00edlia, o estudo funciona como um raio-X do ecossistema empreendedor, em especial da base da pir\u00e2mide. Mais do que tra\u00e7ar uma an\u00e1lise do cen\u00e1rio macroecon\u00f4mico, ele comprova que o empreendedorismo de base \u00e9 uma das ferramentas mais eficazes para a supera\u00e7\u00e3o da pobreza.<\/p>\n<p>Houve um salto de 20,25% na quantidade de microempreendedores no Brasil entre 2016 e 2025 &#8211; crescimento que representa mais 4,7 milh\u00f5es de brasileiros atuando como empreendedores. Esse dado ganha mais relev\u00e2ncia quando sabemos que 65,3% deles seguem atuando na informalidade. &#8220;Se pegarmos o n\u00famero de empreendedores que ainda n\u00e3o formalizaram seus neg\u00f3cios &#8211; em torno de 18 milh\u00f5es -, h\u00e1 um campo enorme para fomentar a a\u00e7\u00e3o empreendedora formal no pa\u00eds&#8221;, enfatiza Mariane Rodrigues, L\u00edder de Advocacy e Rela\u00e7\u00f5es Governamentais do Programa Empreender 360 da Alian\u00e7a Empreendedora. &#8220;A formaliza\u00e7\u00e3o \u00e9 uma potente ferramenta de inclus\u00e3o produtiva e prote\u00e7\u00e3o social das popula\u00e7\u00f5es mais desamparadas, uma vez que as chances de superar as condi\u00e7\u00f5es de pobreza aumentam muito quando a atua\u00e7\u00e3o profissional \u00e9 formalizada. Dados desse estudo apontam um aumento de renda p\u00f3s-formaliza\u00e7\u00e3o de, em m\u00e9dia, 9,5%. Para que isso se torne realidade, especialmente na base da pir\u00e2mide, essa jornada precisa ser acompanhada e orientada com qualidade. O CNPJ sozinho n\u00e3o transforma a vida.&#8221;<\/p>\n<p>Segundo o estudo, profissionais que formalizaram seus neg\u00f3cios tiveram 20,4 pontos percentuais a mais de chances de superar a faixa de renda de at\u00e9 R$ 560 mensais no ano seguinte ao da formaliza\u00e7\u00e3o. A abertura de CNPJ oferece ao empreendedor ferramentas para o desenvolvimento do neg\u00f3cio e aumento de sua renda, como acesso aos direitos previdenci\u00e1rios, a possibilidade de emitir notas fiscais e a abertura de novos mercados de venda.<\/p>\n<p>O estudo completo pode ser visto <a href=\"https:\/\/evento.aliancaempreendedora.org.br\/e360-todos-podem-empreender-2\" target=\"_blank\" rel=\"nofollow\">aqui<\/a>.<\/p>\n<\/p>\n<p id=\"PURL\"><img loading=\"lazy\" decoding=\"async\" title=\"Cision\" width=\"12\" height=\"12\" alt=\"Cision\" src=\"https:\/\/edge.prnewswire.com\/c\/img\/favicon.png?sn=PT97303&amp;sd=2026-07-02\" \/> View original content:<a id=\"PRNURL\" rel=\"nofollow\" href=\"https:\/\/www.prnewswire.com\/br\/comunicados-para-a-imprensa\/estudo-da-alianca-empreendedora-aponta-que-apoio-a-microempreendedores-pode-injetar-r-180-bilhoes-na-economia-302817117.html\" target=\"_blank\">https:\/\/www.prnewswire.com\/br\/comunicados-para-a-imprensa\/estudo-da-alianca-empreendedora-aponta-que-apoio-a-microempreendedores-pode-injetar-r-180-bilhoes-na-economia-302817117.html<\/a><\/p>\n<p>FONTE Alian\u00e7a Empreendedora<\/p>\n<\/div>\n<p>  <img decoding=\"async\" alt=\"\" src=\"https:\/\/rt.prnewswire.com\/rt.gif?NewsItemId=PT97303&amp;Transmission_Id=202607021336PR_NEWS_LATAM____PT97303&amp;DateId=20260702\" style=\"border:0px;width:1px;height:1px\" \/><\/p>\n<p><strong>T\u00f3picos Relacionados:<\/strong> Pesquisa, Enquetes e Estudos, Not\u00edcias de Feiras Comerciais, Not\u00edcias Econ\u00f4micas, Tend\u00eancias, An\u00e1lises, Servi\u00e7os Banc\u00e1rios\/Financeiros<\/p>\n<p>A <b>OESP<\/b> n\u00e3o \u00e9(s\u00e3o) respons\u00e1vel(is) por erros, incorre\u00e7\u00f5es, atrasos ou quaisquer decis\u00f5es tomadas por seus clientes com base nos Conte\u00fados ora disponibilizados, bem como tais Conte\u00fados n\u00e3o representam a opini\u00e3o da <b>OESP<\/b> e s\u00e3o de inteira responsabilidade da <b>PR Newswire Ltda<\/b><\/p>\n","protected":false},"excerpt":{"rendered":"S\u00c3O PAULO, 2 de julho de 2026 \/PRNewswire\/ &#8212; Investir em pol\u00edticas p\u00fablicas de apoio aos microempreendedores pode injetar pelo menos R$ 180,7 bilh\u00f5es na economia brasileira nos pr\u00f3ximos","protected":false},"author":1,"featured_media":132745,"comment_status":"open","ping_status":"closed","sticky":false,"template":"","format":"standard","meta":{"_acf_changed":false,"inline_featured_image":false,"_monsterinsights_skip_tracking":false,"_monsterinsights_sitenote_active":false,"_monsterinsights_sitenote_note":"","_monsterinsights_sitenote_category":0,"footnotes":""},"categories":[27],"tags":[11222,11221],"class_list":["post-132744","post","type-post","status-publish","format-standard","has-post-thumbnail","hentry","category-prnewswire","tag-7-bilhoes-na-economia-brasileira-nos-proximos-quatro-anos-esse-e-o-principal","tag-investir-em-politicas-publicas-de-apoio-aos-microempreendedores-pode-injetar-pelo-menos-r-180"],"acf":[],"_links":{"self":[{"href":"https:\/\/bluestudio.estadao.com.br\/agencia-de-comunicacao\/wp-json\/wp\/v2\/posts\/132744","targetHints":{"allow":["GET"]}}],"collection":[{"href":"https:\/\/bluestudio.estadao.com.br\/agencia-de-comunicacao\/wp-json\/wp\/v2\/posts"}],"about":[{"href":"https:\/\/bluestudio.estadao.com.br\/agencia-de-comunicacao\/wp-json\/wp\/v2\/types\/post"}],"author":[{"embeddable":true,"href":"https:\/\/bluestudio.estadao.com.br\/agencia-de-comunicacao\/wp-json\/wp\/v2\/users\/1"}],"replies":[{"embeddable":true,"href":"https:\/\/bluestudio.estadao.com.br\/agencia-de-comunicacao\/wp-json\/wp\/v2\/comments?post=132744"}],"version-history":[{"count":0,"href":"https:\/\/bluestudio.estadao.com.br\/agencia-de-comunicacao\/wp-json\/wp\/v2\/posts\/132744\/revisions"}],"wp:featuredmedia":[{"embeddable":true,"href":"https:\/\/bluestudio.estadao.com.br\/agencia-de-comunicacao\/wp-json\/wp\/v2\/media\/132745"}],"wp:attachment":[{"href":"https:\/\/bluestudio.estadao.com.br\/agencia-de-comunicacao\/wp-json\/wp\/v2\/media?parent=132744"}],"wp:term":[{"taxonomy":"category","embeddable":true,"href":"https:\/\/bluestudio.estadao.com.br\/agencia-de-comunicacao\/wp-json\/wp\/v2\/categories?post=132744"},{"taxonomy":"post_tag","embeddable":true,"href":"https:\/\/bluestudio.estadao.com.br\/agencia-de-comunicacao\/wp-json\/wp\/v2\/tags?post=132744"}],"curies":[{"name":"wp","href":"https:\/\/api.w.org\/{rel}","templated":true}]}}