{"id":132509,"date":"2026-06-30T09:27:00","date_gmt":"2026-06-30T12:27:00","guid":{"rendered":"https:\/\/bluestudio.estadao.com.br\/agencia-de-comunicacao\/prnewswire\/yili-group-apresenta-inovacoes-no-setor-de-laticinios-e-o-desenvolvimento-de-produtos-funcionais-no-xix-congresso-global-de-laticinios\/"},"modified":"2026-06-30T09:27:00","modified_gmt":"2026-06-30T12:27:00","slug":"yili-group-apresenta-inovacoes-no-setor-de-laticinios-e-o-desenvolvimento-de-produtos-funcionais-no-xix-congresso-global-de-laticinios","status":"publish","type":"post","link":"https:\/\/bluestudio.estadao.com.br\/agencia-de-comunicacao\/prnewswire\/yili-group-apresenta-inovacoes-no-setor-de-laticinios-e-o-desenvolvimento-de-produtos-funcionais-no-xix-congresso-global-de-laticinios\/","title":{"rendered":"Yili Group apresenta inova\u00e7\u00f5es no setor de latic\u00ednios e o desenvolvimento de produtos funcionais no XIX Congresso Global de Latic\u00ednios"},"content":{"rendered":"\n<div class=\"xn-content\">\n<span class=\"legendSpanClass\">CAMBRIDGE, Inglaterra<\/span>, <span class=\"legendSpanClass\">30 de junho de 2026<\/span> \/PRNewswire\/ &#8212; De 17 a 18 de junho, aconteceu em Barcelona, Espanha, o 19\u00ba Congresso Global de Latic\u00ednios, com o tema &#8220;Fit for Purpose&#8221; (Adequado para a finalidade), reunindo l\u00edderes e representantes do setor de latic\u00ednios de todo o mundo. No dia da abertura, Dr. Ignatius Szeto, vice-presidente do Yili Group, foi o palestrante principal da sess\u00e3o &#8220;Lideran\u00e7a do Setor&#8221;, com a palestra intitulada &#8220;Criando oportunidades para produtos funcionais de alto valor&#8221;. Esta foi a d\u00e9cima participa\u00e7\u00e3o da Yili no congresso, e sua apresenta\u00e7\u00e3o se concentrou em solu\u00e7\u00f5es nutricionais e de sa\u00fade de alto valor, trazendo novas oportunidades para a cria\u00e7\u00e3o de produtos l\u00e1cteos funcionais inovadores.<\/p>\n<div class=\"PRN_ImbeddedAssetReference\" id=\"DivAssetPlaceHolder6503\">\n<a href=\"https:\/\/mma.prnewswire.com\/media\/3001922\/image1.html\" target=\"_blank\" rel=\"nofollow\"><img decoding=\"async\" src=\"https:\/\/mma.prnewswire.com\/media\/3001922\/image1.jpg\" title=\"Dr. Szeto faz o discurso principal no Congresso Global de Latic\u00ednios de 2026 (PRNewsfoto\/Yili Group)\" alt=\"Dr. Szeto faz o discurso principal no Congresso Global de Latic\u00ednios de 2026 (PRNewsfoto\/Yili Group)\" \/><\/a><\/p>\n<\/div>\n<p>Durante uma mesa redonda, Dr. Szeto salientou: &#8220;A nutri\u00e7\u00e3o personalizada representa o pr\u00f3ximo fator decisivo para promover mais inova\u00e7\u00e3o no setor de latic\u00ednios. Os avan\u00e7os na tecnologia de latic\u00ednios tornaram poss\u00edvel o desenvolvimento de produtos funcionais adaptados a caracter\u00edsticas demogr\u00e1ficas e necessidades de sa\u00fade espec\u00edficas. Al\u00e9m disso, as vantagens nutricionais naturais dos latic\u00ednios conferem a esse setor um imenso potencial de crescimento.&#8221;<\/p>\n<p>Durante o congresso, Dr. Szeto tamb\u00e9m fez uma apresenta\u00e7\u00e3o intitulada &#8220;Leite de cabra: caracter\u00edsticas digestivas e de absor\u00e7\u00e3o e valor nutricional preciso para toda a fam\u00edlia&#8221;, na qual apresentou uma vis\u00e3o geral abrangente das mais recentes inova\u00e7\u00f5es da Yili na categoria de leite de cabra, revelando abordagens refinadas para a sa\u00fade nutricional de toda a fam\u00edlia.<\/p>\n<div class=\"PRN_ImbeddedAssetReference\" id=\"DivAssetPlaceHolder9704\">\n<a href=\"https:\/\/mma.prnewswire.com\/media\/3001923\/image2.html\" target=\"_blank\" rel=\"nofollow\"><img decoding=\"async\" src=\"https:\/\/mma.prnewswire.com\/media\/3001923\/image2.jpg\" title=\"A Yili recebeu alguns pr\u00eamios World Dairy Innovation Awards (PRNewsfoto\/Yili Group)\" alt=\"A Yili recebeu alguns pr\u00eamios World Dairy Innovation Awards (PRNewsfoto\/Yili Group)\" \/><\/a><\/p>\n<\/div>\n<p>Um dos principais destaques do Congresso foi o an\u00fancio oficial do World Dairy Innovation Awards 2026, reconhecendo a inova\u00e7\u00e3o no setor de latic\u00ednios. Gra\u00e7as \u00e0 sua tecnologia de ponta e \u00e0s inova\u00e7\u00f5es orientadas para o mercado, a Yili foi homenageada com dois t\u00edtulos de &#8220;Vencedora&#8221;, al\u00e9m de dez men\u00e7\u00f5es como &#8220;Finalista&#8221; e sete men\u00e7\u00f5es de &#8220;Destaque&#8221;. Vale destacar que o iogurte probi\u00f3tico com bolinhas explosivas de lim\u00e3o e aveia da Changqing conquistou o pr\u00eamio de Melhor Iogurte, enquanto o iogurte de casca de leite da variedade Hulunbuir, da Gonglao, foi reconhecido como Melhor Produto Artesanal. Os produtos premiados inclu\u00edram diversas categorias, como nutri\u00e7\u00e3o para adultos, leite l\u00edquido, sorvete, leite em p\u00f3 e creme. Este \u00e9 o s\u00e9timo ano consecutivo em que a Yili \u00e9 premiada neste prestigiado evento.<\/p>\n<p>Richard Hall, presidente do Congresso Global de Latic\u00ednios, elogiou a Yili por sua not\u00e1vel capacidade de apresentar, ano ap\u00f3s ano, inova\u00e7\u00f5es premiadas, apesar dos crescentes desafios do setor. Ele destacou que o setor de latic\u00ednios chin\u00eas se encontra atualmente na vanguarda da inova\u00e7\u00e3o mundial, observando que a Yili se tornou um importante agente impulsionador do setor em todo o mundo em virtude de seus cont\u00ednuos avan\u00e7os tecnol\u00f3gicos e de sua compreens\u00e3o precisa das necessidades dos consumidores.<\/p>\n<p>Al\u00e9m do palco principal, a Yili apresentou uma extensa linha de produtos em seu estande, atendendo a diversos cen\u00e1rios de sa\u00fade altamente especializados, como controle da glicemia, sa\u00fade \u00f3ssea, cuidados cardiovasculares, nutri\u00e7\u00e3o gastrointestinal para toda a fam\u00edlia e imunidade no esporte. Essas apresenta\u00e7\u00f5es receberam grande aten\u00e7\u00e3o e elogios dos especialistas presentes.<\/p>\n<p>Ao longo dos anos, a Yili tem mantido uma abordagem firmemente centrada no consumidor, aproveitando informa\u00e7\u00f5es precisas sobre as demandas dos consumidores para desenvolver um portf\u00f3lio completo de produtos de sa\u00fade que abrange todos os grupos demogr\u00e1ficos, fases da vida e cen\u00e1rios de consumo. De acordo com seu mais recente relat\u00f3rio financeiro, a participa\u00e7\u00e3o na receita dos novos produtos da Yili subiu para 16,4% em 2025, atuando como um importante propulsor do crescimento de alta qualidade da empresa.<\/p>\n<p>Foto &#8211; <a href=\"https:\/\/mma.prnewswire.com\/media\/3001922\/image1.jpg\" target=\"_blank\" rel=\"nofollow\">https:\/\/mma.prnewswire.com\/media\/3001922\/image1.jpg<\/a><br \/>Foto &#8211; <a href=\"https:\/\/mma.prnewswire.com\/media\/3001923\/image2.jpg\" target=\"_blank\" rel=\"nofollow\">https:\/\/mma.prnewswire.com\/media\/3001923\/image2.jpg<\/a><\/p>\n<div class=\"PRN_ImbeddedAssetReference\" id=\"DivAssetPlaceHolder0\"><\/div>\n<p id=\"PURL\"><img loading=\"lazy\" decoding=\"async\" title=\"Cision\" width=\"12\" height=\"12\" alt=\"Cision\" src=\"https:\/\/edge.prnewswire.com\/c\/img\/favicon.png?sn=PT93674&amp;sd=2026-06-28\" \/> View original content to download multimedia:<a id=\"PRNURL\" rel=\"nofollow\" href=\"https:\/\/www.prnewswire.com\/br\/comunicados-para-a-imprensa\/yili-group-apresenta-inovacoes-no-setor-de-laticinios-e-o-desenvolvimento-de-produtos-funcionais-no-xix-congresso-global-de-laticinios-302814516.html\" target=\"_blank\">https:\/\/www.prnewswire.com\/br\/comunicados-para-a-imprensa\/yili-group-apresenta-inovacoes-no-setor-de-laticinios-e-o-desenvolvimento-de-produtos-funcionais-no-xix-congresso-global-de-laticinios-302814516.html<\/a><\/p>\n<p>FONTE Yili Group<\/p>\n<\/div>\n<p>  <img decoding=\"async\" alt=\"\" src=\"https:\/\/rt.prnewswire.com\/rt.gif?NewsItemId=PT93674&amp;Transmission_Id=202606282130PR_NEWS_LATAM____PT93674&amp;DateId=20260630\" style=\"border:0px;width:1px;height:1px\" \/><\/p>\n<p><strong>T\u00f3picos Relacionados:<\/strong> Alimentos, Not\u00edcias de Feiras Comerciais, Sa\u00fade\/Hospitais<\/p>\n<p>A <b>OESP<\/b> n\u00e3o \u00e9(s\u00e3o) respons\u00e1vel(is) por erros, incorre\u00e7\u00f5es, atrasos ou quaisquer decis\u00f5es tomadas por seus clientes com base nos Conte\u00fados ora disponibilizados, bem como tais Conte\u00fados n\u00e3o representam a opini\u00e3o da <b>OESP<\/b> e s\u00e3o de inteira responsabilidade da <b>PR Newswire Ltda<\/b><\/p>\n","protected":false},"excerpt":{"rendered":"CAMBRIDGE, Inglaterra, 30 de junho de 2026 \/PRNewswire\/ &#8212; De 17 a 18 de junho, aconteceu em Barcelona, Espanha, o 19\u00ba Congresso Global de Latic\u00ednios, com o tema &#8220;Fit for Purpose&#8221;","protected":false},"author":1,"featured_media":132510,"comment_status":"open","ping_status":"closed","sticky":false,"template":"","format":"standard","meta":{"_acf_changed":false,"inline_featured_image":false,"_monsterinsights_skip_tracking":false,"_monsterinsights_sitenote_active":false,"_monsterinsights_sitenote_note":"","_monsterinsights_sitenote_category":0,"footnotes":""},"categories":[27],"tags":[11106,11108,11105,1198,11107,11109],"class_list":["post-132509","post","type-post","status-publish","format-standard","has-post-thumbnail","hentry","category-prnewswire","tag-aconteceu-em-barcelona","tag-com-o-tema-fit-for-purpose-adequado-para-a-finalidade","tag-de-17-a-18-de-junho","tag-espanha","tag-o-19o-congresso-global-de-laticinios","tag-reunindo-lideres-e-represent"],"acf":[],"_links":{"self":[{"href":"https:\/\/bluestudio.estadao.com.br\/agencia-de-comunicacao\/wp-json\/wp\/v2\/posts\/132509","targetHints":{"allow":["GET"]}}],"collection":[{"href":"https:\/\/bluestudio.estadao.com.br\/agencia-de-comunicacao\/wp-json\/wp\/v2\/posts"}],"about":[{"href":"https:\/\/bluestudio.estadao.com.br\/agencia-de-comunicacao\/wp-json\/wp\/v2\/types\/post"}],"author":[{"embeddable":true,"href":"https:\/\/bluestudio.estadao.com.br\/agencia-de-comunicacao\/wp-json\/wp\/v2\/users\/1"}],"replies":[{"embeddable":true,"href":"https:\/\/bluestudio.estadao.com.br\/agencia-de-comunicacao\/wp-json\/wp\/v2\/comments?post=132509"}],"version-history":[{"count":0,"href":"https:\/\/bluestudio.estadao.com.br\/agencia-de-comunicacao\/wp-json\/wp\/v2\/posts\/132509\/revisions"}],"wp:featuredmedia":[{"embeddable":true,"href":"https:\/\/bluestudio.estadao.com.br\/agencia-de-comunicacao\/wp-json\/wp\/v2\/media\/132510"}],"wp:attachment":[{"href":"https:\/\/bluestudio.estadao.com.br\/agencia-de-comunicacao\/wp-json\/wp\/v2\/media?parent=132509"}],"wp:term":[{"taxonomy":"category","embeddable":true,"href":"https:\/\/bluestudio.estadao.com.br\/agencia-de-comunicacao\/wp-json\/wp\/v2\/categories?post=132509"},{"taxonomy":"post_tag","embeddable":true,"href":"https:\/\/bluestudio.estadao.com.br\/agencia-de-comunicacao\/wp-json\/wp\/v2\/tags?post=132509"}],"curies":[{"name":"wp","href":"https:\/\/api.w.org\/{rel}","templated":true}]}}