{"id":128673,"date":"2026-05-01T13:57:00","date_gmt":"2026-05-01T16:57:00","guid":{"rendered":"https:\/\/bluestudio.estadao.com.br\/agencia-de-comunicacao\/prnewswire\/celebracao-mundial-do-dia-internacional-do-jazz-2026-termina-com-emocionante-concerto-global-all-star-de-chicago\/"},"modified":"2026-05-01T13:57:00","modified_gmt":"2026-05-01T16:57:00","slug":"celebracao-mundial-do-dia-internacional-do-jazz-2026-termina-com-emocionante-concerto-global-all-star-de-chicago","status":"publish","type":"post","link":"https:\/\/bluestudio.estadao.com.br\/agencia-de-comunicacao\/prnewswire\/celebracao-mundial-do-dia-internacional-do-jazz-2026-termina-com-emocionante-concerto-global-all-star-de-chicago\/","title":{"rendered":"Celebra\u00e7\u00e3o mundial do Dia Internacional do Jazz 2026 termina com emocionante concerto global All-Star de Chicago"},"content":{"rendered":"\n<div class=\"xn-content\">\n<p class=\"prntac\"><b>Milhares de apresenta\u00e7\u00f5es e eventos apresentados em mais de 190 pa\u00edses em todos os continentes<\/b><\/p>\n<p><span class=\"legendSpanClass\">CHICAGO<\/span>, <span class=\"legendSpanClass\">1 de maio de 2026<\/span> \/PRNewswire\/ &#8212; O 15\u00ba Dia Internacional do Jazz anual chegou a uma conclus\u00e3o empolgante com um hist\u00f3rico All-Star Global Concert no Dia Internacional do Jazz de 2026, a cidade anfitri\u00e3 global de Chicago.<\/p>\n<div class=\"PRN_ImbeddedAssetReference\" id=\"DivAssetPlaceHolder8386\">\n<a href=\"https:\/\/mma.prnewswire.com\/media\/2970866\/IJD_Global_Concert.html\" target=\"_blank\" rel=\"nofollow\"><img decoding=\"async\" src=\"https:\/\/mma.prnewswire.com\/media\/2970866\/IJD_Global_Concert.jpg\" \/><\/a><\/p>\n<\/div>\n<p>Este concerto altamente esperado na ic\u00f4nica Lyric Opera House de Chicago contou com mais de 40 artistas de renome mundial<b>, incluindo: Kris Bowers, Dee Dee Bridgewater, Till Br\u00f6nner, Terri Lyne Carrington, James Carter<\/b><b>, Emmet Cohen, Jacob Collier, Buddy Guy,<\/b><b>Kurt Elling<\/b>, <b>B\u00e9la Fleck<\/b>, <b>Herbie Hancock<\/b>, <b>Christian McBride<\/b>, <b>Marcus Miller<\/b>, <b>Gregory Porter<\/b>, <b>Dianne Reeves<\/b> e muitos outros.<\/p>\n<p>O All-Star Global Concert de 2026 abriu com uma vibrante sauda\u00e7\u00e3o em quatro partes \u00e0 cidade anfitri\u00e3 de Chicago, com cada apresenta\u00e7\u00e3o refletindo o profundo legado musical da cidade. Dee Dee Bridgewater e Gregory Porter deram o tom com um eletrizante dueto em &#8220;The In-Crowd&#8221;, homenageando a lenda do jazz de Chicago, Ramsey Lewis. Eles foram seguidos pelo nativo de Chicago, Herbie Hancock, que reimaginou seu sucesso de crossover &#8220;Watermelon Man&#8221;, misturando perfeitamente seu groove Blue Note dos anos 1960 com sua posterior encarna\u00e7\u00e3o jazz-funk. A celebra\u00e7\u00e3o de Chicago continuou com a lenda do blues Buddy Guy &#8211; uma figura definidora da tradi\u00e7\u00e3o do blues de Chicago &#8211; acompanhada por seu protegido Christone &#8220;Kingfish&#8221; Ingram para uma poderosa vers\u00e3o de seu vencedor do Grammy &#8220;Damn Right, I &#8216;ve Got the Blues&#8221;. Jacob Collier encerrou a homenagem de abertura com uma homenagem sincera a Quincy Jones, cuja carreira foi moldada em Chicago, com &#8220;She&#8217;s Out of My Life&#8221; e &#8220;Soul Bossa Nova&#8221;.<\/p>\n<p>A noite continuou com uma emocionante vers\u00e3o de &#8220;Seems I &#8216;m Never Tired of Loving You&#8221;, de Lizz Wright, seguida pelo inovador segmento de jazz hip-hop fusion &#8220;Funny Rabbit&#8221;, liderado por Robert Glasper no piano, com Burniss &#8220;Boom Bishop&#8221; Travis II, Justin Tyson e DJ Jahi Sundance. Em seguida, veio uma performance radiante de &#8220;Antes de Ir&#8221;, da brasileira Bia Ferreira. Fazendo jus ao seu t\u00edtulo, &#8220;Touch and Go&#8221;, B\u00e9la Fleck apresentou uma performance \u00e1gil e explorat\u00f3ria que se moveu com fluidez atrav\u00e9s do bluegrass, jazz fusion e influ\u00eancias cl\u00e1ssicas. Dianne Reeves trouxe profundidade luminosa a &#8220;In a Sentimental Mood&#8221;, capturando a eleg\u00e2ncia da escrita de Duke Ellington, enquanto Kurt Elling fez uma interpreta\u00e7\u00e3o emotiva e oscilante de &#8220;Dat Dere&#8221;, uma composi\u00e7\u00e3o de Bobby Timmons associada a Art Blakey e aos Jazz Messengers.<\/p>\n<p>\u00c0 medida que a noite chegava ao fim, uma s\u00e9rie de obras ic\u00f4nicas de jazz tomou o centro do palco. Gonzalo Rubalcaba liderou uma performance din\u00e2mica de &#8220;Caravan&#8221;, seguida de &#8220;Summertime&#8221;, de Gershwin, apresentada com um aceno \u00e0 interpreta\u00e7\u00e3o transformadora de John Coltrane, que redefiniu a pe\u00e7a como um ve\u00edculo de intensa improvisa\u00e7\u00e3o. Marcus Miller ent\u00e3o prestou homenagem ao seu ex-l\u00edder de banda Miles Davis com uma poderosa interpreta\u00e7\u00e3o de &#8220;Tutu&#8221;. O Dia Internacional do Jazz de 2026 terminou com seu final tradicional, &#8220;Imagine&#8221;, o duradouro hino de paz de John Lennon &#8211; levando o p\u00fablico a se levantar em uma celebra\u00e7\u00e3o da unidade atrav\u00e9s da m\u00fasica.<\/p>\n<p>O Dia Internacional do Jazz foi comemorado em 196 pa\u00edses e em todos os 50 estados dos EUA, por meio de performances, programas educacionais e iniciativas de servi\u00e7os comunit\u00e1rios.<\/p>\n<p>Na cidade-sede de Chicago, o Dia Internacional do Jazz foi co-presidido por Quintin Primo III, Michael Reschke e Andrew Pritzker, com grande apoio da Capri Capital, GCM Grosvenor, GRoW @ Annenberg Foundation, MacArthur Foundation, The Prime Group e TAWANI Foundation. A United, parceira a\u00e9rea global do Dia Internacional do Jazz, forneceu transporte a\u00e9reo e suporte adicional para artistas e educadores.<\/p>\n<p><b>Sobre o Dia Internacional do Jazz:<\/b> Em 2011, a Organiza\u00e7\u00e3o das Na\u00e7\u00f5es Unidas para a Educa\u00e7\u00e3o, a Ci\u00eancia e a Cultura (UNESCO) designou oficialmente o dia 30 de abril como o Dia Internacional do Jazz para destacar o jazz e seu papel diplom\u00e1tico de unir as pessoas em todos os cantos do mundo. O Dia Internacional do Jazz \u00e9 presidido e liderado pelo Diretor-Geral da UNESCO, Khaled El-Enany, e pelo lend\u00e1rio pianista e compositor de jazz Herbie Hancock, que atua como Embaixador da Boa Vontade da UNESCO para o Di\u00e1logo Intercultural. O Herbie Hancock Institute of Jazz \u00e9 a principal organiza\u00e7\u00e3o sem fins lucrativos encarregada de planejar, promover e produzir esta celebra\u00e7\u00e3o anual. O Dia Internacional do Jazz tornou-se um movimento global que alcan\u00e7a mais de um bilh\u00e3o de pessoas anualmente por meio de apresenta\u00e7\u00f5es, programas educacionais, iniciativas de divulga\u00e7\u00e3o comunit\u00e1ria, r\u00e1dio, televis\u00e3o e streaming, al\u00e9m de m\u00eddias eletr\u00f4nicas, impressas e sociais.<\/p>\n<p>Saiba mais sobre o Dia Internacional do Jazz <span>em <a href=\"https:\/\/edge.prnewswire.com\/c\/link\/?t=0&amp;l=pt&amp;o=4678529-1&amp;h=3732139734&amp;u=https%3A%2F%2Fwww.jazzday.com%2F&amp;a=www.jazzday.com\" target=\"_blank\" rel=\"nofollow\">www.jazzday.com<\/a><\/span> e <a href=\"https:\/\/edge.prnewswire.com\/c\/link\/?t=0&amp;l=pt&amp;o=4678529-1&amp;h=905097158&amp;u=https%3A%2F%2Fedge.prnewswire.com%2Fc%2Flink%2F%3Ft%3D0%26l%3Den%26o%3D4678529-1%26h%3D683607951%26u%3Dhttps%253A%252F%252Fwww.unesco.org%252Fjazzday%26a%3Dwww.unesco.org%252Fjazzday&amp;a=www.unesco.org%2Fjazzday\" target=\"_blank\" rel=\"nofollow\">www.unesco.org\/jazzday<\/a>.<\/p>\n<div id=\"prni_dvprnejpgb815left\" dir=\"ltr\" style=\"width: 800px;text-align: left\">\n<div class=\"PRN_ImbeddedAssetReference\" id=\"DivAssetPlaceHolder1214\">\n<a href=\"https:\/\/mma.prnewswire.com\/media\/2458428\/Herbie_Hancock_Institute_of_Jazz.html\" target=\"_blank\" rel=\"nofollow\"><img decoding=\"async\" src=\"https:\/\/mma.prnewswire.com\/media\/2458428\/Herbie_Hancock_Institute_of_Jazz.jpg\" title=\"Herbie Hancock Institute of Jazz (PRNewsfoto\/Herbie Hancock Institute of Jazz)\" alt=\"Herbie Hancock Institute of Jazz (PRNewsfoto\/Herbie Hancock Institute of Jazz)\" \/><\/a><\/p>\n<\/div>\n<\/div>\n<p>Foto &#8211; <a href=\"https:\/\/edge.prnewswire.com\/c\/link\/?t=0&amp;l=pt&amp;o=4678529-1&amp;h=3177893708&amp;u=https%3A%2F%2Fmma.prnewswire.com%2Fmedia%2F2970866%2FIJD_Global_Concert.jpg&amp;a=https%3A%2F%2Fmma.prnewswire.com%2Fmedia%2F2970866%2FIJD_Global_Concert.jpg\" target=\"_blank\" rel=\"nofollow\">https:\/\/mma.prnewswire.com\/media\/2970866\/IJD_Global_Concert.jpg<\/a><\/p>\n<p>Logo &#8211; <a href=\"https:\/\/edge.prnewswire.com\/c\/link\/?t=0&amp;l=pt&amp;o=4678529-1&amp;h=1537340434&amp;u=https%3A%2F%2Fedge.prnewswire.com%2Fc%2Flink%2F%3Ft%3D0%26l%3Den%26o%3D4678529-1%26h%3D2186192740%26u%3Dhttps%253A%252F%252Fmma.prnewswire.com%252Fmedia%252F2458428%252FHerbie_Hancock_Institute_of_Jazz.jpg%26a%3Dhttps%253A%252F%252Fmma.prnewswire.com%252Fmedia%252F2458428%252FHerbie_Hancock_Institute_of_Jazz.jpg&amp;a=https%3A%2F%2Fmma.prnewswire.com%2Fmedia%2F2458428%2FHerbie_Hancock_Institute_of_Jazz.jpg\" target=\"_blank\" rel=\"nofollow\">https:\/\/mma.prnewswire.com\/media\/2458428\/Herbie_Hancock_Institute_of_Jazz.jpg<\/a><\/p>\n<div class=\"PRN_ImbeddedAssetReference\" id=\"DivAssetPlaceHolder0\"><\/div>\n<p id=\"PURL\"><img loading=\"lazy\" decoding=\"async\" title=\"Cision\" width=\"12\" height=\"12\" alt=\"Cision\" src=\"https:\/\/edge.prnewswire.com\/c\/img\/favicon.png?sn=PT48971&amp;sd=2026-05-01\" \/> View original content to download multimedia:<a id=\"PRNURL\" rel=\"nofollow\" href=\"https:\/\/www.prnewswire.com\/br\/comunicados-para-a-imprensa\/celebracao-mundial-do-dia-internacional-do-jazz-2026-termina-com-emocionante-concerto-global-all-star-de-chicago-302760322.html\" target=\"_blank\">https:\/\/www.prnewswire.com\/br\/comunicados-para-a-imprensa\/celebracao-mundial-do-dia-internacional-do-jazz-2026-termina-com-emocionante-concerto-global-all-star-de-chicago-302760322.html<\/a><\/p>\n<p>FONTE Herbie Hancock Institute of Jazz<\/p>\n<\/div>\n<p>  <img decoding=\"async\" alt=\"\" src=\"https:\/\/rt.prnewswire.com\/rt.gif?NewsItemId=PT48971&amp;Transmission_Id=202605010800PR_NEWS_LATAM____PT48971&amp;DateId=20260501\" style=\"border:0px;width:1px;height:1px\" \/><\/p>\n<p><strong>T\u00f3picos Relacionados:<\/strong> Sem Fins Lucrativos, M\u00fasica, Arte, Cultura e Design, Entretenimento<\/p>\n<p>A <b>OESP<\/b> n\u00e3o \u00e9(s\u00e3o) respons\u00e1vel(is) por erros, incorre\u00e7\u00f5es, atrasos ou quaisquer decis\u00f5es tomadas por seus clientes com base nos Conte\u00fados ora disponibilizados, bem como tais Conte\u00fados n\u00e3o representam a opini\u00e3o da <b>OESP<\/b> e s\u00e3o de inteira responsabilidade da <b>PR Newswire Ltda<\/b><\/p>\n","protected":false},"excerpt":{"rendered":"Milhares de apresenta\u00e7\u00f5es e eventos apresentados em mais de 190 pa\u00edses em todos os continentes CHICAGO, 1 de maio de 2026 \/PRNewswire\/ &#8212; O 15\u00ba Dia Internacional do Jazz anual chegou a uma","protected":false},"author":1,"featured_media":128674,"comment_status":"open","ping_status":"closed","sticky":false,"template":"","format":"standard","meta":{"_acf_changed":false,"inline_featured_image":false,"_monsterinsights_skip_tracking":false,"_monsterinsights_sitenote_active":false,"_monsterinsights_sitenote_note":"","_monsterinsights_sitenote_category":0,"footnotes":""},"categories":[27],"tags":[9326],"class_list":["post-128673","post","type-post","status-publish","format-standard","has-post-thumbnail","hentry","category-prnewswire","tag-milhares-de-apresentacoes-e-eventos-apresentados-em-mais-de-190-paises-em-todos-os-continentes"],"acf":[],"_links":{"self":[{"href":"https:\/\/bluestudio.estadao.com.br\/agencia-de-comunicacao\/wp-json\/wp\/v2\/posts\/128673","targetHints":{"allow":["GET"]}}],"collection":[{"href":"https:\/\/bluestudio.estadao.com.br\/agencia-de-comunicacao\/wp-json\/wp\/v2\/posts"}],"about":[{"href":"https:\/\/bluestudio.estadao.com.br\/agencia-de-comunicacao\/wp-json\/wp\/v2\/types\/post"}],"author":[{"embeddable":true,"href":"https:\/\/bluestudio.estadao.com.br\/agencia-de-comunicacao\/wp-json\/wp\/v2\/users\/1"}],"replies":[{"embeddable":true,"href":"https:\/\/bluestudio.estadao.com.br\/agencia-de-comunicacao\/wp-json\/wp\/v2\/comments?post=128673"}],"version-history":[{"count":0,"href":"https:\/\/bluestudio.estadao.com.br\/agencia-de-comunicacao\/wp-json\/wp\/v2\/posts\/128673\/revisions"}],"wp:featuredmedia":[{"embeddable":true,"href":"https:\/\/bluestudio.estadao.com.br\/agencia-de-comunicacao\/wp-json\/wp\/v2\/media\/128674"}],"wp:attachment":[{"href":"https:\/\/bluestudio.estadao.com.br\/agencia-de-comunicacao\/wp-json\/wp\/v2\/media?parent=128673"}],"wp:term":[{"taxonomy":"category","embeddable":true,"href":"https:\/\/bluestudio.estadao.com.br\/agencia-de-comunicacao\/wp-json\/wp\/v2\/categories?post=128673"},{"taxonomy":"post_tag","embeddable":true,"href":"https:\/\/bluestudio.estadao.com.br\/agencia-de-comunicacao\/wp-json\/wp\/v2\/tags?post=128673"}],"curies":[{"name":"wp","href":"https:\/\/api.w.org\/{rel}","templated":true}]}}