{"id":128659,"date":"2026-05-01T10:12:00","date_gmt":"2026-05-01T13:12:00","guid":{"rendered":"https:\/\/bluestudio.estadao.com.br\/agencia-de-comunicacao\/prnewswire\/luft-logistics-e-aprovada-para-receber-o-selo-pro-equidade-de-genero-e-raca\/"},"modified":"2026-05-01T10:12:00","modified_gmt":"2026-05-01T13:12:00","slug":"luft-logistics-e-aprovada-para-receber-o-selo-pro-equidade-de-genero-e-raca","status":"publish","type":"post","link":"https:\/\/bluestudio.estadao.com.br\/agencia-de-comunicacao\/prnewswire\/luft-logistics-e-aprovada-para-receber-o-selo-pro-equidade-de-genero-e-raca\/","title":{"rendered":"Luft Logistics \u00e9 aprovada para receber o Selo Pr\u00f3-Equidade de G\u00eanero e Ra\u00e7a"},"content":{"rendered":"\n<div class=\"xn-content\">\n<i>Minist\u00e9rio das Mulheres publicou, em 24 de abril, a lista final das 80 empresas que valorizam a sustentabilidade e a diversidade no ambiente de trabalho. Cerim\u00f4nia de entrega da 7\u00aa edi\u00e7\u00e3o do Selo est\u00e1 marcada para 25 de maio<\/i><\/p>\n<p><span class=\"legendSpanClass\">SAO PAULO<\/span>, <span class=\"legendSpanClass\">30 de abril de 2026<\/span> \/PRNewswire\/ &#8212; O Minist\u00e9rio das Mulheres divulgou na \u00faltima sexta-feira, 24 de abril, o edital com o resultado final das empresas aptas a receber o <a href=\"https:\/\/www.gov.br\/mulheres\/pt-br\/acesso-a-informacao\/acoes-e-programas\/programa-pro-equidade-de-genero-e-raca\/7a-edicao\/Lista_FINALdasEmpresasquereceberooSELOPrEquidade.pdf\" target=\"_blank\" rel=\"nofollow\">Selo Pr\u00f3-Equidade de G\u00eanero e Ra\u00e7a &#8211; 7\u00aa edi\u00e7\u00e3o<\/a>.  A <a href=\"https:\/\/luft.com.br\/\" target=\"_blank\" rel=\"nofollow\">Luft Logistics<\/a>, dedicada \u00e0 intelig\u00eancia log\u00edstica e opera\u00e7\u00f5es de ponta a ponta, est\u00e1 na lista das 80 empresas aprovadas e aptas para receberem o reconhecimento oficial, por valorizarem a sustentabilidade e a diversidade no ambiente de trabalho.<\/p>\n<div class=\"PRN_ImbeddedAssetReference\" id=\"DivAssetPlaceHolder1\">\n<a href=\"https:\/\/mma.prnewswire.com\/media\/2970257\/Imagem.html\" target=\"_blank\" rel=\"nofollow\">  <img decoding=\"async\" src=\"https:\/\/mma.prnewswire.com\/media\/2970257\/Imagem.jpg\" title=\"\" alt=\"\" \/><\/a>\n <\/p>\n<\/p><\/div>\n<p>Em parceria com o Minist\u00e9rio da Igualdade Racial, o Minist\u00e9rio do Trabalho e Emprego, a ONU Mulheres e a Organiza\u00e7\u00e3o Internacional do Trabalho (OIT), e sob a coordena\u00e7\u00e3o do Minist\u00e9rio das Mulheres, o programa foi criado em 2005 com o objetivo de promover pr\u00e1ticas de equidade no ambiente organizacional das empresas, com \u00eanfase nas \u00e1reas de gest\u00e3o e recursos humanos.<\/p>\n<p>&#8220;Este selo nos destaca em sustentabilidade social, diversidade e compromisso com a igualdade, servindo de refer\u00eancia para outras organiza\u00e7\u00f5es interessadas em incorporar pr\u00e1ticas corporativas de equidade. Trata-se de um reconhecimento oficial por nossos esfor\u00e7os em implementar boas pr\u00e1ticas de gest\u00e3o&#8221;, afirma Ademar Domingos Pilecco, VP da Luft Logistics.<\/p>\n<p><b>Avan\u00e7os observados a partir dos novos indicadores do Programa<\/b><\/p>\n<p>Na reuni\u00e3o t\u00e9cnica da 7\u00aa edi\u00e7\u00e3o do Programa Pr\u00f3-Equidade de G\u00eanero e Ra\u00e7a, realizada em 04 de fevereiro deste ano, com o objetivo de acompanhar e debater os avan\u00e7os da iniciativa, a Ministra das Mulheres, M\u00e1rcia Lopes, comemorou os avan\u00e7os observados a partir dos novos indicadores do Programa e destacou que, entre as empresas participantes, a desigualdade salarial entre mulheres e homens \u00e9 significativamente menor do que a m\u00e9dia nacional.<\/p>\n<p>A cerim\u00f4nia de entrega do Selo Pr\u00f3-Equidade est\u00e1 marcada para 25 de maio \u00e0s empresas que, como a Luft, implementaram boas pr\u00e1ticas de valoriza\u00e7\u00e3o das mulheres no mundo do trabalho, reduzindo as desigualdades de g\u00eanero e ra\u00e7a no setor.<\/p>\n<p><b>Sobre a <\/b><a href=\"https:\/\/luft.com.br\/\" target=\"_blank\" rel=\"nofollow\"><b>Luft Logistics<\/b><\/a><b> &#8212;<\/b>Fundada em 1975 em Santa Rosa (RS), \u00e9 l\u00edder em solu\u00e7\u00f5es log\u00edsticas que impulsionam o crescimento dos neg\u00f3cios de seus clientes. Focada em potencializar vendas, reduzir custos e ampliar competitividade, a Luft integra ecossistemas e mercados com constante inova\u00e7\u00e3o. Atuando com expertise nos setores Agro, Farma e Varejo, a companhia entrega opera\u00e7\u00f5es completas, escal\u00e1veis e impulsionadas por tecnologia. Como logtech, transforma desafios operacionais em oportunidades de crescimento. Sua unidade <a href=\"https:\/\/agrega.com.br\/\" target=\"_blank\" rel=\"nofollow\">Agrega<\/a> \u00e9 a plataforma estrat\u00e9gica para marcas (agro e varejo) que buscam expans\u00e3o nos canais digitais, oferecendo gest\u00e3o integrada de e-commerce, marketplaces, opera\u00e7\u00e3o comercial, atendimento, performance e fulfillment. Suas solu\u00e7\u00f5es transformam complexidade operacional em crescimento de vendas, conectando empresas aos principais canais de consumo com efici\u00eancia e escala. Mais informa\u00e7\u00f5es podem ser encontradas no <a href=\"https:\/\/luft.com.br\/\" target=\"_blank\" rel=\"nofollow\">Site<\/a>, <a href=\"https:\/\/www.linkedin.com\/company\/luft-logistics\" target=\"_blank\" rel=\"nofollow\">LinkedIn<\/a>, <a href=\"https:\/\/www.instagram.com\/luft_logistics\/\" target=\"_blank\" rel=\"nofollow\">Instagram<\/a>, <a href=\"https:\/\/www.facebook.com\/luftlogistics\/\" target=\"_blank\" rel=\"nofollow\">Facebook<\/a> e <a href=\"https:\/\/www.tiktok.com\/@luftlogistics\" target=\"_blank\" rel=\"nofollow\">TikTok<\/a>. Contatos Comerciais: Luft Agro: (11) 96451-0140 \/ Luft Healthcare: (11) 99106-2715 \/ Luft Solutions: +55 (11) 91541-7802.<\/p>\n<p><b>Informa\u00e7\u00f5es \u00e0 Imprensa: <br \/><\/b><a href=\"https:\/\/www.agcomunicado.com\/\" target=\"_blank\" rel=\"nofollow\"><b>Ag\u00eancia Comunicado<\/b><\/a><span>  <\/span><\/p>\n<p><span>Foto &#8211; <a href=\"https:\/\/mma.prnewswire.com\/media\/2970257\/Imagem.jpg\" target=\"_blank\" rel=\"nofollow\">https:\/\/mma.prnewswire.com\/media\/2970257\/Imagem.jpg<\/a><\/span><\/p>\n<p id=\"PURL\"><img loading=\"lazy\" decoding=\"async\" title=\"Cision\" width=\"12\" height=\"12\" alt=\"Cision\" src=\"https:\/\/edge.prnewswire.com\/c\/img\/favicon.png?sn=PT48064&amp;sd=2026-05-01\" \/> View original content to download multimedia:<a id=\"PRNURL\" rel=\"nofollow\" href=\"https:\/\/www.prnewswire.com\/br\/comunicados-para-a-imprensa\/luft-logistics-e-aprovada-para-receber-o-selo-pro-equidade-de-genero-e-raca-302758885.html\" target=\"_blank\">https:\/\/www.prnewswire.com\/br\/comunicados-para-a-imprensa\/luft-logistics-e-aprovada-para-receber-o-selo-pro-equidade-de-genero-e-raca-302758885.html<\/a><\/p>\n<p>FONTE Luft Logistics<\/p>\n<\/div>\n<p>  <img decoding=\"async\" alt=\"\" src=\"https:\/\/rt.prnewswire.com\/rt.gif?NewsItemId=PT48064&amp;Transmission_Id=202605010900PR_NEWS_LATAM____PT48064&amp;DateId=20260501\" style=\"border:0px;width:1px;height:1px\" \/><\/p>\n<p><strong>T\u00f3picos Relacionados:<\/strong> Transporte \/ Caminh\u00f5es \/ Ferrovias, Cadeia de Suprimentos\/Log\u00edstica, Not\u00edcias Relacionadas a Mulheres, Varejo, Pr\u00eamios, Diversidade, Equidade e Inclus\u00e3o, Computador\/Eletr\u00f4nica<\/p>\n<p>A <b>OESP<\/b> n\u00e3o \u00e9(s\u00e3o) respons\u00e1vel(is) por erros, incorre\u00e7\u00f5es, atrasos ou quaisquer decis\u00f5es tomadas por seus clientes com base nos Conte\u00fados ora disponibilizados, bem como tais Conte\u00fados n\u00e3o representam a opini\u00e3o da <b>OESP<\/b> e s\u00e3o de inteira responsabilidade da <b>PR Newswire Ltda<\/b><\/p>\n","protected":false},"excerpt":{"rendered":"Minist\u00e9rio das Mulheres publicou, em 24 de abril, a lista final das 80 empresas que valorizam a sustentabilidade e a diversidade no ambiente de trabalho. Cerim\u00f4nia de entrega da 7\u00aa edi\u00e7\u00e3o do Selo","protected":false},"author":1,"featured_media":128660,"comment_status":"open","ping_status":"closed","sticky":false,"template":"","format":"standard","meta":{"_acf_changed":false,"inline_featured_image":false,"_monsterinsights_skip_tracking":false,"_monsterinsights_sitenote_active":false,"_monsterinsights_sitenote_note":"","_monsterinsights_sitenote_category":0,"footnotes":""},"categories":[27],"tags":[9307,9308,9306],"class_list":["post-128659","post","type-post","status-publish","format-standard","has-post-thumbnail","hentry","category-prnewswire","tag-24-de-abril","tag-o-edital-com-o-resultado-final-das-empresas-aptas-a-receber-o-selo-pro-equidade-de-genero-e-raca-7a-edicao","tag-o-ministerio-das-mulheres-divulgou-na-ultima-sexta-feira"],"acf":[],"_links":{"self":[{"href":"https:\/\/bluestudio.estadao.com.br\/agencia-de-comunicacao\/wp-json\/wp\/v2\/posts\/128659","targetHints":{"allow":["GET"]}}],"collection":[{"href":"https:\/\/bluestudio.estadao.com.br\/agencia-de-comunicacao\/wp-json\/wp\/v2\/posts"}],"about":[{"href":"https:\/\/bluestudio.estadao.com.br\/agencia-de-comunicacao\/wp-json\/wp\/v2\/types\/post"}],"author":[{"embeddable":true,"href":"https:\/\/bluestudio.estadao.com.br\/agencia-de-comunicacao\/wp-json\/wp\/v2\/users\/1"}],"replies":[{"embeddable":true,"href":"https:\/\/bluestudio.estadao.com.br\/agencia-de-comunicacao\/wp-json\/wp\/v2\/comments?post=128659"}],"version-history":[{"count":0,"href":"https:\/\/bluestudio.estadao.com.br\/agencia-de-comunicacao\/wp-json\/wp\/v2\/posts\/128659\/revisions"}],"wp:featuredmedia":[{"embeddable":true,"href":"https:\/\/bluestudio.estadao.com.br\/agencia-de-comunicacao\/wp-json\/wp\/v2\/media\/128660"}],"wp:attachment":[{"href":"https:\/\/bluestudio.estadao.com.br\/agencia-de-comunicacao\/wp-json\/wp\/v2\/media?parent=128659"}],"wp:term":[{"taxonomy":"category","embeddable":true,"href":"https:\/\/bluestudio.estadao.com.br\/agencia-de-comunicacao\/wp-json\/wp\/v2\/categories?post=128659"},{"taxonomy":"post_tag","embeddable":true,"href":"https:\/\/bluestudio.estadao.com.br\/agencia-de-comunicacao\/wp-json\/wp\/v2\/tags?post=128659"}],"curies":[{"name":"wp","href":"https:\/\/api.w.org\/{rel}","templated":true}]}}