{"id":128650,"date":"2026-05-01T08:12:00","date_gmt":"2026-05-01T11:12:00","guid":{"rendered":"https:\/\/bluestudio.estadao.com.br\/agencia-de-comunicacao\/prnewswire\/o-avanco-disruptivo-da-inovacao-tecnologica-medica-no-brasil\/"},"modified":"2026-05-01T08:12:00","modified_gmt":"2026-05-01T11:12:00","slug":"o-avanco-disruptivo-da-inovacao-tecnologica-medica-no-brasil","status":"publish","type":"post","link":"https:\/\/bluestudio.estadao.com.br\/agencia-de-comunicacao\/prnewswire\/o-avanco-disruptivo-da-inovacao-tecnologica-medica-no-brasil\/","title":{"rendered":"O avan\u00e7o disruptivo da Inova\u00e7\u00e3o tecnol\u00f3gica m\u00e9dica no Brasil"},"content":{"rendered":"\n<div class=\"xn-content\">\n<p class=\"prntac\"><b>Parceria exclusiva entre Innocare.DR e EDAN posiciona o pa\u00eds no radar global da inova\u00e7\u00e3o em sa\u00fade<\/b><\/p>\n<p><span class=\"legendSpanClass\">S\u00c3O PAULO<\/span>, <span class=\"legendSpanClass\">1 de maio de 2026<\/span> \/PRNewswire\/ &#8212; Em um movimento estrat\u00e9gico que refor\u00e7a o protagonismo da inova\u00e7\u00e3o em equipamentos para o setor da sa\u00fade, a Innocare.DR firma parceria exclusiva com a EDAN, gigante global de tecnologia m\u00e9dica, avan\u00e7ando em sua expans\u00e3o na Am\u00e9rica Latina.<\/p>\n<div class=\"PRN_ImbeddedAssetReference\" id=\"DivAssetPlaceHolder1\">\n<a href=\"https:\/\/mma.prnewswire.com\/media\/2970564\/IMG_3980.html\" target=\"_blank\" rel=\"nofollow\">  <img decoding=\"async\" src=\"https:\/\/mma.prnewswire.com\/media\/2970564\/IMG_3980.jpg\" title=\"\" alt=\"\" \/><\/a>\n <\/p>\n<\/p><\/div>\n<p>Presente em mais de 170 pa\u00edses, forte investimento em pesquisa e portf\u00f3lio com mais de 1.200 patentes, a companhia chinesa encontrou no Brasil um aliado para ampliar o acesso a solu\u00e7\u00f5es m\u00e9dicas de alta performance. A parceria combina a robustez tecnol\u00f3gica e capacidade produtiva da EDAN com o conhecimento em inova\u00e7\u00e3o dos produtos no mercado e a atua\u00e7\u00e3o local da Innocare.DR, criando um eixo relevante para distribui\u00e7\u00e3o, suporte e desenvolvimento no setor de diagn\u00f3stico e monitoramento cl\u00ednico.<\/p>\n<p>Para al\u00e9m dos n\u00fameros, esta parceria sinaliza uma mudan\u00e7a importante na din\u00e2mica do mercado: o fortalecimento de conex\u00f5es globais com impacto direto no acesso \u00e0 sa\u00fade. Com isso, a Innocare.DR refor\u00e7a o seu compromisso com inova\u00e7\u00e3o tecnol\u00f3gica em diagn\u00f3stico e solu\u00e7\u00f5es inteligentes, apresentando novos produtos ao mercado brasileiro. \u00c9 o caso dos novos Sistemas de Ultrassom &#8220;Acclarix LX25&#8221; e &#8220;Acclarix LX85&#8221;, sendo este o primeiro sistema em carrinho equipado com a plataforma &#8220;SynSight Zone&#8221; que entrega alta performance de imagem aliada a ferramentas inteligentes de medi\u00e7\u00e3o, capazes de apoiar diagn\u00f3sticos mais precisos e otimizar o fluxo de exames de rotina.<\/p>\n<p>Para saber mais sobre as solu\u00e7\u00f5es e parcerias, a Innocare.Dr disponibiliza seus canais oficiais de atendimento para empresas e institui\u00e7\u00f5es de sa\u00fade interessadas em solu\u00e7\u00f5es inovadoras na \u00e1rea de diagn\u00f3stico por imagem no territ\u00f3rio nacional. O contato pode ser feito por meio do site institucional, redes sociais e equipe comercial, que atua diretamente no suporte e na implementa\u00e7\u00e3o das tecnologias em todo o territ\u00f3rio nacional.<\/p>\n<p>Foto &#8211; <a href=\"https:\/\/mma.prnewswire.com\/media\/2970564\/IMG_3980.jpg\" target=\"_blank\" rel=\"nofollow\">https:\/\/mma.prnewswire.com\/media\/2970564\/IMG_3980.jpg<\/a><\/p>\n<p id=\"PURL\"><img loading=\"lazy\" decoding=\"async\" title=\"Cision\" width=\"12\" height=\"12\" alt=\"Cision\" src=\"https:\/\/edge.prnewswire.com\/c\/img\/favicon.png?sn=PT48489&amp;sd=2026-05-01\" \/> View original content to download multimedia:<a id=\"PRNURL\" rel=\"nofollow\" href=\"https:\/\/www.prnewswire.com\/br\/comunicados-para-a-imprensa\/o-avanco-disruptivo-da-inovacao-tecnologica-medica-no-brasil-302759405.html\" target=\"_blank\">https:\/\/www.prnewswire.com\/br\/comunicados-para-a-imprensa\/o-avanco-disruptivo-da-inovacao-tecnologica-medica-no-brasil-302759405.html<\/a><\/p>\n<p>FONTE Innocare.DR<\/p>\n<\/div>\n<p>  <img decoding=\"async\" alt=\"\" src=\"https:\/\/rt.prnewswire.com\/rt.gif?NewsItemId=PT48489&amp;Transmission_Id=202605010700PR_NEWS_LATAM____PT48489&amp;DateId=20260501\" style=\"border:0px;width:1px;height:1px\" \/><\/p>\n<p><strong>T\u00f3picos Relacionados:<\/strong> M\u00e9dico \/ Farmac\u00eautico, Equipamento M\u00e9dico, Joint Ventures, Sa\u00fade\/Hospitais, Computador\/Eletr\u00f4nica<\/p>\n<p>A <b>OESP<\/b> n\u00e3o \u00e9(s\u00e3o) respons\u00e1vel(is) por erros, incorre\u00e7\u00f5es, atrasos ou quaisquer decis\u00f5es tomadas por seus clientes com base nos Conte\u00fados ora disponibilizados, bem como tais Conte\u00fados n\u00e3o representam a opini\u00e3o da <b>OESP<\/b> e s\u00e3o de inteira responsabilidade da <b>PR Newswire Ltda<\/b><\/p>\n","protected":false},"excerpt":{"rendered":"Parceria exclusiva entre Innocare.DR e EDAN posiciona o pa\u00eds no radar global da inova\u00e7\u00e3o em sa\u00fade S\u00c3O PAULO, 1 de maio de 2026 \/PRNewswire\/ &#8212; Em um movimento estrat\u00e9gico que refor\u00e7a o","protected":false},"author":1,"featured_media":128651,"comment_status":"open","ping_status":"closed","sticky":false,"template":"","format":"standard","meta":{"_acf_changed":false,"inline_featured_image":false,"_monsterinsights_skip_tracking":false,"_monsterinsights_sitenote_active":false,"_monsterinsights_sitenote_note":"","_monsterinsights_sitenote_category":0,"footnotes":""},"categories":[27],"tags":[9297],"class_list":["post-128650","post","type-post","status-publish","format-standard","has-post-thumbnail","hentry","category-prnewswire","tag-parceria-exclusiva-entre-innocare-dr-e-edan-posiciona-o-pais-no-radar-global-da-inovacao-em-saude"],"acf":[],"_links":{"self":[{"href":"https:\/\/bluestudio.estadao.com.br\/agencia-de-comunicacao\/wp-json\/wp\/v2\/posts\/128650","targetHints":{"allow":["GET"]}}],"collection":[{"href":"https:\/\/bluestudio.estadao.com.br\/agencia-de-comunicacao\/wp-json\/wp\/v2\/posts"}],"about":[{"href":"https:\/\/bluestudio.estadao.com.br\/agencia-de-comunicacao\/wp-json\/wp\/v2\/types\/post"}],"author":[{"embeddable":true,"href":"https:\/\/bluestudio.estadao.com.br\/agencia-de-comunicacao\/wp-json\/wp\/v2\/users\/1"}],"replies":[{"embeddable":true,"href":"https:\/\/bluestudio.estadao.com.br\/agencia-de-comunicacao\/wp-json\/wp\/v2\/comments?post=128650"}],"version-history":[{"count":0,"href":"https:\/\/bluestudio.estadao.com.br\/agencia-de-comunicacao\/wp-json\/wp\/v2\/posts\/128650\/revisions"}],"wp:featuredmedia":[{"embeddable":true,"href":"https:\/\/bluestudio.estadao.com.br\/agencia-de-comunicacao\/wp-json\/wp\/v2\/media\/128651"}],"wp:attachment":[{"href":"https:\/\/bluestudio.estadao.com.br\/agencia-de-comunicacao\/wp-json\/wp\/v2\/media?parent=128650"}],"wp:term":[{"taxonomy":"category","embeddable":true,"href":"https:\/\/bluestudio.estadao.com.br\/agencia-de-comunicacao\/wp-json\/wp\/v2\/categories?post=128650"},{"taxonomy":"post_tag","embeddable":true,"href":"https:\/\/bluestudio.estadao.com.br\/agencia-de-comunicacao\/wp-json\/wp\/v2\/tags?post=128650"}],"curies":[{"name":"wp","href":"https:\/\/api.w.org\/{rel}","templated":true}]}}